{"id":53338,"date":"2024-11-02T14:14:26","date_gmt":"2024-11-02T17:14:26","guid":{"rendered":"https:\/\/temucotelevision.cl\/web\/?p=53338"},"modified":"2024-11-02T14:14:28","modified_gmt":"2024-11-02T17:14:28","slug":"con-inteligencia-artificial-colaboraciones-artisticas-y-figuras-internacionales-teleton-anuncia-parrilla-completa-del-programa-de-tv-del-8-y-9-de-noviembre","status":"publish","type":"post","link":"https:\/\/temucotelevision.cl\/web\/2024\/11\/02\/con-inteligencia-artificial-colaboraciones-artisticas-y-figuras-internacionales-teleton-anuncia-parrilla-completa-del-programa-de-tv-del-8-y-9-de-noviembre\/","title":{"rendered":"Con Inteligencia Artificial, colaboraciones art\u00edsticas y figuras internacionales: Telet\u00f3n anuncia parrilla completa del programa de TV del 8 y 9 de noviembre\u00a0"},"content":{"rendered":"<div class=\"pvc_clear\"><\/div><p id=\"pvc_stats_53338\" class=\"pvc_stats total_only  \" data-element-id=\"53338\" style=\"\"><i class=\"pvc-stats-icon large\" aria-hidden=\"true\"><svg aria-hidden=\"true\" focusable=\"false\" data-prefix=\"far\" data-icon=\"chart-bar\" role=\"img\" xmlns=\"http:\/\/www.w3.org\/2000\/svg\" viewBox=\"0 0 512 512\" class=\"svg-inline--fa fa-chart-bar fa-w-16 fa-2x\"><path fill=\"currentColor\" d=\"M396.8 352h22.4c6.4 0 12.8-6.4 12.8-12.8V108.8c0-6.4-6.4-12.8-12.8-12.8h-22.4c-6.4 0-12.8 6.4-12.8 12.8v230.4c0 6.4 6.4 12.8 12.8 12.8zm-192 0h22.4c6.4 0 12.8-6.4 12.8-12.8V140.8c0-6.4-6.4-12.8-12.8-12.8h-22.4c-6.4 0-12.8 6.4-12.8 12.8v198.4c0 6.4 6.4 12.8 12.8 12.8zm96 0h22.4c6.4 0 12.8-6.4 12.8-12.8V204.8c0-6.4-6.4-12.8-12.8-12.8h-22.4c-6.4 0-12.8 6.4-12.8 12.8v134.4c0 6.4 6.4 12.8 12.8 12.8zM496 400H48V80c0-8.84-7.16-16-16-16H16C7.16 64 0 71.16 0 80v336c0 17.67 14.33 32 32 32h464c8.84 0 16-7.16 16-16v-16c0-8.84-7.16-16-16-16zm-387.2-48h22.4c6.4 0 12.8-6.4 12.8-12.8v-70.4c0-6.4-6.4-12.8-12.8-12.8h-22.4c-6.4 0-12.8 6.4-12.8 12.8v70.4c0 6.4 6.4 12.8 12.8 12.8z\" class=\"\"><\/path><\/svg><\/i> <img loading=\"lazy\" decoding=\"async\" width=\"16\" height=\"16\" alt=\"Loading\" src=\"https:\/\/temucotelevision.cl\/web\/wp-content\/plugins\/page-views-count\/ajax-loader-2x.gif\" border=0 \/><\/p><div class=\"pvc_clear\"><\/div>\n<ul class=\"wp-block-list\">\n<li>M\u00e1s de 50 n\u00fameros en escena, m\u00fasica, humor, rostros de televisi\u00f3n, influencers y deportistas ser\u00e1n parte de los bloques de la trasmisi\u00f3n de 27 horas que este a\u00f1o tambi\u00e9n podr\u00e1 ser vista en se\u00f1ales alternativas de canales de TV y sus plataformas digitales.\u00a0<\/li>\n\n\n\n<li>El bloque cierre de la jornada solidaria, por segundo a\u00f1o consecutivo, se realizar\u00e1 en el anfiteatro de la Quinta Vergara.\u00a0<\/li>\n<\/ul>\n\n\n\n<p>A poco de que comience la Telet\u00f3n 2024, el equipo realizador del programa televisivo convoc\u00f3 una reuni\u00f3n de trabajo con los animadores, embajadores e influencers que participar\u00e1n de la transmisi\u00f3n de 27 horas del pr\u00f3ximo 8 y 9 de noviembre.&nbsp;<\/p>\n\n\n\n<p>En la ocasi\u00f3n, se detall\u00f3 la estructura del programa y pormenores de la marat\u00f3nica transmisi\u00f3n que se emitir\u00e1 por los canales de TV abierta asociados a Anatel.<\/p>\n\n\n\n<p>Este a\u00f1o el programa volver\u00e1 a tener sus tradicionales seis bloques televisivos desde el Teatro Telet\u00f3n, con un gran cierre desde el anfiteatro de la Quinta Vergara, en Vi\u00f1a del Mar.<\/p>\n\n\n\n<p>Juan Pablo Gonz\u00e1lez, director general del programa televisivo, explic\u00f3 que llevar por segunda vez el cierre de la Telet\u00f3n a la regi\u00f3n de Valpara\u00edso permite descentralizar el evento y, a la vez, agradecer a las regiones por el importante apoyo que dan a la cruzada.<\/p>\n\n\n\n<p>\u201cLa Telet\u00f3n es un evento con una enorme tradici\u00f3n en Chile, que cada a\u00f1o saca lo mejor de cada uno de nosotros. Llevar algo de esto a regiones es fundamental y con la experiencia del a\u00f1o pasado, quisimos repetir la clausura en el escenario m\u00e1s importante del pa\u00eds y Latinoam\u00e9rica, como es la Quinta Vergara\u201d, se\u00f1al\u00f3 Gonz\u00e1lez.&nbsp;<\/p>\n\n\n\n<p><strong>Inteligencia Artificial y dos cl\u00e1sicos que regresan<\/strong><\/p>\n\n\n\n<p>La producci\u00f3n tras la obertura de la Telet\u00f3n 2024 prepara una sorpresa especial relacionada con las nuevas tecnolog\u00edas y el uso de la Inteligencia Artificial, para conectar a la audiencia con un momento especial del programa. Este inicio tambi\u00e9n incorporar\u00e1 elementos de humor y de baile con la participaci\u00f3n de diversas figuras y rostros de la televisi\u00f3n y la cultura popular chilena.<\/p>\n\n\n\n<p>\u201cLa idea es que podamos transmitir de manera muy clara y directa el mensaje de esta Telet\u00f3n\u2026 Que hace referencia a que el trabajo que hacen los institutos y sus equipos es posible por lo que hacemos todos juntos, en la campa\u00f1a y todos los d\u00edas. Por eso hemos incluido a los rostros m\u00e1s representativos de los canales de televisi\u00f3n, para mostrar esa uni\u00f3n que es parte de los or\u00edgenes de esta causa\u201d, adelant\u00f3 Gonz\u00e1lez.&nbsp;<\/p>\n\n\n\n<p>Este a\u00f1o Telet\u00f3n y la Asociaci\u00f3n Nacional de Televisi\u00f3n (Anatel) alcanzaron un in\u00e9dito acuerdo que permitir\u00e1 que el programa sea transmitido a trav\u00e9s de las distintas se\u00f1ales y plataformas digitales de los canales de televisi\u00f3n.&nbsp;<\/p>\n\n\n\n<p>El director ejecutivo de la Fundaci\u00f3n Telet\u00f3n, Benjam\u00edn D\u00edaz, explic\u00f3 que esto ayudar\u00e1 no solo a la visibilidad del evento, sino a que las distintas audiencias puedan seguir de manera \u00edntegra algunos eventos que antes solo ten\u00edan una exposici\u00f3n breve en la se\u00f1al abierta.<\/p>\n\n\n\n<p>\u201cGracias a un convenio con los canales de televisi\u00f3n agrupados en Anatel, el programa tendr\u00e1 visibilidad en m\u00faltiples se\u00f1ales, incluyendo los canales de noticias y las plataformas digitales. Esta iniciativa, le dar\u00e1 a Telet\u00f3n una mayor exposici\u00f3n y alcance para que distintas audiencias puedan seguir los contenidos que m\u00e1s les interesen en su totalidad. Por ejemplo, la tradicional corrida Banco de Chile, podr\u00e1 ser seguida desde la previa hasta que el \u00faltimo deportista llegue a la meta, recogiendo sus historias y todo lo que se genere en torno a esta actividad deportiva\u201d, detall\u00f3 D\u00edaz.&nbsp;<\/p>\n\n\n\n<p><strong>Artistas nacionales e internacionales<\/strong><\/p>\n\n\n\n<p>El programa Telet\u00f3n 2024 cuenta con una variada parrilla de artistas tanto nacionales como internacionales, entre los que destacan dos cl\u00e1sicos rom\u00e1nticos: Emmanuel y Mijares, \u00edconos de la balada pop en espa\u00f1ol.<\/p>\n\n\n\n<p>En tanto, el puertorrique\u00f1o Luis Fonsi se har\u00e1 presente por octava vez en el programa Telet\u00f3n, espec\u00edficamente en la tarde del s\u00e1bado 9 de noviembre.<\/p>\n\n\n\n<p>Tambi\u00e9n se presentar\u00e1n dos emblem\u00e1ticos representantes nacionales de la cumbia: La Sonora de Tommy Rey y La Sonora Palacios, en un formato frente a frente.<\/p>\n\n\n\n<p>Otras de las figuras internacionales que estar\u00e1 ser\u00e1 el espa\u00f1ol Alex Ubago, quien cuenta con m\u00e1s de 20 a\u00f1os de carrera y m\u00e1s de 1.000 millones de reproducciones en Spotify y YouTube.<\/p>\n\n\n\n<p>Tambi\u00e9n estar\u00e1 en la Quinta Vergara, Illapu, banda nacional con m\u00e1s de 50 a\u00f1os de trayectoria y que, adem\u00e1s, ha sido parte de la Gira Telet\u00f3n por el norte de Chile y que pronto iniciar\u00e1 su tramo sur.<\/p>\n\n\n\n<p>Al&nbsp;<em>line up&nbsp;<\/em>de artistas se sumar\u00e1 tambi\u00e9n La Combo Tortuga, ganadores de los premios Pulsar en 2019 y parte de los int\u00e9rpretes del himno de la Telet\u00f3n 2024 junto a Kidd Voodoo, Pablito Pesadilla y Leo Muena, expaciente de la instituci\u00f3n.<\/p>\n\n\n\n<p>Entre otras figuras que se presentar\u00e1n en la Quinta Vergara, destaca el romanticismo de Myriam Hern\u00e1ndez, figura chilena con una destacada trayectoria internacional; el espa\u00f1ol, David Bisbal; el cantante urbano y compositor estadounidense Justin Quiles; el grupo musical italiano \u201cIl Volo\u201d; adem\u00e1s de Cris Mj, el chileno m\u00e1s escuchado en todo el mundo y recientemente galardonado con un premio Billboard.<\/p>\n\n\n\n<p><strong>Sorpresas, cl\u00e1sicos y reuniones in\u00e9ditas en el humor<\/strong><\/p>\n\n\n\n<p>El humor es una pieza clave en cada Telet\u00f3n y este a\u00f1o no ser\u00e1 diferente. En el bloque de inicio se presentar\u00e1, por primera vez, el comediante Luis Slimming, quien ha cosechado una gran temporada que se inici\u00f3 a comienzos de a\u00f1o con su exitosa presentaci\u00f3n en el Festival de Vi\u00f1a del Mar.<\/p>\n\n\n\n<p>Un cl\u00e1sico, nuevamente del cierre en la Quinta Vergara, ser\u00e1 Stefan Kramer, quien es parte de la Telet\u00f3n desde 2008.&nbsp;<\/p>\n\n\n\n<p>En el bloque de trasnoche, en tanto, se producir\u00e1 un in\u00e9dito y esperado reencuentro con el regreso de \u201cEl Muro\u201d, espacio que alcanz\u00f3 popularidad en el programa \u201cMorand\u00e9 Con Compa\u00f1\u00eda\u201d y que incluye en su f\u00f3rmula la participaci\u00f3n de diversos comediantes, entre ellos, Beto Espinoza y Bel\u00e9n Mora (Belenaza).<\/p>\n\n\n\n<p>Tambi\u00e9n, y despu\u00e9s de varios a\u00f1os de ausencia, regresa a Telet\u00f3n el emblem\u00e1tico conductor de este espacio Kike Morand\u00e9 quien retoma su rol de conductor de \u201cEl Muro\u201d.&nbsp;<\/p>\n\n\n\n<p>\u201cEl concepto&nbsp;<em>juntos<\/em>&nbsp;tambi\u00e9n estar\u00e1 presente en el humor. El regreso de \u2018El Muro\u2019 marca una tradici\u00f3n de Telet\u00f3n que es reunir en torno a este importante escenario a un grupo que dej\u00f3 de estar en la TV, y que hoy vuelve con todo su talento y creatividad. Junto a todos ellos reaparece en televisi\u00f3n y en Telet\u00f3n, el animador Kike Morand\u00e9\u201d, dijo Juan Pablo Gonz\u00e1lez.&nbsp;<\/p>\n\n\n\n<p><strong>Cumbre Ax\u00e9, duelo de generaciones<\/strong><\/p>\n\n\n\n<p>Otro esperado reencuentro que tendr\u00e1 Telet\u00f3n 2024 ser\u00e1 el de Ax\u00e9 Bah\u00eda y Porto Seguro, agrupaciones que llevan tiempo preparando un show en conjunto y que prometen mantener despierto a Chile durante el trasnoche del programa.<\/p>\n\n\n\n<p>Ambos grupos se transformar\u00e1n en uno solo, con la participaci\u00f3n de Bruno Zaretti, Flaviana Seeling, Francini Amaral, Paloma Fiuza, Viv\u00ed Rodrigues y Thiago Cunha.&nbsp;<\/p>\n\n\n\n<p>Para el Bloque 5, se producir\u00e1 un particular cruce entre famosos y sus hijos, en un duelo de generaciones donde estar\u00e1n Diana Bolocco y su hijo Pir\u00fa Cisternas; Rafael Araneda y Florencia Araneda; Ang\u00e9lica Castro y Laura de la Fuente; y Claudia Conserva con su hijo Renato Valdivia. Todos ellos se enfrentar\u00e1n en una trivia que tiene como prop\u00f3sito saber cu\u00e1nto saben el uno del otro.&nbsp;<\/p>\n\n\n\n<p>Otros famosos tambi\u00e9n tendr\u00e1n un particular reto al desafiarse a mostrar su talento en la imitaci\u00f3n. El periodista y conductor de Mega, Jos\u00e9 Antonio Neme, se presentar\u00e1 como Chayanne; la modelo e influencer, Cot\u00e9 L\u00f3pez, lo har\u00e1 como Karol G; Daniela Ar\u00e1nguiz representar\u00e1 a Shakira; y Javiera Contador y Fernando Larra\u00edn rendir\u00e1n tributo a Pimpinela.<\/p>\n\n\n\n<p>El premio Nacional de Artes Musicales 2024, Valent\u00edn Trujillo, se presentar\u00e1 en el Teatro Telet\u00f3n junto al coro de ni\u00f1os del Centro Cultural de San Joaqu\u00edn, en un espect\u00e1culo que busca retribuir con su m\u00fasica el cari\u00f1o de la gente.<\/p>\n\n\n\n<p><strong>El Pulso Digital y la Digit\u00f3n 2024<\/strong><\/p>\n\n\n\n<p>Este a\u00f1o, el nuevo \u201cPulso Digital\u201d de la Telet\u00f3n tendr\u00e1 como principal objetivo dar presencia a todas las personas y organizaciones sociales que apoyan a Telet\u00f3n en un ecosistema digital, representados por embajadores de Telet\u00f3n.&nbsp;<\/p>\n\n\n\n<p>Habr\u00e1, por ejemplo, retos comunales a cargo de los medallistas ol\u00edmpicos como Francisca Crovetto y Fernando Gonz\u00e1lez; la subasta Lucat\u00f3n con el periodista deportivo Jorge G\u00f3mez \u201cPelotazo\u201d, mientras que la mirada de los Voluntarios de Chile y el mundo estar\u00e1 a cargo de la medallista ol\u00edmpica de para canotaje en Par\u00eds 2024, Katherine Wollermann y el actor Fernando Godoy.&nbsp;<\/p>\n\n\n\n<p>En el \u00e1rea de las redes sociales y Digit\u00f3n las embajadoras ser\u00e1n las influencers, Ignacia Antonia y Rosario Bravo.<\/p>\n\n\n\n<p>Tambi\u00e9n estar\u00e1n alternando algunas de estas duplas, el capit\u00e1n de la Copa Davis y doble medallista ol\u00edmpico, Nicol\u00e1s Mass\u00fa, el medallista paral\u00edmpico Alberto Abarza y las comediantes Pamela Leiva y Maly Jorquiera, entre otros.&nbsp;<\/p>\n\n\n\n<p>Al igual que el a\u00f1o pasado, tambi\u00e9n se emitir\u00e1 la \u201cDigit\u00f3n\u201d, transmisi\u00f3n para plataformas digitales enfocada en las audiencias de generaciones m\u00e1s j\u00f3venes. Participar\u00e1n 50 influencers y creadores de contenido, habr\u00e1 una cobertura especial para la final de E-Sports Telet\u00f3n y el backstage de las 27 horas de programa, incluyendo el cierre en la Quinta Vergara y eventos deportivos como la corrida Banco de Chile y una competencia de karting que estar\u00e1 comentada por Eliseo Salazar y Claudio Palma.&nbsp;<\/p>\n\n\n\n<p>El programa televisivo Telet\u00f3n 2024 se realizar\u00e1 el viernes 08 y s\u00e1bado 09 de noviembre desde el Teatro Telet\u00f3n, con un espectacular cierre en la Quinta Vergara, el escenario m\u00e1s importante de Chile y Latinoam\u00e9rica.&nbsp;<\/p>\n\n\n\n<p><strong>BLOQUE 1: OBERTURA (22.00 PM &#8211; 02.00 AM)<\/strong><\/p>\n\n\n\n<p><strong>Director a cargo: Roberto Mondaca<\/strong><\/p>\n\n\n\n<p>&#8211; Obertura que mezclar\u00e1 el humor, la m\u00fasica y una sorpresa relacionada con la&nbsp;<strong>Inteligencia Artificial<\/strong><\/p>\n\n\n\n<p>&#8211;&nbsp;<strong>Emmanuel &amp; Mijares (Show musical internacional)<\/strong><\/p>\n\n\n\n<p>&#8211; Una participaci\u00f3n especial de los cuequeros del momento,&nbsp;<strong>Entremares<\/strong><\/p>\n\n\n\n<p>&#8211; El humor con&nbsp;<strong>Luis Slimming&nbsp;<\/strong><\/p>\n\n\n\n<p>&#8211; El cantante urbano&nbsp;<strong>Kidd Voodoo<\/strong><\/p>\n\n\n\n<p>&#8211;&nbsp;<strong>Pulso digital con desaf\u00edos y retos a lo largo de las 27 horas de amor<\/strong><\/p>\n\n\n\n<p><strong>&#8211; 25 Reportajes repartidos a lo largo del programa<\/strong><\/p>\n\n\n\n<p>&#8211; Durante toda la transmisi\u00f3n promoveremos la donaci\u00f3n digital y el c\u00f3digo QR para realizar donaciones en aquellos horarios donde el banco est\u00e9 cerrado.<\/p>\n\n\n\n<p><strong>BLOQUE 2 \u2013 TRASNOCHE (02.00 AM &#8211; 08.00 AM)<\/strong><\/p>\n\n\n\n<p><strong>Director a cargo: Rigo Cornejo<\/strong><\/p>\n\n\n\n<p>&#8211; Obertura Ax\u00e9 con&nbsp;<strong>Ax\u00e9 Bah\u00eda y Porto Seguro<\/strong>. Tambi\u00e9n participar\u00e1n famosos como: Pamela Leiva, Cony Capelli y Nico Solabarrieta, entre otros.<\/p>\n\n\n\n<p>&#8211; El regreso de&nbsp;<strong>\u201cEl Muro\u201d con Kike Morand\u00e9.<\/strong><\/p>\n\n\n\n<p>&#8211; Famosos tributando a grandes estrellas de la m\u00fasica.&nbsp;<strong>Jos\u00e9 Antonio Neme, Daniela Ar\u00e1nguiz, Cot\u00e9 L\u00f3pez, Javiera Contador y Fernando Larra\u00edn.<\/strong><\/p>\n\n\n\n<p><strong>&#8211; Fran Maira<\/strong><\/p>\n\n\n\n<p>&#8211; \u201cLa explosi\u00f3n cultural\u201d con chicos reality.<\/p>\n\n\n\n<p>&#8211;&nbsp;<strong>Amerika\u2019n Sound<\/strong><\/p>\n\n\n\n<p>&#8211; Cumbre de meteor\u00f3logos con: Michelle Adams, Allison G\u00f6hler, Jaime Leyton e Iv\u00e1n Torres.<\/p>\n\n\n\n<p><strong>BLOQUE 3 \u2013 MA\u00d1ANA TELET\u00d3N (08.00AM &#8211; 13:30PM)<\/strong><\/p>\n\n\n\n<p><strong>Director a cargo: Carmen Gloria Lobos<\/strong><\/p>\n\n\n\n<p>&#8211; Tradicional desayuno con Mario Kreutzberger y Juan Pablo Queralt\u00f3<\/p>\n\n\n\n<p>&#8211; Musical \u201cLa Granja de Zen\u00f3n\u201d<\/p>\n\n\n\n<p>&#8211; \u201cSinergia Kids junto a la T\u00eda Pucherito\u201d<\/p>\n\n\n\n<p>&#8211; Matt Hunter&nbsp;<\/p>\n\n\n\n<p>&#8211; Toda la magia de Jean Paul Olhaberry<\/p>\n\n\n\n<p>&#8211; Una sorpresa para los amantes de las mascotas<\/p>\n\n\n\n<p><strong>NOTICIAS TELET\u00d3N<\/strong><\/p>\n\n\n\n<p>13:30 horas del s\u00e1bado se emitir\u00e1 el&nbsp;<strong>Noticiero Telet\u00f3n este a\u00f1o desde CHV<\/strong><\/p>\n\n\n\n<p><strong>BLOQUE 4 &#8211; TARDE 1 (14.00 PM &#8211; 17.00 PM)<\/strong><\/p>\n\n\n\n<p><strong>Director a cargo Roc\u00edo Mar\u00edn<\/strong><\/p>\n\n\n\n<p><strong>&#8211; Johnatha Bastos con Jean Philippe Cretton, Mauricio J\u00fcrgensen y \u00c1lvaro Paci<\/strong><\/p>\n\n\n\n<p><strong>&#8211; Karla Melo<\/strong><\/p>\n\n\n\n<p><strong>&#8211; Luis Fonsi<\/strong><\/p>\n\n\n\n<p><strong>&#8211; La Mosca Ts\u00e9-Ts\u00e9<\/strong><\/p>\n\n\n\n<p><strong>&#8211;&nbsp;<\/strong>Competencia de Karting:&nbsp;<strong>Coca Mendoza, \u201cToby\u201d Vega, Lu\u00eds Mago Jim\u00e9nez, Carlos Villanueva, Angelica Sep\u00falveda, Isidora Jim\u00e9nez, Rodrigo \u201cGallina\u201d, Pollo Castillo, Joaqu\u00edn M\u00e9ndez<\/strong><\/p>\n\n\n\n<p><strong>BLOQUE 5 \u2013 TARDE 2 (17.00 PM &#8211; 21.00 PM)<\/strong><\/p>\n\n\n\n<p><strong>Director a cargo: Natalia Ram\u00edrez<\/strong><\/p>\n\n\n\n<p>&#8211; Duelo de generaciones:&nbsp;<strong>Diana Bolocco y su hijo Pir\u00fa Cisternas; Rafael Araneda y Florencia Araneda; Ang\u00e9lica Castro y Laura de la Fuente; y Claudia Conserva con su hijo Renato Valdivia.<\/strong><\/p>\n\n\n\n<p>&#8211; Gino Mella y Jairo Vera<\/p>\n\n\n\n<p>&#8211; Luis Jara&nbsp;<\/p>\n\n\n\n<p>&#8211; Musical del T\u00edo Valent\u00edn con los ni\u00f1os del coro de Maip\u00fa.<\/p>\n\n\n\n<p><strong>BLOQUE 6 &#8211; QUINTA VERGARA &#8211; CIERRE TELET\u00d3N&nbsp;<\/strong><\/p>\n\n\n\n<p><strong>Director a cargo: Sebasti\u00e1n H\u00f6dar<\/strong><\/p>\n\n\n\n<p>&#8211;&nbsp;<strong>Obertura musical<\/strong><\/p>\n\n\n\n<p><strong>&#8211; Il Volo<\/strong><\/p>\n\n\n\n<p><strong>&#8211; Alex Ubago<\/strong><\/p>\n\n\n\n<p><strong>&#8211; Combo Tortuga, Kidd Voodoo, Pablito Pesadilla y Leo Muena (Canci\u00f3n Himno Telet\u00f3n 2024)<\/strong><\/p>\n\n\n\n<p><strong>&#8211; Myriam Hern\u00e1ndez&nbsp;<\/strong><\/p>\n\n\n\n<p><strong>&#8211; Justin Quiles<\/strong><\/p>\n\n\n\n<p><strong>&#8211; Illapu<\/strong><\/p>\n\n\n\n<p><strong>&#8211; David Bisbal&nbsp;<\/strong><\/p>\n\n\n\n<p><strong>&#8211; Stefan Kramer&nbsp;<\/strong><\/p>\n\n\n\n<p><strong>&#8211; Chris MJ<\/strong><\/p>\n\n\n\n<p><strong>&#8211; Ilegales<\/strong><\/p>\n\n\n\n<p><strong>&#8211; Pailita<\/strong><\/p>\n\n\n\n<p><strong>BLOQUE DIGIT\u00d3N &#8211; TRANSMISI\u00d3N POR PLATAFORMAS DIGITALES<\/strong><\/p>\n\n\n\n<p><strong>Director a cargo: Sebasti\u00e1n Chacana<\/strong><\/p>\n\n\n\n<p>&#8211; Transmisi\u00f3n en las plataformas digitales enfocada en las nuevas audiencias.<\/p>\n\n\n\n<p>&#8211; Participar\u00e1n 50 influencers y creadores de contenido.<\/p>\n\n\n\n<p>&#8211; Habr\u00e1 una cobertura especial a la final de E-Sports Telet\u00f3n y el backstage de las 27 horas de programa, incluyendo el cierre en la Quinta Vergara.<\/p>\n\n\n\n<p>&#8211; Cobertura a los eventos deportivos como la corrida Banco de Chile y una competencia de karting<\/p>\n\n\n\n<p><strong>PULSO DIGITAL<\/strong><\/p>\n\n\n\n<p><strong>Paul Hanke<\/strong><\/p>\n\n\n\n<p>Retos Comunales:<strong>&nbsp;Francisca Crovetto y Fernando Gonz\u00e1lez<\/strong><\/p>\n\n\n\n<p>Lucat\u00f3n:<strong>&nbsp;Jorge G\u00f3mez \u201cPelotazo\u201d<\/strong><\/p>\n\n\n\n<p>Voluntarios de Chile y el mundo<strong>: Katherine Wollermann y Fernando Godoy.&nbsp;<\/strong><\/p>\n\n\n\n<p>Redes Sociales y Digit\u00f3n:<strong>&nbsp;Ignacia Antonia y Rosario Bravo.<\/strong><\/p>\n","protected":false},"excerpt":{"rendered":"<div class=\"pvc_clear\"><\/div>\n<p id=\"pvc_stats_53338\" class=\"pvc_stats total_only  \" data-element-id=\"53338\" style=\"\"><i class=\"pvc-stats-icon large\" aria-hidden=\"true\"><svg aria-hidden=\"true\" focusable=\"false\" data-prefix=\"far\" data-icon=\"chart-bar\" role=\"img\" xmlns=\"http:\/\/www.w3.org\/2000\/svg\" viewBox=\"0 0 512 512\" class=\"svg-inline--fa fa-chart-bar fa-w-16 fa-2x\"><path fill=\"currentColor\" d=\"M396.8 352h22.4c6.4 0 12.8-6.4 12.8-12.8V108.8c0-6.4-6.4-12.8-12.8-12.8h-22.4c-6.4 0-12.8 6.4-12.8 12.8v230.4c0 6.4 6.4 12.8 12.8 12.8zm-192 0h22.4c6.4 0 12.8-6.4 12.8-12.8V140.8c0-6.4-6.4-12.8-12.8-12.8h-22.4c-6.4 0-12.8 6.4-12.8 12.8v198.4c0 6.4 6.4 12.8 12.8 12.8zm96 0h22.4c6.4 0 12.8-6.4 12.8-12.8V204.8c0-6.4-6.4-12.8-12.8-12.8h-22.4c-6.4 0-12.8 6.4-12.8 12.8v134.4c0 6.4 6.4 12.8 12.8 12.8zM496 400H48V80c0-8.84-7.16-16-16-16H16C7.16 64 0 71.16 0 80v336c0 17.67 14.33 32 32 32h464c8.84 0 16-7.16 16-16v-16c0-8.84-7.16-16-16-16zm-387.2-48h22.4c6.4 0 12.8-6.4 12.8-12.8v-70.4c0-6.4-6.4-12.8-12.8-12.8h-22.4c-6.4 0-12.8 6.4-12.8 12.8v70.4c0 6.4 6.4 12.8 12.8 12.8z\" class=\"\"><\/path><\/svg><\/i> <img loading=\"lazy\" decoding=\"async\" width=\"16\" height=\"16\" alt=\"Loading\" src=\"https:\/\/temucotelevision.cl\/web\/wp-content\/plugins\/page-views-count\/ajax-loader-2x.gif\" border=0 \/><\/p>\n<div class=\"pvc_clear\"><\/div>\n<p>A poco de que comience la Telet\u00f3n 2024, el equipo realizador del programa televisivo convoc\u00f3 una reuni\u00f3n de trabajo con<\/p>\n","protected":false},"author":1,"featured_media":53339,"comment_status":"open","ping_status":"open","sticky":false,"template":"","format":"standard","meta":{"colormag_page_container_layout":"default_layout","colormag_page_sidebar_layout":"default_layout","footnotes":""},"categories":[15,18],"tags":[1989],"class_list":["post-53338","post","type-post","status-publish","format-standard","has-post-thumbnail","hentry","category-la-araucania","category-nacional","tag-teleton"],"a3_pvc":{"activated":true,"total_views":2598,"today_views":0},"_links":{"self":[{"href":"https:\/\/temucotelevision.cl\/web\/wp-json\/wp\/v2\/posts\/53338","targetHints":{"allow":["GET"]}}],"collection":[{"href":"https:\/\/temucotelevision.cl\/web\/wp-json\/wp\/v2\/posts"}],"about":[{"href":"https:\/\/temucotelevision.cl\/web\/wp-json\/wp\/v2\/types\/post"}],"author":[{"embeddable":true,"href":"https:\/\/temucotelevision.cl\/web\/wp-json\/wp\/v2\/users\/1"}],"replies":[{"embeddable":true,"href":"https:\/\/temucotelevision.cl\/web\/wp-json\/wp\/v2\/comments?post=53338"}],"version-history":[{"count":1,"href":"https:\/\/temucotelevision.cl\/web\/wp-json\/wp\/v2\/posts\/53338\/revisions"}],"predecessor-version":[{"id":53340,"href":"https:\/\/temucotelevision.cl\/web\/wp-json\/wp\/v2\/posts\/53338\/revisions\/53340"}],"wp:featuredmedia":[{"embeddable":true,"href":"https:\/\/temucotelevision.cl\/web\/wp-json\/wp\/v2\/media\/53339"}],"wp:attachment":[{"href":"https:\/\/temucotelevision.cl\/web\/wp-json\/wp\/v2\/media?parent=53338"}],"wp:term":[{"taxonomy":"category","embeddable":true,"href":"https:\/\/temucotelevision.cl\/web\/wp-json\/wp\/v2\/categories?post=53338"},{"taxonomy":"post_tag","embeddable":true,"href":"https:\/\/temucotelevision.cl\/web\/wp-json\/wp\/v2\/tags?post=53338"}],"curies":[{"name":"wp","href":"https:\/\/api.w.org\/{rel}","templated":true}]}}