{"id":53325,"date":"2024-11-01T16:16:22","date_gmt":"2024-11-01T19:16:22","guid":{"rendered":"https:\/\/temucotelevision.cl\/web\/?p=53325"},"modified":"2024-11-01T16:16:22","modified_gmt":"2024-11-01T19:16:22","slug":"la-fiesta-de-la-cerveza-vuelve-a-temuco-festival-las-raices-araucanas-edicion-halloween","status":"publish","type":"post","link":"https:\/\/temucotelevision.cl\/web\/2024\/11\/01\/la-fiesta-de-la-cerveza-vuelve-a-temuco-festival-las-raices-araucanas-edicion-halloween\/","title":{"rendered":"La Fiesta de la Cerveza vuelve a Temuco: Festival Las Ra\u00edces Araucanas edici\u00f3n halloween"},"content":{"rendered":"<div class=\"pvc_clear\"><\/div><p id=\"pvc_stats_53325\" class=\"pvc_stats total_only  \" data-element-id=\"53325\" style=\"\"><i class=\"pvc-stats-icon large\" aria-hidden=\"true\"><svg aria-hidden=\"true\" focusable=\"false\" data-prefix=\"far\" data-icon=\"chart-bar\" role=\"img\" xmlns=\"http:\/\/www.w3.org\/2000\/svg\" viewBox=\"0 0 512 512\" class=\"svg-inline--fa fa-chart-bar fa-w-16 fa-2x\"><path fill=\"currentColor\" d=\"M396.8 352h22.4c6.4 0 12.8-6.4 12.8-12.8V108.8c0-6.4-6.4-12.8-12.8-12.8h-22.4c-6.4 0-12.8 6.4-12.8 12.8v230.4c0 6.4 6.4 12.8 12.8 12.8zm-192 0h22.4c6.4 0 12.8-6.4 12.8-12.8V140.8c0-6.4-6.4-12.8-12.8-12.8h-22.4c-6.4 0-12.8 6.4-12.8 12.8v198.4c0 6.4 6.4 12.8 12.8 12.8zm96 0h22.4c6.4 0 12.8-6.4 12.8-12.8V204.8c0-6.4-6.4-12.8-12.8-12.8h-22.4c-6.4 0-12.8 6.4-12.8 12.8v134.4c0 6.4 6.4 12.8 12.8 12.8zM496 400H48V80c0-8.84-7.16-16-16-16H16C7.16 64 0 71.16 0 80v336c0 17.67 14.33 32 32 32h464c8.84 0 16-7.16 16-16v-16c0-8.84-7.16-16-16-16zm-387.2-48h22.4c6.4 0 12.8-6.4 12.8-12.8v-70.4c0-6.4-6.4-12.8-12.8-12.8h-22.4c-6.4 0-12.8 6.4-12.8 12.8v70.4c0 6.4 6.4 12.8 12.8 12.8z\" class=\"\"><\/path><\/svg><\/i> <img loading=\"lazy\" decoding=\"async\" width=\"16\" height=\"16\" alt=\"Loading\" src=\"https:\/\/temucotelevision.cl\/web\/wp-content\/plugins\/page-views-count\/ajax-loader-2x.gif\" border=0 \/><\/p><div class=\"pvc_clear\"><\/div>\n<p><em>Este 1, 2 y 3 de noviembre vuelve al parque urbano Isla Caut\u00edn de Temuco una nueva versi\u00f3n de este festival familiar, edici\u00f3n Halloween, que considera la participaci\u00f3n de 10 cervecer\u00edas con m\u00e1s de 40 variedades de cervezas, emprendedores locales, food trucks, concursos, m\u00fasica en vivo y mucho m\u00e1s.<\/em><\/p>\n\n\n\n<p>10 cervecer\u00edas artesanales de La Araucan\u00eda, m\u00e1s de 40 variedades de cerveza, food trucks, emprendedores locales, m\u00fasica en vivo y actividades para toda la familia, es lo que promete la octava versi\u00f3n del festival Las Ra\u00edces Araucanas, edici\u00f3n Halloween 2024, actividad cultural liderada por la Asociaci\u00f3n Gremial Araucan\u00eda Cervecera y apoyada por el Gobierno Regional a trav\u00e9s de la Corporaci\u00f3n Desarrolla Araucan\u00eda, la que se desarrollar\u00e1 desde el viernes 1 al domingo 3 de noviembre, en el parque urbano Isla Caut\u00edn de Temuco.&nbsp;<\/p>\n\n\n\n<p>El evento gratuito que comenzar\u00e1 a las 12:00 horas, considera una variada parrilla de artistas locales que subir\u00e1n al escenario para amenizar las tres jornadas de festival. Entre ellos, estar\u00e1 la banda Jurassicos, Mala Hierba, Surama, San Miguel- banda tributo a Los Prisioneros- y la Tricoma, entre otras agrupaciones.&nbsp;<\/p>\n\n\n\n<p>Respecto a este importante evento que permitir\u00e1 fortalecer el emprendimiento y visibilizar la industria cervecera en la regi\u00f3n, el gobernador regional y presidente de la Corporaci\u00f3n Desarrolla Araucan\u00eda, Luciano Rivas, dijo que, \u201cdurante nuestra administraci\u00f3n junto con la Corporaci\u00f3n, hemos logrado visibilizar y promover la industria cervecera de La Araucan\u00eda gracias a eventos masivos como este, donde la comunidad tiene la oportunidad de conocer la variedad de productos que ofrecen nuestros cerveceros locales, los cuales son de gran calidad y ese es nuestro foco como Gobierno Regional, apoyar a los peque\u00f1os emprendedores de las 32 comunas de la regi\u00f3n, entonces estamos muy contentos de una vez m\u00e1s, como Gobierno Regional y como Corporaci\u00f3n, de apoyar al gremio cervecero de la regi\u00f3n, impulsar sus emprendimientos y aportar al desarrollo econ\u00f3mico regional\u201d.&nbsp;<\/p>\n\n\n\n<p>Por su parte, desde la Asociaci\u00f3n Gremial Araucan\u00eda Cervecera, extendieron la invitaci\u00f3n a participar de este evento a toda la comunidad de Temuco y sus alrededores,&nbsp;<em>\u201cinvitamos a toda la comunidad a ser parte de la octava versi\u00f3n del festival las ra\u00edces, edici\u00f3n Halloween. Este evento \u00fanico se llevar\u00e1 a cabo en el Parque Urbano Isla Caut\u00edn, un espacio natural en el coraz\u00f3n de la ciudad, donde podr\u00e1n disfrutar de m\u00e1s de 40 variedades de cervezas artesanales locales, que resaltan la creatividad y pasi\u00f3n de nuestros cerveceros de La Araucan\u00eda. Adem\u00e1s, hemos preparado un ambiente entretenido y seguro para que toda la familia disfrute, incluyendo actividades de Halloween para los m\u00e1s peque\u00f1os, shows infantiles, concursos de disfraces, juegos tem\u00e1ticos y otras sorpresas m\u00e1s. Y para completar la experiencia, tendremos una amplia oferta de food trucks, m\u00fasica en vivo, zona de artesanos y emprendedores locales\u201d<\/em><\/p>\n\n\n\n<p>Adem\u00e1s, la organizaci\u00f3n agradeci\u00f3 el apoyo del Gobierno Regional,&nbsp;<em>\u201cqueremos agradecer especialmente el apoyo del Gobierno Regional de La Araucan\u00eda y de la Corporaci\u00f3n Desarrolla Araucan\u00eda, cuya colaboraci\u00f3n es fundamental para el desarrollo y fomento productivo de los cerveceros artesanales y emprendedores de la regi\u00f3n. Gracias a ellos, este evento sigue creciendo y consolid\u00e1ndose como un referente en nuestra comunidad\u201d<\/em><\/p>\n\n\n\n<p>Cabe se\u00f1alar, adem\u00e1s, que los asistentes a este evento podr\u00e1n disfrutar de entretenidas actividades con tem\u00e1tica Halloween, entre ellas: elecci\u00f3n del stand de cerveceros mejor adornado, competencia de disfraces, fotos con el espantap\u00e1jaros cervecero, pinta caritas para ni\u00f1os, show de talento oculto, si se la sabe cante, concurso de baile y dominio&nbsp;del&nbsp;bal\u00f3n.<\/p>\n\n\n\n<figure class=\"wp-block-image size-large\"><img loading=\"lazy\" decoding=\"async\" width=\"1000\" height=\"740\" src=\"https:\/\/temucotelevision.cl\/web\/wp-content\/uploads\/2024\/11\/raices-araucanas4-1000x740.jpg\" alt=\"\" class=\"wp-image-53327\" srcset=\"https:\/\/temucotelevision.cl\/web\/wp-content\/uploads\/2024\/11\/raices-araucanas4-1000x740.jpg 1000w, https:\/\/temucotelevision.cl\/web\/wp-content\/uploads\/2024\/11\/raices-araucanas4-768x569.jpg 768w, https:\/\/temucotelevision.cl\/web\/wp-content\/uploads\/2024\/11\/raices-araucanas4.jpg 1290w\" sizes=\"auto, (max-width: 1000px) 100vw, 1000px\" \/><\/figure>\n","protected":false},"excerpt":{"rendered":"<div class=\"pvc_clear\"><\/div>\n<p id=\"pvc_stats_53325\" class=\"pvc_stats total_only  \" data-element-id=\"53325\" style=\"\"><i class=\"pvc-stats-icon large\" aria-hidden=\"true\"><svg aria-hidden=\"true\" focusable=\"false\" data-prefix=\"far\" data-icon=\"chart-bar\" role=\"img\" xmlns=\"http:\/\/www.w3.org\/2000\/svg\" viewBox=\"0 0 512 512\" class=\"svg-inline--fa fa-chart-bar fa-w-16 fa-2x\"><path fill=\"currentColor\" d=\"M396.8 352h22.4c6.4 0 12.8-6.4 12.8-12.8V108.8c0-6.4-6.4-12.8-12.8-12.8h-22.4c-6.4 0-12.8 6.4-12.8 12.8v230.4c0 6.4 6.4 12.8 12.8 12.8zm-192 0h22.4c6.4 0 12.8-6.4 12.8-12.8V140.8c0-6.4-6.4-12.8-12.8-12.8h-22.4c-6.4 0-12.8 6.4-12.8 12.8v198.4c0 6.4 6.4 12.8 12.8 12.8zm96 0h22.4c6.4 0 12.8-6.4 12.8-12.8V204.8c0-6.4-6.4-12.8-12.8-12.8h-22.4c-6.4 0-12.8 6.4-12.8 12.8v134.4c0 6.4 6.4 12.8 12.8 12.8zM496 400H48V80c0-8.84-7.16-16-16-16H16C7.16 64 0 71.16 0 80v336c0 17.67 14.33 32 32 32h464c8.84 0 16-7.16 16-16v-16c0-8.84-7.16-16-16-16zm-387.2-48h22.4c6.4 0 12.8-6.4 12.8-12.8v-70.4c0-6.4-6.4-12.8-12.8-12.8h-22.4c-6.4 0-12.8 6.4-12.8 12.8v70.4c0 6.4 6.4 12.8 12.8 12.8z\" class=\"\"><\/path><\/svg><\/i> <img loading=\"lazy\" decoding=\"async\" width=\"16\" height=\"16\" alt=\"Loading\" src=\"https:\/\/temucotelevision.cl\/web\/wp-content\/plugins\/page-views-count\/ajax-loader-2x.gif\" border=0 \/><\/p>\n<div class=\"pvc_clear\"><\/div>\n<p>Este 1, 2 y 3 de noviembre vuelve al parque urbano Isla Caut\u00edn de Temuco una nueva versi\u00f3n de este<\/p>\n","protected":false},"author":1,"featured_media":53326,"comment_status":"open","ping_status":"open","sticky":false,"template":"","format":"standard","meta":{"colormag_page_container_layout":"default_layout","colormag_page_sidebar_layout":"default_layout","footnotes":""},"categories":[86],"tags":[2155],"class_list":["post-53325","post","type-post","status-publish","format-standard","has-post-thumbnail","hentry","category-panoramas","tag-cerveza"],"a3_pvc":{"activated":true,"total_views":2154,"today_views":0},"_links":{"self":[{"href":"https:\/\/temucotelevision.cl\/web\/wp-json\/wp\/v2\/posts\/53325","targetHints":{"allow":["GET"]}}],"collection":[{"href":"https:\/\/temucotelevision.cl\/web\/wp-json\/wp\/v2\/posts"}],"about":[{"href":"https:\/\/temucotelevision.cl\/web\/wp-json\/wp\/v2\/types\/post"}],"author":[{"embeddable":true,"href":"https:\/\/temucotelevision.cl\/web\/wp-json\/wp\/v2\/users\/1"}],"replies":[{"embeddable":true,"href":"https:\/\/temucotelevision.cl\/web\/wp-json\/wp\/v2\/comments?post=53325"}],"version-history":[{"count":1,"href":"https:\/\/temucotelevision.cl\/web\/wp-json\/wp\/v2\/posts\/53325\/revisions"}],"predecessor-version":[{"id":53328,"href":"https:\/\/temucotelevision.cl\/web\/wp-json\/wp\/v2\/posts\/53325\/revisions\/53328"}],"wp:featuredmedia":[{"embeddable":true,"href":"https:\/\/temucotelevision.cl\/web\/wp-json\/wp\/v2\/media\/53326"}],"wp:attachment":[{"href":"https:\/\/temucotelevision.cl\/web\/wp-json\/wp\/v2\/media?parent=53325"}],"wp:term":[{"taxonomy":"category","embeddable":true,"href":"https:\/\/temucotelevision.cl\/web\/wp-json\/wp\/v2\/categories?post=53325"},{"taxonomy":"post_tag","embeddable":true,"href":"https:\/\/temucotelevision.cl\/web\/wp-json\/wp\/v2\/tags?post=53325"}],"curies":[{"name":"wp","href":"https:\/\/api.w.org\/{rel}","templated":true}]}}