{"id":53320,"date":"2024-11-01T16:07:47","date_gmt":"2024-11-01T19:07:47","guid":{"rendered":"https:\/\/temucotelevision.cl\/web\/?p=53320"},"modified":"2024-11-01T16:07:48","modified_gmt":"2024-11-01T19:07:48","slug":"exitosa-convocatoria-en-gira-teleton-2024-en-temuco-mas-de-4-500-personas-se-congregaron-a-ver-a-jordan-porto-seguro-juan-angel-la-cumbia-y-mas-artistas","status":"publish","type":"post","link":"https:\/\/temucotelevision.cl\/web\/2024\/11\/01\/exitosa-convocatoria-en-gira-teleton-2024-en-temuco-mas-de-4-500-personas-se-congregaron-a-ver-a-jordan-porto-seguro-juan-angel-la-cumbia-y-mas-artistas\/","title":{"rendered":"Exitosa convocatoria en Gira Telet\u00f3n 2024 en Temuco: m\u00e1s de 4.500 personas se congregaron a ver a Jordan, Porto Seguro, Juan \u00c1ngel, La Cumbia y m\u00e1s artistas"},"content":{"rendered":"<div class=\"pvc_clear\"><\/div><p id=\"pvc_stats_53320\" class=\"pvc_stats total_only  \" data-element-id=\"53320\" style=\"\"><i class=\"pvc-stats-icon large\" aria-hidden=\"true\"><svg aria-hidden=\"true\" focusable=\"false\" data-prefix=\"far\" data-icon=\"chart-bar\" role=\"img\" xmlns=\"http:\/\/www.w3.org\/2000\/svg\" viewBox=\"0 0 512 512\" class=\"svg-inline--fa fa-chart-bar fa-w-16 fa-2x\"><path fill=\"currentColor\" d=\"M396.8 352h22.4c6.4 0 12.8-6.4 12.8-12.8V108.8c0-6.4-6.4-12.8-12.8-12.8h-22.4c-6.4 0-12.8 6.4-12.8 12.8v230.4c0 6.4 6.4 12.8 12.8 12.8zm-192 0h22.4c6.4 0 12.8-6.4 12.8-12.8V140.8c0-6.4-6.4-12.8-12.8-12.8h-22.4c-6.4 0-12.8 6.4-12.8 12.8v198.4c0 6.4 6.4 12.8 12.8 12.8zm96 0h22.4c6.4 0 12.8-6.4 12.8-12.8V204.8c0-6.4-6.4-12.8-12.8-12.8h-22.4c-6.4 0-12.8 6.4-12.8 12.8v134.4c0 6.4 6.4 12.8 12.8 12.8zM496 400H48V80c0-8.84-7.16-16-16-16H16C7.16 64 0 71.16 0 80v336c0 17.67 14.33 32 32 32h464c8.84 0 16-7.16 16-16v-16c0-8.84-7.16-16-16-16zm-387.2-48h22.4c6.4 0 12.8-6.4 12.8-12.8v-70.4c0-6.4-6.4-12.8-12.8-12.8h-22.4c-6.4 0-12.8 6.4-12.8 12.8v70.4c0 6.4 6.4 12.8 12.8 12.8z\" class=\"\"><\/path><\/svg><\/i> <img loading=\"lazy\" decoding=\"async\" width=\"16\" height=\"16\" alt=\"Loading\" src=\"https:\/\/temucotelevision.cl\/web\/wp-content\/plugins\/page-views-count\/ajax-loader-2x.gif\" border=0 \/><\/p><div class=\"pvc_clear\"><\/div>\n<ul class=\"wp-block-list\">\n<li>Artistas locales y nacionales animaron, junto a Millaray Viera y Juan Pablo Queralt\u00f3, la velada familiar, mientras que Agust\u00edn, paciente del centro regional, comparti\u00f3 su inspiradora historia.\u00a0<\/li>\n\n\n\n<li>Junto al espect\u00e1culo realizado en la capital regional, la Gira visit\u00f3 Angol y este viernes se presentar\u00e1 en Villarrica, para motivar a la comunidad con la campa\u00f1a de este 8 y 9 de noviembre.<\/li>\n<\/ul>\n\n\n\n<p>La Gira Telet\u00f3n 2024 tuvo una exitosa jornada en&nbsp;<strong>Temuco,&nbsp;<\/strong>logrando convocar a m\u00e1s de 4.500 personas en la Plaza de Armas en torno a un espect\u00e1culo gratuito que trajo a destacados artistas y emocionantes momentos.&nbsp;<\/p>\n\n\n\n<p>El espect\u00e1culo cont\u00f3 con la presencia del conjunto brasile\u00f1o,<strong>&nbsp;Porto Seguro<\/strong>&nbsp;(con Paloma Fiuza, Vivi Rodrigues y Thiago Cunha), la banda trasandina&nbsp;<strong>La Cumbia<\/strong>, el reconocido cantante tropical<strong>&nbsp;Jordan<\/strong>&nbsp;y el ex-ganador de &#8220;Rojo&#8221;,&nbsp;<strong>Juan \u00c1ngel<\/strong>, quienes encendieron el escenario con sus presentaciones.<\/p>\n\n\n\n<p>\u201cEsta es la primera vez que estamos en la Gira Telet\u00f3n y, tambi\u00e9n, es la primera vez que estamos juntos como grupo de la primera y segunda generaci\u00f3n, as\u00ed que felices de partir ac\u00e1, en Temuco y acompa\u00f1ar a Telet\u00f3n hasta el cierre de su gira 2024\u201d, cont\u00f3 Vivi en representaci\u00f3n de la agrupaci\u00f3n brasilera, cuya fama creci\u00f3 en la d\u00e9cada del 2000 a partir de su participaci\u00f3n en \u201cMekano\u201d y que hicieron bailar a m\u00e1s de 4.500 personas con sus ic\u00f3nicas coreograf\u00edas.<\/p>\n\n\n\n<p>Uno de los momentos m\u00e1s emotivos de la noche fue la aparici\u00f3n de&nbsp;<a href=\"https:\/\/www.youtube.com\/watch?v=f2PJpeshSUg&amp;ab_channel=TVNChile\"><u><strong>Agust\u00edn Mu\u00f1oz<\/strong><\/u><\/a>, un ni\u00f1o de 11 a\u00f1os que actualmente se atiende en Telet\u00f3n y que, en 2023, emocion\u00f3 al pa\u00eds con su historia y su sue\u00f1o de convertirse en youtuber. Agust\u00edn comparti\u00f3 su experiencia en la Telet\u00f3n, protagonizando un testimonio de lucha y superaci\u00f3n que conmovi\u00f3 al p\u00fablico presente. Hoy, con m\u00e1s de 14 mil suscripciones en su&nbsp;<a href=\"https:\/\/www.youtube.com\/@AgusPro-gg2wd\"><u><strong>canal de YouTube<\/strong><\/u><\/a>, Agust\u00edn ha cumplido su sue\u00f1o y aspira a m\u00e1s.<\/p>\n\n\n\n<p>Junto a \u00e9l, sobre el escenario, aplaud\u00eda el director del Instituto Telet\u00f3n Temuco, el doctor&nbsp;<strong>Iv\u00e1n Barbosa<\/strong>, quien conoci\u00f3 a Agust\u00edn cuando ten\u00eda meses de vida. \u201cEn nombre de mi equipo y de todas las familias que se atienden en nuestro instituto, agradecemos a todos los chilenos y chilenas porque hacen posible que exista la Telet\u00f3n. Este 8 y 9 de noviembre los esperamos\u201d, comparti\u00f3 el doctor Barbosa.<\/p>\n\n\n\n<p>La jornada en Temuco forma parte de la gira nacional de la Telet\u00f3n 2024, que ha recorrido m\u00e1s de 2.600 kil\u00f3metros con el objetivo de motivar a las comunidades en todo Chile a participar en esta campa\u00f1a solidaria. La gira ha visitado diversas ciudades desde Arica hasta La Serena y desde Talca hasta Puerto Montt.<\/p>\n\n\n\n<p><strong>Millaray Viera y Juan Pablo Queralt\u00f3,&nbsp;<\/strong>quienes animaron la actividad, resaltaron la energ\u00eda de la comunidad temuquense y la importancia de la colaboraci\u00f3n para lograr la meta de este a\u00f1o. &#8220;Esta noche Temuco ha demostrado una vez m\u00e1s su apoyo incondicional, record\u00e1ndonos el poder que tiene la uni\u00f3n en esta cruzada solidaria&#8221;, coment\u00f3 Millaray Viera.<\/p>\n\n\n\n<p>En tanto, Rodrigo \u201cGallina\u201d Avil\u00e9s y la conductora del programa infantil \u201cEfecto N\u201d, Margarina \u201cLaruch\u00e1n\u201d Huenuil estuvieron a cargo del backstage del evento, mientras que la influencer&nbsp;<a href=\"https:\/\/www.instagram.com\/chelyschneider\/?hl=es\"><u>Chely Schneider&nbsp;<\/u><\/a>se sum\u00f3 a las transmisiones a trav\u00e9s de las redes sociales de Telet\u00f3n.<\/p>\n\n\n\n<p>Junto con el show principal en Temuco, la gira visit\u00f3 Angol y este viernes realizar\u00e1 un evento en Villarrica, como una manera de reconocer a ambas comunas por su motivaci\u00f3n a\u00f1o a a\u00f1o en la cruzada solidaria.<\/p>\n\n\n\n<p>Telet\u00f3n contin\u00faa haciendo un llamado a todos los chilenos a colaborar activamente en la campa\u00f1a, recordando que cualquier aporte, grande o peque\u00f1o, es fundamental para alcanzar la meta, que este 8 y 9 de noviembre busca superar la recaudaci\u00f3n de $38.044.459.976 alcanzada en 2023 y asegurar la continuidad de la rehabilitaci\u00f3n de m\u00e1s de 32 mil ni\u00f1os, ni\u00f1as y j\u00f3venes en todo el pa\u00eds.<\/p>\n\n\n\n<p><strong>Pr\u00f3ximas fechas y shows por ciudad<\/strong><\/p>\n\n\n\n<p><strong>Valdivia: viernes 1 de noviembre, en el Helipuerto Costanera<\/strong><\/p>\n\n\n\n<ul class=\"wp-block-list\">\n<li>Animador: Mart\u00edn C\u00e1rcamo<\/li>\n\n\n\n<li>Artistas: DJ Marco Hinojosa, Porto Seguro, La Cumbia, Los Pincheiras Del Sur de Jhonn Rosales y Jordan.<\/li>\n\n\n\n<li>Backstage: Rodrigo \u201cGallina\u201d Avil\u00e9s y Margarita \u201cLaruch\u00e1n\u201d Huenuil.<\/li>\n\n\n\n<li>Influencer: Joseph Arancibia<\/li>\n<\/ul>\n\n\n\n<p><strong>Puerto Montt: s\u00e1bado 2 de noviembre, en el inicio de la carretera austral (KM 0).<\/strong><\/p>\n\n\n\n<ul class=\"wp-block-list\">\n<li>Animador: Juli\u00e1n Elfenbein y Karen Doggenweiler<\/li>\n\n\n\n<li>Artistas: DJ Marco Hinojosa, Porto Seguro, La Cumbia, Los Pincheiras Del Sur de Jhonn Rosales, Jordan, Jairo Vera.<\/li>\n\n\n\n<li>Backstage: Margarita \u201cLaruch\u00e1n\u201d Huenuil.<\/li>\n\n\n\n<li>Influencer: Scarlette G\u00e1lvez (Eskarcita) y Skarleth Labra (Skar)<\/li>\n<\/ul>\n\n\n\n<p>Ambos shows comenzar\u00e1n a las 20.00 horas y se extender\u00e1n hasta las 22 horas. Previo a esto, desde las 18.30 horas, se realizar\u00e1 un espect\u00e1culo previo con activaciones y concursos para ganar meet and greet con artistas y presentaciones de artistas locales.&nbsp;<\/p>\n\n\n\n<p><strong>Las paradas intermedias<\/strong><\/p>\n\n\n\n<p>Adem\u00e1s de los espect\u00e1culos principales, la gira realizar\u00e1 cinco paradas intermedias en comunas en las cuales sus organizaciones sociales realizan eventos por la campa\u00f1a Telet\u00f3n. Las pr\u00f3ximas comunas donde se realizar\u00e1n shows art\u00edsticos de 12.00 a 13.00 horas son:<\/p>\n\n\n\n<p><strong>Villarrica: viernes 1 de noviembre, en Gimnasio Municipal Carlos Mart\u00ednez.&nbsp;<\/strong><\/p>\n\n\n\n<ul class=\"wp-block-list\">\n<li>Artistas: Porto Seguro, La Cumbia, Los Pincheiras Del Sur de Jhonn Rosales y Jordan.<\/li>\n<\/ul>\n\n\n\n<p><strong>Osorno: s\u00e1bado 2 de noviembre, en la Plaza de Armas.<\/strong><\/p>\n\n\n\n<ul class=\"wp-block-list\">\n<li>Artistas: Porto Seguro, La Cumbia, Los Pincheiras Del Sur de Jhonn Rosales, Jordan.<\/li>\n<\/ul>\n\n\n\n<figure class=\"wp-block-image size-full\"><img loading=\"lazy\" decoding=\"async\" width=\"800\" height=\"455\" src=\"https:\/\/temucotelevision.cl\/web\/wp-content\/uploads\/2024\/11\/Teleton-Tco.jpg\" alt=\"\" class=\"wp-image-53323\" srcset=\"https:\/\/temucotelevision.cl\/web\/wp-content\/uploads\/2024\/11\/Teleton-Tco.jpg 800w, https:\/\/temucotelevision.cl\/web\/wp-content\/uploads\/2024\/11\/Teleton-Tco-768x437.jpg 768w\" sizes=\"auto, (max-width: 800px) 100vw, 800px\" \/><\/figure>\n","protected":false},"excerpt":{"rendered":"<div class=\"pvc_clear\"><\/div>\n<p id=\"pvc_stats_53320\" class=\"pvc_stats total_only  \" data-element-id=\"53320\" style=\"\"><i class=\"pvc-stats-icon large\" aria-hidden=\"true\"><svg aria-hidden=\"true\" focusable=\"false\" data-prefix=\"far\" data-icon=\"chart-bar\" role=\"img\" xmlns=\"http:\/\/www.w3.org\/2000\/svg\" viewBox=\"0 0 512 512\" class=\"svg-inline--fa fa-chart-bar fa-w-16 fa-2x\"><path fill=\"currentColor\" d=\"M396.8 352h22.4c6.4 0 12.8-6.4 12.8-12.8V108.8c0-6.4-6.4-12.8-12.8-12.8h-22.4c-6.4 0-12.8 6.4-12.8 12.8v230.4c0 6.4 6.4 12.8 12.8 12.8zm-192 0h22.4c6.4 0 12.8-6.4 12.8-12.8V140.8c0-6.4-6.4-12.8-12.8-12.8h-22.4c-6.4 0-12.8 6.4-12.8 12.8v198.4c0 6.4 6.4 12.8 12.8 12.8zm96 0h22.4c6.4 0 12.8-6.4 12.8-12.8V204.8c0-6.4-6.4-12.8-12.8-12.8h-22.4c-6.4 0-12.8 6.4-12.8 12.8v134.4c0 6.4 6.4 12.8 12.8 12.8zM496 400H48V80c0-8.84-7.16-16-16-16H16C7.16 64 0 71.16 0 80v336c0 17.67 14.33 32 32 32h464c8.84 0 16-7.16 16-16v-16c0-8.84-7.16-16-16-16zm-387.2-48h22.4c6.4 0 12.8-6.4 12.8-12.8v-70.4c0-6.4-6.4-12.8-12.8-12.8h-22.4c-6.4 0-12.8 6.4-12.8 12.8v70.4c0 6.4 6.4 12.8 12.8 12.8z\" class=\"\"><\/path><\/svg><\/i> <img loading=\"lazy\" decoding=\"async\" width=\"16\" height=\"16\" alt=\"Loading\" src=\"https:\/\/temucotelevision.cl\/web\/wp-content\/plugins\/page-views-count\/ajax-loader-2x.gif\" border=0 \/><\/p>\n<div class=\"pvc_clear\"><\/div>\n<p>La Gira Telet\u00f3n 2024 tuvo una exitosa jornada en&nbsp;Temuco,&nbsp;logrando convocar a m\u00e1s de 4.500 personas en la Plaza de Armas<\/p>\n","protected":false},"author":1,"featured_media":53321,"comment_status":"open","ping_status":"open","sticky":false,"template":"","format":"standard","meta":{"colormag_page_container_layout":"default_layout","colormag_page_sidebar_layout":"default_layout","footnotes":""},"categories":[14],"tags":[1989],"class_list":["post-53320","post","type-post","status-publish","format-standard","has-post-thumbnail","hentry","category-temuco","tag-teleton"],"a3_pvc":{"activated":true,"total_views":2757,"today_views":0},"_links":{"self":[{"href":"https:\/\/temucotelevision.cl\/web\/wp-json\/wp\/v2\/posts\/53320","targetHints":{"allow":["GET"]}}],"collection":[{"href":"https:\/\/temucotelevision.cl\/web\/wp-json\/wp\/v2\/posts"}],"about":[{"href":"https:\/\/temucotelevision.cl\/web\/wp-json\/wp\/v2\/types\/post"}],"author":[{"embeddable":true,"href":"https:\/\/temucotelevision.cl\/web\/wp-json\/wp\/v2\/users\/1"}],"replies":[{"embeddable":true,"href":"https:\/\/temucotelevision.cl\/web\/wp-json\/wp\/v2\/comments?post=53320"}],"version-history":[{"count":1,"href":"https:\/\/temucotelevision.cl\/web\/wp-json\/wp\/v2\/posts\/53320\/revisions"}],"predecessor-version":[{"id":53324,"href":"https:\/\/temucotelevision.cl\/web\/wp-json\/wp\/v2\/posts\/53320\/revisions\/53324"}],"wp:featuredmedia":[{"embeddable":true,"href":"https:\/\/temucotelevision.cl\/web\/wp-json\/wp\/v2\/media\/53321"}],"wp:attachment":[{"href":"https:\/\/temucotelevision.cl\/web\/wp-json\/wp\/v2\/media?parent=53320"}],"wp:term":[{"taxonomy":"category","embeddable":true,"href":"https:\/\/temucotelevision.cl\/web\/wp-json\/wp\/v2\/categories?post=53320"},{"taxonomy":"post_tag","embeddable":true,"href":"https:\/\/temucotelevision.cl\/web\/wp-json\/wp\/v2\/tags?post=53320"}],"curies":[{"name":"wp","href":"https:\/\/api.w.org\/{rel}","templated":true}]}}