{"id":53309,"date":"2024-11-01T10:47:07","date_gmt":"2024-11-01T13:47:07","guid":{"rendered":"https:\/\/temucotelevision.cl\/web\/?p=53309"},"modified":"2024-11-01T10:47:07","modified_gmt":"2024-11-01T13:47:07","slug":"festival-internacional-de-musica-y-danzas-arabes-reunio-a-destacados-artistas-en-temuco","status":"publish","type":"post","link":"https:\/\/temucotelevision.cl\/web\/2024\/11\/01\/festival-internacional-de-musica-y-danzas-arabes-reunio-a-destacados-artistas-en-temuco\/","title":{"rendered":"Festival Internacional de m\u00fasica y Danzas \u00c1rabes reuni\u00f3 a destacados artistas en Temuco"},"content":{"rendered":"<div class=\"pvc_clear\"><\/div><p id=\"pvc_stats_53309\" class=\"pvc_stats total_only  \" data-element-id=\"53309\" style=\"\"><i class=\"pvc-stats-icon large\" aria-hidden=\"true\"><svg aria-hidden=\"true\" focusable=\"false\" data-prefix=\"far\" data-icon=\"chart-bar\" role=\"img\" xmlns=\"http:\/\/www.w3.org\/2000\/svg\" viewBox=\"0 0 512 512\" class=\"svg-inline--fa fa-chart-bar fa-w-16 fa-2x\"><path fill=\"currentColor\" d=\"M396.8 352h22.4c6.4 0 12.8-6.4 12.8-12.8V108.8c0-6.4-6.4-12.8-12.8-12.8h-22.4c-6.4 0-12.8 6.4-12.8 12.8v230.4c0 6.4 6.4 12.8 12.8 12.8zm-192 0h22.4c6.4 0 12.8-6.4 12.8-12.8V140.8c0-6.4-6.4-12.8-12.8-12.8h-22.4c-6.4 0-12.8 6.4-12.8 12.8v198.4c0 6.4 6.4 12.8 12.8 12.8zm96 0h22.4c6.4 0 12.8-6.4 12.8-12.8V204.8c0-6.4-6.4-12.8-12.8-12.8h-22.4c-6.4 0-12.8 6.4-12.8 12.8v134.4c0 6.4 6.4 12.8 12.8 12.8zM496 400H48V80c0-8.84-7.16-16-16-16H16C7.16 64 0 71.16 0 80v336c0 17.67 14.33 32 32 32h464c8.84 0 16-7.16 16-16v-16c0-8.84-7.16-16-16-16zm-387.2-48h22.4c6.4 0 12.8-6.4 12.8-12.8v-70.4c0-6.4-6.4-12.8-12.8-12.8h-22.4c-6.4 0-12.8 6.4-12.8 12.8v70.4c0 6.4 6.4 12.8 12.8 12.8z\" class=\"\"><\/path><\/svg><\/i> <img loading=\"lazy\" decoding=\"async\" width=\"16\" height=\"16\" alt=\"Loading\" src=\"https:\/\/temucotelevision.cl\/web\/wp-content\/plugins\/page-views-count\/ajax-loader-2x.gif\" border=0 \/><\/p><div class=\"pvc_clear\"><\/div>\n<p>La sensualidad y destreza de la danza \u00e1rabe, cautiv\u00f3 a las cientos de personas que presenciaron la gala de Belly Break Festival 2024, en el centro de eventos Alto Portales de Temuco, durante el fin de semana. Las presentaciones de estudiantes del sur de Chile, dieron vida a la Gala Show, siendo el &#8220;broche&#8221; de dos intensas jornadas de workshops, impartidas por los destacados artistas internacionales Diva Darina, Nicol\u00e1s Kirlis y Umut Ajnunn.<\/p>\n\n\n\n<p>El evento lleva m\u00e1s de diez a\u00f1os presente en nuestro pa\u00eds, cuyo creador es el reconocido bailar\u00edn Umut Ajnunn, quien instaur\u00f3 el certamen con la finalidad de \u201cacercar a las m\u00e1s grandes estrellas del mundo a nuestros estudiantes y tambi\u00e9n a las bailarinas Chilenas, considerando siempre la realidad de nuestro pa\u00eds y ofreciendo desde el primer d\u00eda un evento con los m\u00e1s altos est\u00e1ndares de calidad a un precio accesible para todas las personas\u201d.<\/p>\n\n\n\n<p>El evento se realiza en la ciudad de Concepci\u00f3n como casa central y anteriormente \u00fanica sede en el sur de Chile. Este a\u00f1o, la Escuela de Danzas \u00c1rabes Tanya Ruminot, fue seleccionada para ser la anfitriona en Temuco. Para su directora, cuyo nombre lleva la escuela, \u201cfue un inmenso honor, como tambi\u00e9n un gran desaf\u00edo y responsabilidad, por el nivel y trayectoria del Festival en Chile. Fue una excelente oportunidad de capacitaci\u00f3n, tanto para mis estudiantes como para las de otras Escuelas de la regi\u00f3n que fueron invitadas a participar\u201d, puntualiz\u00f3.<\/p>\n\n\n\n<p>En los workshops, las alumnas pudieron aprender del bailar\u00edn chileno Umut Ajnunn y la artista ucraniana, Diva Darina, quien posee un renombre internacional, por su t\u00e9cnica y estilo \u00fanico, que buscan encantar a la audiencia, a trav\u00e9s de la innovaci\u00f3n y de la danza en el contexto de fusiones y vanguardia. De la misma forma, el destacado m\u00fasico argentino, Nicol\u00e1s Kirlis, acompa\u00f1\u00f3 las sesiones, demostrando sus conocimientos como el heredero de la m\u00fasica \u00e1rabe instrumental, al ser hijo del maestro Mario Kirlis, con quien inici\u00f3 sus primeros pasos en el mundo de la m\u00fasica \u00e1rabe. Actualmente es uno de los M\u00fasicos Tecladistas y Derbakistas m\u00e1s contratados del mundo, recorriendo su pa\u00eds y diversos rincones del planeta como solista.<\/p>\n\n\n\n<p>Para la producci\u00f3n, fue todo un \u00e9xito acercar el festival a las ciudades estrat\u00e9gicas de nuestro pa\u00eds, en la gira que comprendi\u00f3 las ciudades de Santiago, Antofagasta y Temuco, con el objetivo de reunir los puntos de conexi\u00f3n de todos los seguidores que buscan ver y presenciar espect\u00e1culos del m\u00e1s alto nivel, junto con el perfeccionamiento entregado por los destacados artistas estelares invitados al certamen.<\/p>\n\n\n\n<figure class=\"wp-block-image size-large\"><img loading=\"lazy\" decoding=\"async\" width=\"749\" height=\"1000\" src=\"https:\/\/temucotelevision.cl\/web\/wp-content\/uploads\/2024\/11\/Si-749x1000.png\" alt=\"\" class=\"wp-image-53311\" srcset=\"https:\/\/temucotelevision.cl\/web\/wp-content\/uploads\/2024\/11\/Si-749x1000.png 749w, https:\/\/temucotelevision.cl\/web\/wp-content\/uploads\/2024\/11\/Si-768x1025.png 768w, https:\/\/temucotelevision.cl\/web\/wp-content\/uploads\/2024\/11\/Si.png 1094w\" sizes=\"auto, (max-width: 749px) 100vw, 749px\" \/><\/figure>\n","protected":false},"excerpt":{"rendered":"<div class=\"pvc_clear\"><\/div>\n<p id=\"pvc_stats_53309\" class=\"pvc_stats total_only  \" data-element-id=\"53309\" style=\"\"><i class=\"pvc-stats-icon large\" aria-hidden=\"true\"><svg aria-hidden=\"true\" focusable=\"false\" data-prefix=\"far\" data-icon=\"chart-bar\" role=\"img\" xmlns=\"http:\/\/www.w3.org\/2000\/svg\" viewBox=\"0 0 512 512\" class=\"svg-inline--fa fa-chart-bar fa-w-16 fa-2x\"><path fill=\"currentColor\" d=\"M396.8 352h22.4c6.4 0 12.8-6.4 12.8-12.8V108.8c0-6.4-6.4-12.8-12.8-12.8h-22.4c-6.4 0-12.8 6.4-12.8 12.8v230.4c0 6.4 6.4 12.8 12.8 12.8zm-192 0h22.4c6.4 0 12.8-6.4 12.8-12.8V140.8c0-6.4-6.4-12.8-12.8-12.8h-22.4c-6.4 0-12.8 6.4-12.8 12.8v198.4c0 6.4 6.4 12.8 12.8 12.8zm96 0h22.4c6.4 0 12.8-6.4 12.8-12.8V204.8c0-6.4-6.4-12.8-12.8-12.8h-22.4c-6.4 0-12.8 6.4-12.8 12.8v134.4c0 6.4 6.4 12.8 12.8 12.8zM496 400H48V80c0-8.84-7.16-16-16-16H16C7.16 64 0 71.16 0 80v336c0 17.67 14.33 32 32 32h464c8.84 0 16-7.16 16-16v-16c0-8.84-7.16-16-16-16zm-387.2-48h22.4c6.4 0 12.8-6.4 12.8-12.8v-70.4c0-6.4-6.4-12.8-12.8-12.8h-22.4c-6.4 0-12.8 6.4-12.8 12.8v70.4c0 6.4 6.4 12.8 12.8 12.8z\" class=\"\"><\/path><\/svg><\/i> <img loading=\"lazy\" decoding=\"async\" width=\"16\" height=\"16\" alt=\"Loading\" src=\"https:\/\/temucotelevision.cl\/web\/wp-content\/plugins\/page-views-count\/ajax-loader-2x.gif\" border=0 \/><\/p>\n<div class=\"pvc_clear\"><\/div>\n<p>La sensualidad y destreza de la danza \u00e1rabe, cautiv\u00f3 a las cientos de personas que presenciaron la gala de Belly<\/p>\n","protected":false},"author":1,"featured_media":53310,"comment_status":"open","ping_status":"open","sticky":false,"template":"","format":"standard","meta":{"colormag_page_container_layout":"default_layout","colormag_page_sidebar_layout":"default_layout","footnotes":""},"categories":[86],"tags":[141],"class_list":["post-53309","post","type-post","status-publish","format-standard","has-post-thumbnail","hentry","category-panoramas","tag-festival"],"a3_pvc":{"activated":true,"total_views":984,"today_views":0},"_links":{"self":[{"href":"https:\/\/temucotelevision.cl\/web\/wp-json\/wp\/v2\/posts\/53309","targetHints":{"allow":["GET"]}}],"collection":[{"href":"https:\/\/temucotelevision.cl\/web\/wp-json\/wp\/v2\/posts"}],"about":[{"href":"https:\/\/temucotelevision.cl\/web\/wp-json\/wp\/v2\/types\/post"}],"author":[{"embeddable":true,"href":"https:\/\/temucotelevision.cl\/web\/wp-json\/wp\/v2\/users\/1"}],"replies":[{"embeddable":true,"href":"https:\/\/temucotelevision.cl\/web\/wp-json\/wp\/v2\/comments?post=53309"}],"version-history":[{"count":1,"href":"https:\/\/temucotelevision.cl\/web\/wp-json\/wp\/v2\/posts\/53309\/revisions"}],"predecessor-version":[{"id":53312,"href":"https:\/\/temucotelevision.cl\/web\/wp-json\/wp\/v2\/posts\/53309\/revisions\/53312"}],"wp:featuredmedia":[{"embeddable":true,"href":"https:\/\/temucotelevision.cl\/web\/wp-json\/wp\/v2\/media\/53310"}],"wp:attachment":[{"href":"https:\/\/temucotelevision.cl\/web\/wp-json\/wp\/v2\/media?parent=53309"}],"wp:term":[{"taxonomy":"category","embeddable":true,"href":"https:\/\/temucotelevision.cl\/web\/wp-json\/wp\/v2\/categories?post=53309"},{"taxonomy":"post_tag","embeddable":true,"href":"https:\/\/temucotelevision.cl\/web\/wp-json\/wp\/v2\/tags?post=53309"}],"curies":[{"name":"wp","href":"https:\/\/api.w.org\/{rel}","templated":true}]}}