{"id":53289,"date":"2024-10-31T22:39:04","date_gmt":"2024-11-01T01:39:04","guid":{"rendered":"https:\/\/temucotelevision.cl\/web\/?p=53289"},"modified":"2024-10-31T22:41:54","modified_gmt":"2024-11-01T01:41:54","slug":"kylie-vuelve-con-fuerza-tension-ii-y-su-impactante-gira-mundial-2025","status":"publish","type":"post","link":"https:\/\/temucotelevision.cl\/web\/2024\/10\/31\/kylie-vuelve-con-fuerza-tension-ii-y-su-impactante-gira-mundial-2025\/","title":{"rendered":"&#8220;Kylie Vuelve con Fuerza: &#8216;Tension II&#8217; y su Impactante Gira Mundial 2025&#8221;"},"content":{"rendered":"<div class=\"pvc_clear\"><\/div><p id=\"pvc_stats_53289\" class=\"pvc_stats total_only  \" data-element-id=\"53289\" style=\"\"><i class=\"pvc-stats-icon large\" aria-hidden=\"true\"><svg aria-hidden=\"true\" focusable=\"false\" data-prefix=\"far\" data-icon=\"chart-bar\" role=\"img\" xmlns=\"http:\/\/www.w3.org\/2000\/svg\" viewBox=\"0 0 512 512\" class=\"svg-inline--fa fa-chart-bar fa-w-16 fa-2x\"><path fill=\"currentColor\" d=\"M396.8 352h22.4c6.4 0 12.8-6.4 12.8-12.8V108.8c0-6.4-6.4-12.8-12.8-12.8h-22.4c-6.4 0-12.8 6.4-12.8 12.8v230.4c0 6.4 6.4 12.8 12.8 12.8zm-192 0h22.4c6.4 0 12.8-6.4 12.8-12.8V140.8c0-6.4-6.4-12.8-12.8-12.8h-22.4c-6.4 0-12.8 6.4-12.8 12.8v198.4c0 6.4 6.4 12.8 12.8 12.8zm96 0h22.4c6.4 0 12.8-6.4 12.8-12.8V204.8c0-6.4-6.4-12.8-12.8-12.8h-22.4c-6.4 0-12.8 6.4-12.8 12.8v134.4c0 6.4 6.4 12.8 12.8 12.8zM496 400H48V80c0-8.84-7.16-16-16-16H16C7.16 64 0 71.16 0 80v336c0 17.67 14.33 32 32 32h464c8.84 0 16-7.16 16-16v-16c0-8.84-7.16-16-16-16zm-387.2-48h22.4c6.4 0 12.8-6.4 12.8-12.8v-70.4c0-6.4-6.4-12.8-12.8-12.8h-22.4c-6.4 0-12.8 6.4-12.8 12.8v70.4c0 6.4 6.4 12.8 12.8 12.8z\" class=\"\"><\/path><\/svg><\/i> <img loading=\"lazy\" decoding=\"async\" width=\"16\" height=\"16\" alt=\"Loading\" src=\"https:\/\/temucotelevision.cl\/web\/wp-content\/plugins\/page-views-count\/ajax-loader-2x.gif\" border=0 \/><\/p><div class=\"pvc_clear\"><\/div>\n<p><strong>Kylie&nbsp;<\/strong>lanz\u00f3 su esperad\u00edsimo nuevo \u00e1lbum&nbsp;<strong>\u201cTension II\u201d<\/strong>, una nueva colecci\u00f3n de 13 canciones que ya est\u00e1 disponible a trav\u00e9s de&nbsp;<strong>BMG.<\/strong>&nbsp;&nbsp;<\/p>\n\n\n\n<iframe loading=\"lazy\" width=\"560\" height=\"315\" src=\"https:\/\/www.youtube.com\/embed\/aAVqr8hwjVY?si=XEvbhdZdWpWuGowC\" title=\"YouTube video player\" frameborder=\"0\" allow=\"accelerometer; autoplay; clipboard-write; encrypted-media; gyroscope; picture-in-picture; web-share\" referrerpolicy=\"strict-origin-when-cross-origin\" allowfullscreen><\/iframe>\n\n\n\n<p><strong>\u201cTension II\u201d<\/strong>&nbsp;es la secuela de alto voltaje del \u00e1lbum #1 y \u00e9xito mundial&nbsp;<strong>\u201cTension\u201d<\/strong>, el cual ve a&nbsp;<strong>Kylie&nbsp;<\/strong>adentrarse a\u00fan m\u00e1s en el espacio electr\u00f3nico, y est\u00e1 repleto de himnos para la pista de baile.&nbsp; El disco incluye nueve canciones de estudio in\u00e9ditas, incluido el single principal&nbsp;<a href=\"https:\/\/www.youtube.com\/watch?v=aAVqr8hwjVY\" target=\"_blank\" rel=\"noreferrer noopener\"><em>&#8220;Lights Camera Action&#8221;<\/em><\/a>, as\u00ed como el \u00e9xito dance&nbsp;<em>\u201cEdge of Saturday Night\u201d<\/em>&nbsp;con&nbsp;<strong>The Blessed Madonna<\/strong>&nbsp;y las colaboraciones con&nbsp;<strong>Orville Peck, Bebe Rexha &#8211; Tove Lo, y Sia.<\/strong>&nbsp; Escucha el \u00e1lbum completo&nbsp;<a href=\"https:\/\/kylie.lnk.to\/TensionIIAlbumPR\" target=\"_blank\" rel=\"noreferrer noopener\">aqu\u00ed<\/a>.<\/p>\n\n\n\n<p><strong>Kylie&nbsp;<\/strong>coment\u00f3:&nbsp;<em>\u201cLa era \u2018Tension\u2019 ha sido tan especial para m\u00ed&#8230; \u00a1No puedo permitir que se acabe todav\u00eda! Bienvenidos a &#8216;Tension II&#8217;.\u201d<\/em><\/p>\n\n\n\n<p>El mes pasado,&nbsp;<strong>Kylie&nbsp;<\/strong>anunci\u00f3 su esperada gira&nbsp;<strong>\u201cTension Tour\u201d&nbsp;<\/strong>para 2025, en la que actuar\u00e1 en ciudades de todo el mundo y que ser\u00e1 la mayor gira de Kylie desde 2011.&nbsp; El tour, que comenzar\u00e1 en Australia, pa\u00eds natal de Kylie, recorrer\u00e1 Asia y Norteam\u00e9rica antes de llegar al Reino Unido en mayo y recorrer Europa.&nbsp; Debido a la enorme demanda, ya se han a\u00f1adido fechas adicionales a la gira, incluyendo actuaciones en Nueva York, Sydney y Londres.&nbsp; Las entradas para \u201cTension Tour\u201d ya est\u00e1n a la venta. Para m\u00e1s informaci\u00f3n, visita&nbsp;<a href=\"https:\/\/www.kylie.com\/\" target=\"_blank\" rel=\"noreferrer noopener\">Kylie.com.<\/a><\/p>\n\n\n\n<p><strong>Kylie&nbsp;<\/strong>dijo sobre la gira:&nbsp;<em>&#8220;Estoy m\u00e1s que emocionada con el&nbsp;<strong>TENSION TOUR 2025<\/strong>. No puedo esperar a compartir momentos hermosos y salvajes con los fans de todo el mundo, \u00a1celebrando la era Tension y mucho m\u00e1s! Ha sido un viaje estimulante hasta ahora y ahora, prep\u00e1rense para su primer plano porque estar\u00e9 llamando a Luces, C\u00e1mara, Acci\u00f3n &#8230; \u00a1y habr\u00e1 un mont\u00f3n de \u2018Padaming\u2019 (en referencia a su hit mundial ganador del Grammy&nbsp;<\/em><strong><em>\u201cPadam Padam\u201d<\/em><\/strong><em>!&#8221;<\/em><\/p>\n\n\n\n<p>En 2024,&nbsp;<strong>Kylie&nbsp;<\/strong>ya se ha llevado a casa el premio&nbsp;<strong>Global Icon<\/strong>&nbsp;en los&nbsp;<strong>BRIT Awards<\/strong>, ha ganado el&nbsp;<strong>Grammy<\/strong>&nbsp;a la Mejor Grabaci\u00f3n Pop Dance por&nbsp;<strong>\u201cPadam Padam\u201d<\/strong>, ha asistido a la&nbsp;<strong>Gala Met<\/strong>, ha completado su&nbsp;<strong>residencia inaugural en Las Vegas<\/strong>&nbsp;y ha lanzado una serie de colaboraciones de alto nivel. En julio,&nbsp;<strong>Kylie<\/strong>&nbsp;ofreci\u00f3 un espect\u00e1culo impresionante y alabado por la cr\u00edtica en el&nbsp;<strong>BST Hyde Park<\/strong>&nbsp;de Londres. Descrito por&nbsp;<strong>The Guardian<\/strong>&nbsp;como \u201c<em>una gloriosa celebraci\u00f3n de la perfecci\u00f3n pop\u201d<\/em>&nbsp;(5*), por&nbsp;<strong>Metro&nbsp;<\/strong>como&nbsp;<em>\u201cescandalosamente bueno<\/em>\u201d (5*), y la&nbsp;<strong>cr\u00edtica de 5* de Rolling Stone<\/strong>&nbsp;dec\u00eda:&nbsp;<strong>\u201c<em>La conquista de Londres por parte de esta reina del pop demuestra que su indiscutible lugar en la cima del trono sigue perfectamente intacto<\/em>\u201d.<\/strong>&nbsp; Kylie public\u00f3 su \u00e1lbum #1&nbsp;<strong>\u201cTension\u201d<\/strong>&nbsp;en septiembre de 2023, que ya se acerca a los 500 millones de streams.<\/p>\n\n\n\n<figure class=\"wp-block-image size-full\"><img loading=\"lazy\" decoding=\"async\" width=\"871\" height=\"922\" src=\"https:\/\/temucotelevision.cl\/web\/wp-content\/uploads\/2024\/10\/unnamed-10.jpg\" alt=\"\" class=\"wp-image-53292\" srcset=\"https:\/\/temucotelevision.cl\/web\/wp-content\/uploads\/2024\/10\/unnamed-10.jpg 871w, https:\/\/temucotelevision.cl\/web\/wp-content\/uploads\/2024\/10\/unnamed-10-768x813.jpg 768w\" sizes=\"auto, (max-width: 871px) 100vw, 871px\" \/><\/figure>\n","protected":false},"excerpt":{"rendered":"<div class=\"pvc_clear\"><\/div>\n<p id=\"pvc_stats_53289\" class=\"pvc_stats total_only  \" data-element-id=\"53289\" style=\"\"><i class=\"pvc-stats-icon large\" aria-hidden=\"true\"><svg aria-hidden=\"true\" focusable=\"false\" data-prefix=\"far\" data-icon=\"chart-bar\" role=\"img\" xmlns=\"http:\/\/www.w3.org\/2000\/svg\" viewBox=\"0 0 512 512\" class=\"svg-inline--fa fa-chart-bar fa-w-16 fa-2x\"><path fill=\"currentColor\" d=\"M396.8 352h22.4c6.4 0 12.8-6.4 12.8-12.8V108.8c0-6.4-6.4-12.8-12.8-12.8h-22.4c-6.4 0-12.8 6.4-12.8 12.8v230.4c0 6.4 6.4 12.8 12.8 12.8zm-192 0h22.4c6.4 0 12.8-6.4 12.8-12.8V140.8c0-6.4-6.4-12.8-12.8-12.8h-22.4c-6.4 0-12.8 6.4-12.8 12.8v198.4c0 6.4 6.4 12.8 12.8 12.8zm96 0h22.4c6.4 0 12.8-6.4 12.8-12.8V204.8c0-6.4-6.4-12.8-12.8-12.8h-22.4c-6.4 0-12.8 6.4-12.8 12.8v134.4c0 6.4 6.4 12.8 12.8 12.8zM496 400H48V80c0-8.84-7.16-16-16-16H16C7.16 64 0 71.16 0 80v336c0 17.67 14.33 32 32 32h464c8.84 0 16-7.16 16-16v-16c0-8.84-7.16-16-16-16zm-387.2-48h22.4c6.4 0 12.8-6.4 12.8-12.8v-70.4c0-6.4-6.4-12.8-12.8-12.8h-22.4c-6.4 0-12.8 6.4-12.8 12.8v70.4c0 6.4 6.4 12.8 12.8 12.8z\" class=\"\"><\/path><\/svg><\/i> <img loading=\"lazy\" decoding=\"async\" width=\"16\" height=\"16\" alt=\"Loading\" src=\"https:\/\/temucotelevision.cl\/web\/wp-content\/plugins\/page-views-count\/ajax-loader-2x.gif\" border=0 \/><\/p>\n<div class=\"pvc_clear\"><\/div>\n<p>Kylie&nbsp;lanz\u00f3 su esperad\u00edsimo nuevo \u00e1lbum&nbsp;\u201cTension II\u201d, una nueva colecci\u00f3n de 13 canciones que ya est\u00e1 disponible a trav\u00e9s de&nbsp;BMG.&nbsp;&nbsp; \u201cTension<\/p>\n","protected":false},"author":1,"featured_media":53290,"comment_status":"open","ping_status":"open","sticky":false,"template":"","format":"standard","meta":{"colormag_page_container_layout":"default_layout","colormag_page_sidebar_layout":"default_layout","footnotes":""},"categories":[369],"tags":[7155],"class_list":["post-53289","post","type-post","status-publish","format-standard","has-post-thumbnail","hentry","category-musica","tag-tension-ii"],"a3_pvc":{"activated":true,"total_views":7663,"today_views":0},"_links":{"self":[{"href":"https:\/\/temucotelevision.cl\/web\/wp-json\/wp\/v2\/posts\/53289","targetHints":{"allow":["GET"]}}],"collection":[{"href":"https:\/\/temucotelevision.cl\/web\/wp-json\/wp\/v2\/posts"}],"about":[{"href":"https:\/\/temucotelevision.cl\/web\/wp-json\/wp\/v2\/types\/post"}],"author":[{"embeddable":true,"href":"https:\/\/temucotelevision.cl\/web\/wp-json\/wp\/v2\/users\/1"}],"replies":[{"embeddable":true,"href":"https:\/\/temucotelevision.cl\/web\/wp-json\/wp\/v2\/comments?post=53289"}],"version-history":[{"count":2,"href":"https:\/\/temucotelevision.cl\/web\/wp-json\/wp\/v2\/posts\/53289\/revisions"}],"predecessor-version":[{"id":53293,"href":"https:\/\/temucotelevision.cl\/web\/wp-json\/wp\/v2\/posts\/53289\/revisions\/53293"}],"wp:featuredmedia":[{"embeddable":true,"href":"https:\/\/temucotelevision.cl\/web\/wp-json\/wp\/v2\/media\/53290"}],"wp:attachment":[{"href":"https:\/\/temucotelevision.cl\/web\/wp-json\/wp\/v2\/media?parent=53289"}],"wp:term":[{"taxonomy":"category","embeddable":true,"href":"https:\/\/temucotelevision.cl\/web\/wp-json\/wp\/v2\/categories?post=53289"},{"taxonomy":"post_tag","embeddable":true,"href":"https:\/\/temucotelevision.cl\/web\/wp-json\/wp\/v2\/tags?post=53289"}],"curies":[{"name":"wp","href":"https:\/\/api.w.org\/{rel}","templated":true}]}}