{"id":53287,"date":"2024-10-31T22:31:28","date_gmt":"2024-11-01T01:31:28","guid":{"rendered":"https:\/\/temucotelevision.cl\/web\/?p=53287"},"modified":"2024-10-31T22:39:55","modified_gmt":"2024-11-01T01:39:55","slug":"aprueban-proyecto-del-diputado-henry-leal-que-hace-publico-el-registro-nacional-de-profugos-y-que-crea-listado-con-los-mas-buscados-del-pais","status":"publish","type":"post","link":"https:\/\/temucotelevision.cl\/web\/2024\/10\/31\/aprueban-proyecto-del-diputado-henry-leal-que-hace-publico-el-registro-nacional-de-profugos-y-que-crea-listado-con-los-mas-buscados-del-pais\/","title":{"rendered":"Aprueban proyecto del diputado Henry Leal que hace p\u00fablico el Registro Nacional de Pr\u00f3fugos y que crea listado con los &#8220;m\u00e1s buscados\u201d del pa\u00eds"},"content":{"rendered":"<div class=\"pvc_clear\"><\/div><p id=\"pvc_stats_53287\" class=\"pvc_stats total_only  \" data-element-id=\"53287\" style=\"\"><i class=\"pvc-stats-icon large\" aria-hidden=\"true\"><svg aria-hidden=\"true\" focusable=\"false\" data-prefix=\"far\" data-icon=\"chart-bar\" role=\"img\" xmlns=\"http:\/\/www.w3.org\/2000\/svg\" viewBox=\"0 0 512 512\" class=\"svg-inline--fa fa-chart-bar fa-w-16 fa-2x\"><path fill=\"currentColor\" d=\"M396.8 352h22.4c6.4 0 12.8-6.4 12.8-12.8V108.8c0-6.4-6.4-12.8-12.8-12.8h-22.4c-6.4 0-12.8 6.4-12.8 12.8v230.4c0 6.4 6.4 12.8 12.8 12.8zm-192 0h22.4c6.4 0 12.8-6.4 12.8-12.8V140.8c0-6.4-6.4-12.8-12.8-12.8h-22.4c-6.4 0-12.8 6.4-12.8 12.8v198.4c0 6.4 6.4 12.8 12.8 12.8zm96 0h22.4c6.4 0 12.8-6.4 12.8-12.8V204.8c0-6.4-6.4-12.8-12.8-12.8h-22.4c-6.4 0-12.8 6.4-12.8 12.8v134.4c0 6.4 6.4 12.8 12.8 12.8zM496 400H48V80c0-8.84-7.16-16-16-16H16C7.16 64 0 71.16 0 80v336c0 17.67 14.33 32 32 32h464c8.84 0 16-7.16 16-16v-16c0-8.84-7.16-16-16-16zm-387.2-48h22.4c6.4 0 12.8-6.4 12.8-12.8v-70.4c0-6.4-6.4-12.8-12.8-12.8h-22.4c-6.4 0-12.8 6.4-12.8 12.8v70.4c0 6.4 6.4 12.8 12.8 12.8z\" class=\"\"><\/path><\/svg><\/i> <img loading=\"lazy\" decoding=\"async\" width=\"16\" height=\"16\" alt=\"Loading\" src=\"https:\/\/temucotelevision.cl\/web\/wp-content\/plugins\/page-views-count\/ajax-loader-2x.gif\" border=0 \/><\/p><div class=\"pvc_clear\"><\/div>\n<p><em>El representante de La Araucan\u00eda valor\u00f3 que la comisi\u00f3n de Seguridad Ciudadana diera luz verde a la iniciativa, que ayudar\u00e1 a concretar las \u00f3rdenes de detenci\u00f3n que est\u00e1n vigentes.<\/em><\/p>\n\n\n\n<p>La comisi\u00f3n de Seguridad Ciudadana de la C\u00e1mara Baja aprob\u00f3 un importante proyecto de ley que present\u00f3 -junto a otros parlamentarios- el diputado por la Regi\u00f3n de La Araucan\u00eda e integrante de dicha instancia, Henry Leal (UDI), para hacer p\u00fablico el Registro Nacional de Pr\u00f3fugos y as\u00ed facilitar todas las \u00f3rdenes de detenci\u00f3n que est\u00e1n pendientes en el pa\u00eds y que no se han podido concretar.<\/p>\n\n\n\n<p>Al respecto, el parlamentario gremialista record\u00f3 que fue en marzo del a\u00f1o pasado cuando ingresaron dicha iniciativa, como una manera de contribuir en el combate de la actual crisis de seguridad por la que atraviesa el pa\u00eds y dar con el paradero de los responsables de distintos delitos.<\/p>\n\n\n\n<p>As\u00ed, fue a comienzos de esta semana que se despach\u00f3 a Sala el proyecto, luego que se acordara con el Gobierno que sea la Polic\u00eda de Investigaciones (PDI) y Carabineros, en coordinaci\u00f3n con la Fiscal\u00eda, los que identifiquen los casos prioritarios en el pa\u00eds para as\u00ed divulgar la informaci\u00f3n y hacerla p\u00fablica.<\/p>\n\n\n\n<p>\u201cEn medio de la grave crisis de seguridad que estamos viviendo, no podemos descartar ning\u00fan tipo de ayuda o colaboraci\u00f3n para dar con todos los responsables de cometer cualquier tipo de delito en nuestro pa\u00eds. Hoy ya existe un registro de pr\u00f3fugos, pero que no es p\u00fablico, de tal manera que se hace muy dif\u00edcil ubicar a todas las personas con \u00f3rdenes de detenci\u00f3n vigente. Con este proyecto, en cambio, va a existir un listado con los m\u00e1s buscados en Chile, cuya informaci\u00f3n ser\u00e1 publicada en los portales de ambas polic\u00edas para que todos puedan colaborar con alg\u00fan detalle\u201d, manifest\u00f3 Leal.<\/p>\n\n\n\n<p>En ese sentido, la indicaci\u00f3n aprobada por la comisi\u00f3n de Seguridad Ciudadana de la C\u00e1mara Baja establece que la informaci\u00f3n a publicar incluir\u00e1 el delito cometido por la persona o por el cual est\u00e1 siendo investigada, como tambi\u00e9n la identidad completa, una fotograf\u00eda y cualquier otra informaci\u00f3n que pueda ser \u00fatil para dar con su ubicaci\u00f3n, salvo la que pueda afectar el curso de la investigaci\u00f3n.<\/p>\n\n\n\n<p>Asimismo, el representante de La Araucan\u00eda explic\u00f3 que todos esos detalles tambi\u00e9n podr\u00e1n publicarse en los medios de comunicaci\u00f3n o en los lugares donde las polic\u00edas lo estimen necesario.<\/p>\n\n\n\n<p>De todas maneras y para evitar cualquier conflicto posterior, el diputado Leal precis\u00f3 que el proyecto prohibir\u00e1 que dicha informaci\u00f3n pueda ser utilizada por las personas para detener a alguien con una orden vigente, sino que \u00fanicamente para aportar con alg\u00fan antecedente que permita su captura.<\/p>\n\n\n\n<p>\u201cHoy es fundamental la colaboraci\u00f3n que puedan prestar los chilenos para as\u00ed ir enfrentando, entre todos, la grave crisis de seguridad que estamos viviendo. Muchas veces las polic\u00edas o la Fiscal\u00eda no tienen los antecedentes suficientes para dar con una persona en calidad de pr\u00f3fuga, pero puede que alguien s\u00ed los tenga y quiera colaborar con la investigaci\u00f3n. Por eso es importante que se avance en hacer p\u00fablico este registro, adem\u00e1s de crear un listado con los pr\u00f3fugos m\u00e1s buscados, porque nuestro deber es garantizar que todas las personas responsables paguen por sus delitos\u201d, indic\u00f3 Leal.<\/p>\n","protected":false},"excerpt":{"rendered":"<div class=\"pvc_clear\"><\/div>\n<p id=\"pvc_stats_53287\" class=\"pvc_stats total_only  \" data-element-id=\"53287\" style=\"\"><i class=\"pvc-stats-icon large\" aria-hidden=\"true\"><svg aria-hidden=\"true\" focusable=\"false\" data-prefix=\"far\" data-icon=\"chart-bar\" role=\"img\" xmlns=\"http:\/\/www.w3.org\/2000\/svg\" viewBox=\"0 0 512 512\" class=\"svg-inline--fa fa-chart-bar fa-w-16 fa-2x\"><path fill=\"currentColor\" d=\"M396.8 352h22.4c6.4 0 12.8-6.4 12.8-12.8V108.8c0-6.4-6.4-12.8-12.8-12.8h-22.4c-6.4 0-12.8 6.4-12.8 12.8v230.4c0 6.4 6.4 12.8 12.8 12.8zm-192 0h22.4c6.4 0 12.8-6.4 12.8-12.8V140.8c0-6.4-6.4-12.8-12.8-12.8h-22.4c-6.4 0-12.8 6.4-12.8 12.8v198.4c0 6.4 6.4 12.8 12.8 12.8zm96 0h22.4c6.4 0 12.8-6.4 12.8-12.8V204.8c0-6.4-6.4-12.8-12.8-12.8h-22.4c-6.4 0-12.8 6.4-12.8 12.8v134.4c0 6.4 6.4 12.8 12.8 12.8zM496 400H48V80c0-8.84-7.16-16-16-16H16C7.16 64 0 71.16 0 80v336c0 17.67 14.33 32 32 32h464c8.84 0 16-7.16 16-16v-16c0-8.84-7.16-16-16-16zm-387.2-48h22.4c6.4 0 12.8-6.4 12.8-12.8v-70.4c0-6.4-6.4-12.8-12.8-12.8h-22.4c-6.4 0-12.8 6.4-12.8 12.8v70.4c0 6.4 6.4 12.8 12.8 12.8z\" class=\"\"><\/path><\/svg><\/i> <img loading=\"lazy\" decoding=\"async\" width=\"16\" height=\"16\" alt=\"Loading\" src=\"https:\/\/temucotelevision.cl\/web\/wp-content\/plugins\/page-views-count\/ajax-loader-2x.gif\" border=0 \/><\/p>\n<div class=\"pvc_clear\"><\/div>\n<p>El representante de La Araucan\u00eda valor\u00f3 que la comisi\u00f3n de Seguridad Ciudadana diera luz verde a la iniciativa, que ayudar\u00e1<\/p>\n","protected":false},"author":1,"featured_media":40616,"comment_status":"open","ping_status":"open","sticky":false,"template":"","format":"standard","meta":{"colormag_page_container_layout":"default_layout","colormag_page_sidebar_layout":"default_layout","footnotes":""},"categories":[84],"tags":[154],"class_list":["post-53287","post","type-post","status-publish","format-standard","has-post-thumbnail","hentry","category-politica","tag-diputado"],"a3_pvc":{"activated":true,"total_views":922,"today_views":0},"_links":{"self":[{"href":"https:\/\/temucotelevision.cl\/web\/wp-json\/wp\/v2\/posts\/53287","targetHints":{"allow":["GET"]}}],"collection":[{"href":"https:\/\/temucotelevision.cl\/web\/wp-json\/wp\/v2\/posts"}],"about":[{"href":"https:\/\/temucotelevision.cl\/web\/wp-json\/wp\/v2\/types\/post"}],"author":[{"embeddable":true,"href":"https:\/\/temucotelevision.cl\/web\/wp-json\/wp\/v2\/users\/1"}],"replies":[{"embeddable":true,"href":"https:\/\/temucotelevision.cl\/web\/wp-json\/wp\/v2\/comments?post=53287"}],"version-history":[{"count":1,"href":"https:\/\/temucotelevision.cl\/web\/wp-json\/wp\/v2\/posts\/53287\/revisions"}],"predecessor-version":[{"id":53288,"href":"https:\/\/temucotelevision.cl\/web\/wp-json\/wp\/v2\/posts\/53287\/revisions\/53288"}],"wp:featuredmedia":[{"embeddable":true,"href":"https:\/\/temucotelevision.cl\/web\/wp-json\/wp\/v2\/media\/40616"}],"wp:attachment":[{"href":"https:\/\/temucotelevision.cl\/web\/wp-json\/wp\/v2\/media?parent=53287"}],"wp:term":[{"taxonomy":"category","embeddable":true,"href":"https:\/\/temucotelevision.cl\/web\/wp-json\/wp\/v2\/categories?post=53287"},{"taxonomy":"post_tag","embeddable":true,"href":"https:\/\/temucotelevision.cl\/web\/wp-json\/wp\/v2\/tags?post=53287"}],"curies":[{"name":"wp","href":"https:\/\/api.w.org\/{rel}","templated":true}]}}