{"id":53283,"date":"2024-10-31T22:27:55","date_gmt":"2024-11-01T01:27:55","guid":{"rendered":"https:\/\/temucotelevision.cl\/web\/?p=53283"},"modified":"2024-10-31T22:28:35","modified_gmt":"2024-11-01T01:28:35","slug":"cientos-de-fanaticos-celebran-el-triunfo-del-futbol-rural-en-la-liga-campesina-de-padre-las-casas","status":"publish","type":"post","link":"https:\/\/temucotelevision.cl\/web\/2024\/10\/31\/cientos-de-fanaticos-celebran-el-triunfo-del-futbol-rural-en-la-liga-campesina-de-padre-las-casas\/","title":{"rendered":"Cientos de fan\u00e1ticos celebran el triunfo del f\u00fatbol rural en la Liga Campesina de Padre Las Casas"},"content":{"rendered":"<div class=\"pvc_clear\"><\/div><p id=\"pvc_stats_53283\" class=\"pvc_stats total_only  \" data-element-id=\"53283\" style=\"\"><i class=\"pvc-stats-icon large\" aria-hidden=\"true\"><svg aria-hidden=\"true\" focusable=\"false\" data-prefix=\"far\" data-icon=\"chart-bar\" role=\"img\" xmlns=\"http:\/\/www.w3.org\/2000\/svg\" viewBox=\"0 0 512 512\" class=\"svg-inline--fa fa-chart-bar fa-w-16 fa-2x\"><path fill=\"currentColor\" d=\"M396.8 352h22.4c6.4 0 12.8-6.4 12.8-12.8V108.8c0-6.4-6.4-12.8-12.8-12.8h-22.4c-6.4 0-12.8 6.4-12.8 12.8v230.4c0 6.4 6.4 12.8 12.8 12.8zm-192 0h22.4c6.4 0 12.8-6.4 12.8-12.8V140.8c0-6.4-6.4-12.8-12.8-12.8h-22.4c-6.4 0-12.8 6.4-12.8 12.8v198.4c0 6.4 6.4 12.8 12.8 12.8zm96 0h22.4c6.4 0 12.8-6.4 12.8-12.8V204.8c0-6.4-6.4-12.8-12.8-12.8h-22.4c-6.4 0-12.8 6.4-12.8 12.8v134.4c0 6.4 6.4 12.8 12.8 12.8zM496 400H48V80c0-8.84-7.16-16-16-16H16C7.16 64 0 71.16 0 80v336c0 17.67 14.33 32 32 32h464c8.84 0 16-7.16 16-16v-16c0-8.84-7.16-16-16-16zm-387.2-48h22.4c6.4 0 12.8-6.4 12.8-12.8v-70.4c0-6.4-6.4-12.8-12.8-12.8h-22.4c-6.4 0-12.8 6.4-12.8 12.8v70.4c0 6.4 6.4 12.8 12.8 12.8z\" class=\"\"><\/path><\/svg><\/i> <img loading=\"lazy\" decoding=\"async\" width=\"16\" height=\"16\" alt=\"Loading\" src=\"https:\/\/temucotelevision.cl\/web\/wp-content\/plugins\/page-views-count\/ajax-loader-2x.gif\" border=0 \/><\/p><div class=\"pvc_clear\"><\/div>\n<p><em>El evento deportivo se disput\u00f3 en tres sectores de la comuna dio vida a una fiesta del f\u00fatbol entre los entusiastas seguidores que llegaron a apoyar.<\/em><\/p>\n\n\n\n<p>Una verdadera fiesta del f\u00fatbol se vivi\u00f3 en Padre Las Casas con el desarrollo de la Liga Campesina de F\u00fatbol que fue organizada por las ligas Huichahue Chomio, Lonko Namun y Deportiva Quepe-Huichahue, con el apoyo del Gobierno Regional a trav\u00e9s de la Corporaci\u00f3n Desarrolla Araucan\u00eda.<\/p>\n\n\n\n<p>El campeonato comunitario se desarroll\u00f3 en las canchas de Cunco Chico, Quepe Huichahue y Metrenco. Fue ah\u00ed donde los jugadores vivieron el encuentro con la compa\u00f1\u00eda de familiares, amigos e hinchas que llegaron a apoyar a los equipos que participaron en el evento deportivo.<\/p>\n\n\n\n<p>Carlos Fuentes, gobernador (s), destac\u00f3 la importancia de&nbsp;<em>\u201cfomentar el deporte, los encuentros deportivos, la disciplina y los valores que conlleva el f\u00fatbol como disciplina de trabajo en equipo. Como Gobierno Regional apoyamos estas instancias porque, adem\u00e1s de impulsar el deporte, tambi\u00e9n se transforma en una oportunidad para compartir entre los familiares, amigos y amantes del f\u00fatbol\u201d.<\/em><\/p>\n\n\n\n<p>David Neculman, perteneciente a la liga Huichahue-Chomio, que cuenta con m\u00e1s de 15 a\u00f1os de trayectoria, se\u00f1al\u00f3 que&nbsp;<em>\u201ces importante el deporte porque tambi\u00e9n sirve harto a la juventud, a los ni\u00f1os, a la familia que viene a compartir. Es algo muy bueno porque hay que saber competir\u201d. Adem\u00e1s, se\u00f1al\u00f3 que \u201ces importante el apoyo del gobierno regional porque lo hacemos por amor al deporte, todo lo que tenemos como la implementaci\u00f3n lo hacemos nosotros\u201d<\/em><\/p>\n\n\n\n<p>El gran ganador de la jornada fue el equipo \u201cHurac\u00e1n Cudico\u201d quienes lograron imponerse en esta temporada. Miguel Moraga, presidente de la liga Lonko Lamun de Metrenco, quien ratific\u00f3 el triunfo del club, agradeci\u00f3 la masiva convocatoria a pesar de la lluvia, dijo, \u201c<em>que todo se dio bien, tranquilo. La liga que tenemos es la \u00fanica representante de f\u00fatbol rural en Padre Las Casas y el 10 de noviembre nos toca salir a representar a la comuna en el regional de la liga campesina\u201d.<\/em><\/p>\n\n\n\n<p>Sixto \u00d1ancucheo, director t\u00e9cnico del club ganador expres\u00f3 que \u201c<em>estamos super contentos, se logr\u00f3 el tricampeonato que era el objetivo de este a\u00f1o. Damos las gracias al Gobierno Regional y que siga el deporte porque hay harta juventud. Eso es bonito, que la familia venga a la cancha\u201d.<\/em><\/p>\n\n\n\n<p>Mientras que Jaime Cuevas, capit\u00e1n del equipo ganador, tambi\u00e9n manifest\u00f3 su alegr\u00eda por el triunfo. \u201cHay hartas familias, hartos ni\u00f1os chicos, harta familia (\u2026) ahora vamos al regional, esperamos que nos vaya bien\u201d.<\/p>\n\n\n\n<p>En el lugar, tambi\u00e9n se reunieron emprendedores de cada sector para instalar sus stands y vender sus productos, principalmente preparaciones gastron\u00f3micas, las que fueron degustadas por el p\u00fablico asistente, impulsando con ello, el fomento productivo, el emprendimiento y la econom\u00eda local.&nbsp;<\/p>\n\n\n\n<figure class=\"wp-block-image size-large\"><img loading=\"lazy\" decoding=\"async\" width=\"1000\" height=\"750\" src=\"https:\/\/temucotelevision.cl\/web\/wp-content\/uploads\/2024\/10\/Futbol-PLC-1000x750.jpeg\" alt=\"\" class=\"wp-image-53285\" srcset=\"https:\/\/temucotelevision.cl\/web\/wp-content\/uploads\/2024\/10\/Futbol-PLC-1000x750.jpeg 1000w, https:\/\/temucotelevision.cl\/web\/wp-content\/uploads\/2024\/10\/Futbol-PLC-768x576.jpeg 768w, https:\/\/temucotelevision.cl\/web\/wp-content\/uploads\/2024\/10\/Futbol-PLC-1536x1152.jpeg 1536w, https:\/\/temucotelevision.cl\/web\/wp-content\/uploads\/2024\/10\/Futbol-PLC-2048x1536.jpeg 2048w\" sizes=\"auto, (max-width: 1000px) 100vw, 1000px\" \/><\/figure>\n","protected":false},"excerpt":{"rendered":"<div class=\"pvc_clear\"><\/div>\n<p id=\"pvc_stats_53283\" class=\"pvc_stats total_only  \" data-element-id=\"53283\" style=\"\"><i class=\"pvc-stats-icon large\" aria-hidden=\"true\"><svg aria-hidden=\"true\" focusable=\"false\" data-prefix=\"far\" data-icon=\"chart-bar\" role=\"img\" xmlns=\"http:\/\/www.w3.org\/2000\/svg\" viewBox=\"0 0 512 512\" class=\"svg-inline--fa fa-chart-bar fa-w-16 fa-2x\"><path fill=\"currentColor\" d=\"M396.8 352h22.4c6.4 0 12.8-6.4 12.8-12.8V108.8c0-6.4-6.4-12.8-12.8-12.8h-22.4c-6.4 0-12.8 6.4-12.8 12.8v230.4c0 6.4 6.4 12.8 12.8 12.8zm-192 0h22.4c6.4 0 12.8-6.4 12.8-12.8V140.8c0-6.4-6.4-12.8-12.8-12.8h-22.4c-6.4 0-12.8 6.4-12.8 12.8v198.4c0 6.4 6.4 12.8 12.8 12.8zm96 0h22.4c6.4 0 12.8-6.4 12.8-12.8V204.8c0-6.4-6.4-12.8-12.8-12.8h-22.4c-6.4 0-12.8 6.4-12.8 12.8v134.4c0 6.4 6.4 12.8 12.8 12.8zM496 400H48V80c0-8.84-7.16-16-16-16H16C7.16 64 0 71.16 0 80v336c0 17.67 14.33 32 32 32h464c8.84 0 16-7.16 16-16v-16c0-8.84-7.16-16-16-16zm-387.2-48h22.4c6.4 0 12.8-6.4 12.8-12.8v-70.4c0-6.4-6.4-12.8-12.8-12.8h-22.4c-6.4 0-12.8 6.4-12.8 12.8v70.4c0 6.4 6.4 12.8 12.8 12.8z\" class=\"\"><\/path><\/svg><\/i> <img loading=\"lazy\" decoding=\"async\" width=\"16\" height=\"16\" alt=\"Loading\" src=\"https:\/\/temucotelevision.cl\/web\/wp-content\/plugins\/page-views-count\/ajax-loader-2x.gif\" border=0 \/><\/p>\n<div class=\"pvc_clear\"><\/div>\n<p>El evento deportivo se disput\u00f3 en tres sectores de la comuna dio vida a una fiesta del f\u00fatbol entre los<\/p>\n","protected":false},"author":1,"featured_media":53284,"comment_status":"open","ping_status":"open","sticky":false,"template":"","format":"standard","meta":{"colormag_page_container_layout":"default_layout","colormag_page_sidebar_layout":"default_layout","footnotes":""},"categories":[14],"tags":[1962],"class_list":["post-53283","post","type-post","status-publish","format-standard","has-post-thumbnail","hentry","category-temuco","tag-futbol-2"],"a3_pvc":{"activated":true,"total_views":850,"today_views":0},"_links":{"self":[{"href":"https:\/\/temucotelevision.cl\/web\/wp-json\/wp\/v2\/posts\/53283","targetHints":{"allow":["GET"]}}],"collection":[{"href":"https:\/\/temucotelevision.cl\/web\/wp-json\/wp\/v2\/posts"}],"about":[{"href":"https:\/\/temucotelevision.cl\/web\/wp-json\/wp\/v2\/types\/post"}],"author":[{"embeddable":true,"href":"https:\/\/temucotelevision.cl\/web\/wp-json\/wp\/v2\/users\/1"}],"replies":[{"embeddable":true,"href":"https:\/\/temucotelevision.cl\/web\/wp-json\/wp\/v2\/comments?post=53283"}],"version-history":[{"count":1,"href":"https:\/\/temucotelevision.cl\/web\/wp-json\/wp\/v2\/posts\/53283\/revisions"}],"predecessor-version":[{"id":53286,"href":"https:\/\/temucotelevision.cl\/web\/wp-json\/wp\/v2\/posts\/53283\/revisions\/53286"}],"wp:featuredmedia":[{"embeddable":true,"href":"https:\/\/temucotelevision.cl\/web\/wp-json\/wp\/v2\/media\/53284"}],"wp:attachment":[{"href":"https:\/\/temucotelevision.cl\/web\/wp-json\/wp\/v2\/media?parent=53283"}],"wp:term":[{"taxonomy":"category","embeddable":true,"href":"https:\/\/temucotelevision.cl\/web\/wp-json\/wp\/v2\/categories?post=53283"},{"taxonomy":"post_tag","embeddable":true,"href":"https:\/\/temucotelevision.cl\/web\/wp-json\/wp\/v2\/tags?post=53283"}],"curies":[{"name":"wp","href":"https:\/\/api.w.org\/{rel}","templated":true}]}}