{"id":53279,"date":"2024-10-31T22:21:31","date_gmt":"2024-11-01T01:21:31","guid":{"rendered":"https:\/\/temucotelevision.cl\/web\/?p=53279"},"modified":"2024-10-31T22:21:32","modified_gmt":"2024-11-01T01:21:32","slug":"emprendedores-de-la-ruta-tolten-navegable-ya-estan-listos-para-recibir-a-turistas-en-esta-nueva-temporada-2024-2025","status":"publish","type":"post","link":"https:\/\/temucotelevision.cl\/web\/2024\/10\/31\/emprendedores-de-la-ruta-tolten-navegable-ya-estan-listos-para-recibir-a-turistas-en-esta-nueva-temporada-2024-2025\/","title":{"rendered":"Emprendedores de la Ruta Tolt\u00e9n Navegable ya est\u00e1n listos para recibir a turistas en esta nueva temporada 2024-2025"},"content":{"rendered":"<div class=\"pvc_clear\"><\/div><p id=\"pvc_stats_53279\" class=\"pvc_stats total_only  \" data-element-id=\"53279\" style=\"\"><i class=\"pvc-stats-icon large\" aria-hidden=\"true\"><svg aria-hidden=\"true\" focusable=\"false\" data-prefix=\"far\" data-icon=\"chart-bar\" role=\"img\" xmlns=\"http:\/\/www.w3.org\/2000\/svg\" viewBox=\"0 0 512 512\" class=\"svg-inline--fa fa-chart-bar fa-w-16 fa-2x\"><path fill=\"currentColor\" d=\"M396.8 352h22.4c6.4 0 12.8-6.4 12.8-12.8V108.8c0-6.4-6.4-12.8-12.8-12.8h-22.4c-6.4 0-12.8 6.4-12.8 12.8v230.4c0 6.4 6.4 12.8 12.8 12.8zm-192 0h22.4c6.4 0 12.8-6.4 12.8-12.8V140.8c0-6.4-6.4-12.8-12.8-12.8h-22.4c-6.4 0-12.8 6.4-12.8 12.8v198.4c0 6.4 6.4 12.8 12.8 12.8zm96 0h22.4c6.4 0 12.8-6.4 12.8-12.8V204.8c0-6.4-6.4-12.8-12.8-12.8h-22.4c-6.4 0-12.8 6.4-12.8 12.8v134.4c0 6.4 6.4 12.8 12.8 12.8zM496 400H48V80c0-8.84-7.16-16-16-16H16C7.16 64 0 71.16 0 80v336c0 17.67 14.33 32 32 32h464c8.84 0 16-7.16 16-16v-16c0-8.84-7.16-16-16-16zm-387.2-48h22.4c6.4 0 12.8-6.4 12.8-12.8v-70.4c0-6.4-6.4-12.8-12.8-12.8h-22.4c-6.4 0-12.8 6.4-12.8 12.8v70.4c0 6.4 6.4 12.8 12.8 12.8z\" class=\"\"><\/path><\/svg><\/i> <img loading=\"lazy\" decoding=\"async\" width=\"16\" height=\"16\" alt=\"Loading\" src=\"https:\/\/temucotelevision.cl\/web\/wp-content\/plugins\/page-views-count\/ajax-loader-2x.gif\" border=0 \/><\/p><div class=\"pvc_clear\"><\/div>\n<ul class=\"wp-block-list\">\n<li>Son 29 los emprendimientos que forman parte de este emergente destino tur\u00edstico, que invita a vivir una experiencia \u00fanica de traves\u00eda fluvial, cultural y gastron\u00f3mica en la Regi\u00f3n de La Araucan\u00eda.<\/li>\n<\/ul>\n\n\n\n<p>Actividades para toda la familia y bellezas naturales por doquier son los conceptos principales que resumen el lanzamiento de la temporada 2024-2025 de la Ruta Fluvial Tolten Navegable. La actividad cont\u00f3 con la presencia de autoridades locales, emprendedores y turistas que ya se preparan para disfrutar de los m\u00faltiples atractivos que ofrece esta traves\u00eda a lo largo del imponente r\u00edo Tolt\u00e9n, en la comuna que lleva su mismo nombre en la Regi\u00f3n de La Araucan\u00eda.<\/p>\n\n\n\n<p>La Ruta ha sido dise\u00f1ada para que los visitantes puedan sumergirse en la riqueza natural e hist\u00f3rica del r\u00edo,&nbsp;<strong>combinando actividades recreativas como la pesca, el kayak y la observaci\u00f3n de aves, con una oferta gastron\u00f3mica que resalta los sabores locales.<\/strong>&nbsp;La participaci\u00f3n de los emprendedores locales, sumado al municipio, el Departamento de Acci\u00f3n Social (DAS) del Obispado de Temuco y la empresa CMPC, consolidaron este gran proyecto, que ya est\u00e1 en pleno funcionamiento.&nbsp;<\/p>\n\n\n\n<p><strong>Juan Sandoval, presidente de la Ruta Fluvial Tolt\u00e9n Navegable<\/strong>, analiz\u00f3 que \u201cla importancia de esta ruta navegable es que hemos podido cohesionar a un equipo de emprendedores en un lugar, que yo creo privilegiado para todos los que estamos ubicados alrededor de la ribera del r\u00edo y as\u00ed de alguna manera fomentar el turismo en la zona\u201d. \u201cDesde CMPC creemos que esta relaci\u00f3n con los territorios donde tenemos nuestras operaciones es la alianza que nos permite llevar ese turismo sustentable que est\u00e1n empezando Tolt\u00e9n y las rutas fluviales. Son 29 emprendimientos que estamos apoyando a lo largo de la ruta del r\u00edo, que se han incorporado con sue\u00f1os, y que nosotros como empresa tambi\u00e9n queremos ayudar a cumplir\u201d,&nbsp;<strong>apunt\u00f3 Juan Pablo Fuentes, subgerente de Relacionamiento Sur de CMPC.&nbsp;<\/strong><\/p>\n\n\n\n<p>Desde el municipio del Tolt\u00e9n, el&nbsp;<strong>alcalde (s), Juan Carlos Paz<\/strong>, coment\u00f3 que \u201cel trabajo colaborativo entre la empresa privada, organizaciones sociales, juntas de vecinos, asociaciones gremiales y el municipio es clave para impulsar una mejor calidad de vida para los habitantes del territorio\u201d. Tambi\u00e9n,&nbsp;<strong>Juan Andr\u00e9s Basly, vicario general de la Di\u00f3cesis de San Jos\u00e9, Temuco<\/strong>, agreg\u00f3 que \u201ccreo que esto es un desaf\u00edo grande por el cual ha optado el DAS, que es la Acci\u00f3n Social de nuestra di\u00f3cesis, de hacer presente estos r\u00edos maravillosos en donde hay tanta gente que vive a su alrededor que ejercen sus emprendimientos. Es muy bonito que desarrollemos tambi\u00e9n el turismo de esta manera\u201d<\/p>\n\n\n\n<p><strong>Un d\u00eda perfecto: Ruta gastron\u00f3mica y de pesca<\/strong><\/p>\n\n\n\n<p>El itinerario propuesto para esta temporada promete ser inolvidable. El d\u00eda comienza en el encantador&nbsp;<strong>Ruka y Camping Lafken Mapu<\/strong>, cuya due\u00f1a es la se\u00f1ora Mar\u00eda Luzmira \u00d1ancucheo. Aqu\u00ed, los visitantes podr\u00e1n disfrutar de un delicioso desayuno mapuche, con productos frescos de la zona, como pan amasado, tortillas al rescoldo, quesos, miel y mermeladas caseras, todo acompa\u00f1ado por un reconfortante mate o caf\u00e9 de grano. Este entorno natural ofrece una experiencia \u00fanica, ya que permite compartir con la cultura local en un espacio lleno de tranquilidad y tradici\u00f3n.<\/p>\n\n\n\n<p>Despu\u00e9s del desayuno,&nbsp;<strong>Marcos Fuentes entrega la oportunidad de recorrer las tranquilas aguas del r\u00edo, gracias a su emprendimiento \u201cTolt\u00e9n Tours\u201d.<\/strong>&nbsp;Con paseos en kayak, Marcos ofrece la oportunidad de conectarse directamente con la naturaleza, observando las aves que habitan en las orillas del r\u00edo y disfrutando del paisaje que se despliega a medida que se avanza en la traves\u00eda.<\/p>\n\n\n\n<p>Adem\u00e1s del kayak, los visitantes pueden participar en una jornada de pesca recreativa, una de las actividades m\u00e1s destacadas de la ruta. Este curso de agua es conocido tambi\u00e9n por su abundancia de especies como la trucha y el salm\u00f3n, lo que convierte esta experiencia en una aventura imperdible para los amantes de la pesca. Guiados por expertos locales, los turistas podr\u00e1n pescar mientras disfrutan de la serenidad del entorno.<\/p>\n\n\n\n<p><strong>Luego del r\u00edo, hacia Quele<\/strong><\/p>\n\n\n\n<p>Tras la ma\u00f1ana de actividades en el r\u00edo, el recorrido contin\u00faa hacia la localidad de Queule, donde espera un exquisito almuerzo en&nbsp;<strong>la famosa Cociner\u00eda de Do\u00f1a Victoria Benavente<\/strong>. Este acogedor lugar es reconocido por su oferta culinaria basada en productos del mar, frescos y locales. El almuerzo incluye una variedad de platos tradicionales como empanadas de mariscos, ensaladas surtidas y diversos pescados, todos preparados con recetas que han pasado de generaci\u00f3n en generaci\u00f3n. La abundancia y el sabor de estos platillos reflejan lo mejor de la gastronom\u00eda costera de la regi\u00f3n.<\/p>\n\n\n\n<p>Para finalizar el d\u00eda, los visitantes pueden dirigirse a la&nbsp;<strong>Caleta La Barra, donde los espera el popular Restaurante La Boca del Lobo.<\/strong>&nbsp;Este lugar es el destino perfecto para cerrar la jornada con una cena que combina sabores aut\u00f3ctonos y modernas t\u00e9cnicas culinarias. Entre los platos m\u00e1s recomendados est\u00e1n los mariscales, empanadas y diversos postres y bebestibles, todos elaborados con productos frescos. Adem\u00e1s, el ambiente relajado y la acogedora infraestructura, sumado a la gentileza y sencillez de su due\u00f1a, Claudia Henr\u00edquez, crean una atm\u00f3sfera inigualable para disfrutar de una deliciosa cena.<\/p>\n\n\n\n<p>La Ruta Fluvial Tolt\u00e9n Navegable es una experiencia que combina lo mejor de la naturaleza, la cultura y la gastronom\u00eda de La Araucan\u00eda, ofreciendo a los visitantes la oportunidad de reconectar con lo esencial mientras descubren los tesoros ocultos del r\u00edo Tolt\u00e9n.&nbsp;<strong>Para conocer m\u00e1s sobre esta traves\u00eda, los interesados pueden visitar la p\u00e1gina web www.toltennavegable.cl<\/strong>, donde encontrar\u00e1n detalles sobre los paquetes tur\u00edsticos disponibles, las actividades ofrecidas y c\u00f3mo reservar su lugar en esta incre\u00edble aventura.<\/p>\n\n\n\n<figure class=\"wp-block-image size-large\"><img loading=\"lazy\" decoding=\"async\" width=\"1000\" height=\"667\" src=\"https:\/\/temucotelevision.cl\/web\/wp-content\/uploads\/2024\/10\/XT3S4873-1000x667.jpg\" alt=\"\" class=\"wp-image-53281\" srcset=\"https:\/\/temucotelevision.cl\/web\/wp-content\/uploads\/2024\/10\/XT3S4873-1000x667.jpg 1000w, https:\/\/temucotelevision.cl\/web\/wp-content\/uploads\/2024\/10\/XT3S4873-768x512.jpg 768w, https:\/\/temucotelevision.cl\/web\/wp-content\/uploads\/2024\/10\/XT3S4873-1536x1024.jpg 1536w, https:\/\/temucotelevision.cl\/web\/wp-content\/uploads\/2024\/10\/XT3S4873.jpg 2000w\" sizes=\"auto, (max-width: 1000px) 100vw, 1000px\" \/><\/figure>\n","protected":false},"excerpt":{"rendered":"<div class=\"pvc_clear\"><\/div>\n<p id=\"pvc_stats_53279\" class=\"pvc_stats total_only  \" data-element-id=\"53279\" style=\"\"><i class=\"pvc-stats-icon large\" aria-hidden=\"true\"><svg aria-hidden=\"true\" focusable=\"false\" data-prefix=\"far\" data-icon=\"chart-bar\" role=\"img\" xmlns=\"http:\/\/www.w3.org\/2000\/svg\" viewBox=\"0 0 512 512\" class=\"svg-inline--fa fa-chart-bar fa-w-16 fa-2x\"><path fill=\"currentColor\" d=\"M396.8 352h22.4c6.4 0 12.8-6.4 12.8-12.8V108.8c0-6.4-6.4-12.8-12.8-12.8h-22.4c-6.4 0-12.8 6.4-12.8 12.8v230.4c0 6.4 6.4 12.8 12.8 12.8zm-192 0h22.4c6.4 0 12.8-6.4 12.8-12.8V140.8c0-6.4-6.4-12.8-12.8-12.8h-22.4c-6.4 0-12.8 6.4-12.8 12.8v198.4c0 6.4 6.4 12.8 12.8 12.8zm96 0h22.4c6.4 0 12.8-6.4 12.8-12.8V204.8c0-6.4-6.4-12.8-12.8-12.8h-22.4c-6.4 0-12.8 6.4-12.8 12.8v134.4c0 6.4 6.4 12.8 12.8 12.8zM496 400H48V80c0-8.84-7.16-16-16-16H16C7.16 64 0 71.16 0 80v336c0 17.67 14.33 32 32 32h464c8.84 0 16-7.16 16-16v-16c0-8.84-7.16-16-16-16zm-387.2-48h22.4c6.4 0 12.8-6.4 12.8-12.8v-70.4c0-6.4-6.4-12.8-12.8-12.8h-22.4c-6.4 0-12.8 6.4-12.8 12.8v70.4c0 6.4 6.4 12.8 12.8 12.8z\" class=\"\"><\/path><\/svg><\/i> <img loading=\"lazy\" decoding=\"async\" width=\"16\" height=\"16\" alt=\"Loading\" src=\"https:\/\/temucotelevision.cl\/web\/wp-content\/plugins\/page-views-count\/ajax-loader-2x.gif\" border=0 \/><\/p>\n<div class=\"pvc_clear\"><\/div>\n<p>Actividades para toda la familia y bellezas naturales por doquier son los conceptos principales que resumen el lanzamiento de la<\/p>\n","protected":false},"author":1,"featured_media":53280,"comment_status":"open","ping_status":"open","sticky":false,"template":"","format":"standard","meta":{"colormag_page_container_layout":"default_layout","colormag_page_sidebar_layout":"default_layout","footnotes":""},"categories":[86],"tags":[695],"class_list":["post-53279","post","type-post","status-publish","format-standard","has-post-thumbnail","hentry","category-panoramas","tag-ruta"],"a3_pvc":{"activated":true,"total_views":4179,"today_views":0},"_links":{"self":[{"href":"https:\/\/temucotelevision.cl\/web\/wp-json\/wp\/v2\/posts\/53279","targetHints":{"allow":["GET"]}}],"collection":[{"href":"https:\/\/temucotelevision.cl\/web\/wp-json\/wp\/v2\/posts"}],"about":[{"href":"https:\/\/temucotelevision.cl\/web\/wp-json\/wp\/v2\/types\/post"}],"author":[{"embeddable":true,"href":"https:\/\/temucotelevision.cl\/web\/wp-json\/wp\/v2\/users\/1"}],"replies":[{"embeddable":true,"href":"https:\/\/temucotelevision.cl\/web\/wp-json\/wp\/v2\/comments?post=53279"}],"version-history":[{"count":1,"href":"https:\/\/temucotelevision.cl\/web\/wp-json\/wp\/v2\/posts\/53279\/revisions"}],"predecessor-version":[{"id":53282,"href":"https:\/\/temucotelevision.cl\/web\/wp-json\/wp\/v2\/posts\/53279\/revisions\/53282"}],"wp:featuredmedia":[{"embeddable":true,"href":"https:\/\/temucotelevision.cl\/web\/wp-json\/wp\/v2\/media\/53280"}],"wp:attachment":[{"href":"https:\/\/temucotelevision.cl\/web\/wp-json\/wp\/v2\/media?parent=53279"}],"wp:term":[{"taxonomy":"category","embeddable":true,"href":"https:\/\/temucotelevision.cl\/web\/wp-json\/wp\/v2\/categories?post=53279"},{"taxonomy":"post_tag","embeddable":true,"href":"https:\/\/temucotelevision.cl\/web\/wp-json\/wp\/v2\/tags?post=53279"}],"curies":[{"name":"wp","href":"https:\/\/api.w.org\/{rel}","templated":true}]}}