{"id":53181,"date":"2024-10-24T12:11:48","date_gmt":"2024-10-24T15:11:48","guid":{"rendered":"https:\/\/temucotelevision.cl\/web\/?p=53181"},"modified":"2024-10-24T12:11:49","modified_gmt":"2024-10-24T15:11:49","slug":"autoridades-regionales-invitan-al-desafio-de-reciclaje-y-solidaridad-en-la-tarea-teleton-2024","status":"publish","type":"post","link":"https:\/\/temucotelevision.cl\/web\/2024\/10\/24\/autoridades-regionales-invitan-al-desafio-de-reciclaje-y-solidaridad-en-la-tarea-teleton-2024\/","title":{"rendered":"Autoridades regionales invitan al desaf\u00edo de reciclaje y solidaridad en la Tarea Telet\u00f3n 2024"},"content":{"rendered":"<div class=\"pvc_clear\"><\/div><p id=\"pvc_stats_53181\" class=\"pvc_stats total_only  \" data-element-id=\"53181\" style=\"\"><i class=\"pvc-stats-icon large\" aria-hidden=\"true\"><svg aria-hidden=\"true\" focusable=\"false\" data-prefix=\"far\" data-icon=\"chart-bar\" role=\"img\" xmlns=\"http:\/\/www.w3.org\/2000\/svg\" viewBox=\"0 0 512 512\" class=\"svg-inline--fa fa-chart-bar fa-w-16 fa-2x\"><path fill=\"currentColor\" d=\"M396.8 352h22.4c6.4 0 12.8-6.4 12.8-12.8V108.8c0-6.4-6.4-12.8-12.8-12.8h-22.4c-6.4 0-12.8 6.4-12.8 12.8v230.4c0 6.4 6.4 12.8 12.8 12.8zm-192 0h22.4c6.4 0 12.8-6.4 12.8-12.8V140.8c0-6.4-6.4-12.8-12.8-12.8h-22.4c-6.4 0-12.8 6.4-12.8 12.8v198.4c0 6.4 6.4 12.8 12.8 12.8zm96 0h22.4c6.4 0 12.8-6.4 12.8-12.8V204.8c0-6.4-6.4-12.8-12.8-12.8h-22.4c-6.4 0-12.8 6.4-12.8 12.8v134.4c0 6.4 6.4 12.8 12.8 12.8zM496 400H48V80c0-8.84-7.16-16-16-16H16C7.16 64 0 71.16 0 80v336c0 17.67 14.33 32 32 32h464c8.84 0 16-7.16 16-16v-16c0-8.84-7.16-16-16-16zm-387.2-48h22.4c6.4 0 12.8-6.4 12.8-12.8v-70.4c0-6.4-6.4-12.8-12.8-12.8h-22.4c-6.4 0-12.8 6.4-12.8 12.8v70.4c0 6.4 6.4 12.8 12.8 12.8z\" class=\"\"><\/path><\/svg><\/i> <img loading=\"lazy\" decoding=\"async\" width=\"16\" height=\"16\" alt=\"Loading\" src=\"https:\/\/temucotelevision.cl\/web\/wp-content\/plugins\/page-views-count\/ajax-loader-2x.gif\" border=0 \/><\/p><div class=\"pvc_clear\"><\/div>\n<p>Como una forma de incentivar el reciclaje y el compromiso de lo que ser\u00e1 una nueva versi\u00f3n de la Telet\u00f3n 2024, este 8 y 9 de noviembre, el Ministerio del Medio Ambiente junto al Instituto Telet\u00f3n Temuco y CCU realizaron la novena versi\u00f3n de la tarea \u201cFamilias Reciclando en #ModoBilzYPap\u201d, la que adem\u00e1s cuenta con la colaboraci\u00f3n de m\u00e1s de 75 municipalidades en todo Chile y el apoyo de los Sistema de Gesti\u00f3n de Residuos de Envases y Embalajes.&nbsp;<\/p>\n\n\n\n<p>Al igual que los a\u00f1os anteriores el objetivo es que los ni\u00f1os se transformen en los principales promotores. Que todos se unan en torno a esta acci\u00f3n, que reciclar se transforme en un h\u00e1bito que pueden realizar todos los d\u00edas.<\/p>\n\n\n\n<p>\u201cPara nosotros como instituci\u00f3n es muy importante porque es una actividad de campa\u00f1a que nos va a permitir seguir rehabilitando, pero tambi\u00e9n es una tremenda oportunidad de educaci\u00f3n como instituto para nuestros ni\u00f1os, para nuestros funcionarios, para todas las personas que est\u00e1n vinculadas a la Telet\u00f3n y sobre todo para toda la comunidad del valor que tiene el reciclaje\u201d, explic\u00f3 el director de Telet\u00f3n Temuco, Iv\u00e1n Barbosa.&nbsp;<\/p>\n\n\n\n<p>Por su parte la vocera de Gobierno de La Araucan\u00eda, Ver\u00f3nica L\u00f3pez-Videla se\u00f1al\u00f3 que \u201ca contar de hoy d\u00eda, 22 de octubre, y hasta el mismo d\u00eda de la Telet\u00f3n, se van a estar recolectando envases pl\u00e1sticos. Ya van m\u00e1s de 500 toneladas desde que comenz\u00f3 esta campa\u00f1a, pero lo que necesitamos es siempre superar aquella meta, para apoyar a los ni\u00f1os de la Telet\u00f3n, pero tambi\u00e9n para incorporar en cada una de nuestras conductas el reciclaje, que sin duda nos va a ayudar a tener un mejor planeta, un mejor pa\u00eds\u201d.<\/p>\n\n\n\n<p>En tanto, el seremi de Medio Ambiente, F\u00e9lix Contreras asegur\u00f3 que \u201ctal como lo hemos venido haciendo durante ya varios a\u00f1os, junto a CCU, a Telet\u00f3n, estamos nuevamente para apoyar esta campa\u00f1a de reciclaje de envases de bebidas pl\u00e1sticas, los cuales pueden ser dispuestos por las familias en distintos lugares que se han establecido en nuestra regi\u00f3n. Son un total de 10 municipios que tambi\u00e9n se han querido unir a esta campa\u00f1a de reciclaje y que va a ir en pos de apoyar en nuestra regi\u00f3n a los m\u00e1s de 1.800 ni\u00f1os y ni\u00f1as que d\u00eda a d\u00eda avanzan en materia de salud en este centro Telet\u00f3n de La Araucan\u00eda\u201d.&nbsp;<\/p>\n\n\n\n<p>Finalmente Nelson Moreno jefe de ventas de CCU a\u00f1adi\u00f3 que \u201cestamos desde el 2015 con esta campa\u00f1a, hemos reciclado m\u00e1s de 500 toneladas de pl\u00e1stico en pos del beneficio de nuestro planeta y obviamente en sincron\u00eda con la campa\u00f1a solidaria que es la Telet\u00f3n\u201d.<\/p>\n\n\n\n<p>La tarea ya est\u00e1 lanzada, el objetivo de las autoridades junto a la Telet\u00f3n Temuco y CCU es alcanzar el m\u00e1ximo de envases reciclables para que todos sean parte de esta iniciativa.<\/p>\n","protected":false},"excerpt":{"rendered":"<div class=\"pvc_clear\"><\/div>\n<p id=\"pvc_stats_53181\" class=\"pvc_stats total_only  \" data-element-id=\"53181\" style=\"\"><i class=\"pvc-stats-icon large\" aria-hidden=\"true\"><svg aria-hidden=\"true\" focusable=\"false\" data-prefix=\"far\" data-icon=\"chart-bar\" role=\"img\" xmlns=\"http:\/\/www.w3.org\/2000\/svg\" viewBox=\"0 0 512 512\" class=\"svg-inline--fa fa-chart-bar fa-w-16 fa-2x\"><path fill=\"currentColor\" d=\"M396.8 352h22.4c6.4 0 12.8-6.4 12.8-12.8V108.8c0-6.4-6.4-12.8-12.8-12.8h-22.4c-6.4 0-12.8 6.4-12.8 12.8v230.4c0 6.4 6.4 12.8 12.8 12.8zm-192 0h22.4c6.4 0 12.8-6.4 12.8-12.8V140.8c0-6.4-6.4-12.8-12.8-12.8h-22.4c-6.4 0-12.8 6.4-12.8 12.8v198.4c0 6.4 6.4 12.8 12.8 12.8zm96 0h22.4c6.4 0 12.8-6.4 12.8-12.8V204.8c0-6.4-6.4-12.8-12.8-12.8h-22.4c-6.4 0-12.8 6.4-12.8 12.8v134.4c0 6.4 6.4 12.8 12.8 12.8zM496 400H48V80c0-8.84-7.16-16-16-16H16C7.16 64 0 71.16 0 80v336c0 17.67 14.33 32 32 32h464c8.84 0 16-7.16 16-16v-16c0-8.84-7.16-16-16-16zm-387.2-48h22.4c6.4 0 12.8-6.4 12.8-12.8v-70.4c0-6.4-6.4-12.8-12.8-12.8h-22.4c-6.4 0-12.8 6.4-12.8 12.8v70.4c0 6.4 6.4 12.8 12.8 12.8z\" class=\"\"><\/path><\/svg><\/i> <img loading=\"lazy\" decoding=\"async\" width=\"16\" height=\"16\" alt=\"Loading\" src=\"https:\/\/temucotelevision.cl\/web\/wp-content\/plugins\/page-views-count\/ajax-loader-2x.gif\" border=0 \/><\/p>\n<div class=\"pvc_clear\"><\/div>\n<p>Como una forma de incentivar el reciclaje y el compromiso de lo que ser\u00e1 una nueva versi\u00f3n de la Telet\u00f3n<\/p>\n","protected":false},"author":1,"featured_media":53182,"comment_status":"open","ping_status":"open","sticky":false,"template":"","format":"standard","meta":{"colormag_page_container_layout":"default_layout","colormag_page_sidebar_layout":"default_layout","footnotes":""},"categories":[14],"tags":[1989],"class_list":["post-53181","post","type-post","status-publish","format-standard","has-post-thumbnail","hentry","category-temuco","tag-teleton"],"a3_pvc":{"activated":true,"total_views":1002,"today_views":0},"_links":{"self":[{"href":"https:\/\/temucotelevision.cl\/web\/wp-json\/wp\/v2\/posts\/53181","targetHints":{"allow":["GET"]}}],"collection":[{"href":"https:\/\/temucotelevision.cl\/web\/wp-json\/wp\/v2\/posts"}],"about":[{"href":"https:\/\/temucotelevision.cl\/web\/wp-json\/wp\/v2\/types\/post"}],"author":[{"embeddable":true,"href":"https:\/\/temucotelevision.cl\/web\/wp-json\/wp\/v2\/users\/1"}],"replies":[{"embeddable":true,"href":"https:\/\/temucotelevision.cl\/web\/wp-json\/wp\/v2\/comments?post=53181"}],"version-history":[{"count":1,"href":"https:\/\/temucotelevision.cl\/web\/wp-json\/wp\/v2\/posts\/53181\/revisions"}],"predecessor-version":[{"id":53183,"href":"https:\/\/temucotelevision.cl\/web\/wp-json\/wp\/v2\/posts\/53181\/revisions\/53183"}],"wp:featuredmedia":[{"embeddable":true,"href":"https:\/\/temucotelevision.cl\/web\/wp-json\/wp\/v2\/media\/53182"}],"wp:attachment":[{"href":"https:\/\/temucotelevision.cl\/web\/wp-json\/wp\/v2\/media?parent=53181"}],"wp:term":[{"taxonomy":"category","embeddable":true,"href":"https:\/\/temucotelevision.cl\/web\/wp-json\/wp\/v2\/categories?post=53181"},{"taxonomy":"post_tag","embeddable":true,"href":"https:\/\/temucotelevision.cl\/web\/wp-json\/wp\/v2\/tags?post=53181"}],"curies":[{"name":"wp","href":"https:\/\/api.w.org\/{rel}","templated":true}]}}