{"id":53162,"date":"2024-10-24T11:02:37","date_gmt":"2024-10-24T14:02:37","guid":{"rendered":"https:\/\/temucotelevision.cl\/web\/?p=53162"},"modified":"2024-10-24T11:02:38","modified_gmt":"2024-10-24T14:02:38","slug":"con-la-participacion-de-clubes-de-todo-el-pais-se-realiza-en-pucon-campeonato-nacional-de-basquetbol","status":"publish","type":"post","link":"https:\/\/temucotelevision.cl\/web\/2024\/10\/24\/con-la-participacion-de-clubes-de-todo-el-pais-se-realiza-en-pucon-campeonato-nacional-de-basquetbol\/","title":{"rendered":"Con la participaci\u00f3n de clubes de todo el pa\u00eds se realiza en Puc\u00f3n Campeonato Nacional de B\u00e1squetbol\u00a0"},"content":{"rendered":"<div class=\"pvc_clear\"><\/div><p id=\"pvc_stats_53162\" class=\"pvc_stats total_only  \" data-element-id=\"53162\" style=\"\"><i class=\"pvc-stats-icon large\" aria-hidden=\"true\"><svg aria-hidden=\"true\" focusable=\"false\" data-prefix=\"far\" data-icon=\"chart-bar\" role=\"img\" xmlns=\"http:\/\/www.w3.org\/2000\/svg\" viewBox=\"0 0 512 512\" class=\"svg-inline--fa fa-chart-bar fa-w-16 fa-2x\"><path fill=\"currentColor\" d=\"M396.8 352h22.4c6.4 0 12.8-6.4 12.8-12.8V108.8c0-6.4-6.4-12.8-12.8-12.8h-22.4c-6.4 0-12.8 6.4-12.8 12.8v230.4c0 6.4 6.4 12.8 12.8 12.8zm-192 0h22.4c6.4 0 12.8-6.4 12.8-12.8V140.8c0-6.4-6.4-12.8-12.8-12.8h-22.4c-6.4 0-12.8 6.4-12.8 12.8v198.4c0 6.4 6.4 12.8 12.8 12.8zm96 0h22.4c6.4 0 12.8-6.4 12.8-12.8V204.8c0-6.4-6.4-12.8-12.8-12.8h-22.4c-6.4 0-12.8 6.4-12.8 12.8v134.4c0 6.4 6.4 12.8 12.8 12.8zM496 400H48V80c0-8.84-7.16-16-16-16H16C7.16 64 0 71.16 0 80v336c0 17.67 14.33 32 32 32h464c8.84 0 16-7.16 16-16v-16c0-8.84-7.16-16-16-16zm-387.2-48h22.4c6.4 0 12.8-6.4 12.8-12.8v-70.4c0-6.4-6.4-12.8-12.8-12.8h-22.4c-6.4 0-12.8 6.4-12.8 12.8v70.4c0 6.4 6.4 12.8 12.8 12.8z\" class=\"\"><\/path><\/svg><\/i> <img loading=\"lazy\" decoding=\"async\" width=\"16\" height=\"16\" alt=\"Loading\" src=\"https:\/\/temucotelevision.cl\/web\/wp-content\/plugins\/page-views-count\/ajax-loader-2x.gif\" border=0 \/><\/p><div class=\"pvc_clear\"><\/div>\n<p><em>En la comuna lacustre se dio el vamos a este encuentro deportivo que cuenta con el apoyo del Gobierno Regional y que re\u00fane a quintetos de todo el pa\u00eds, quienes durante la semana y hasta el s\u00e1bado 26 estar\u00e1n compitiendo en el Polideportivo de Puc\u00f3n.<\/em><\/p>\n\n\n\n<p>Este lunes comenz\u00f3 en la zona lacustre un Campeonato Nacional de B\u00e1squetbol, organizado por el Club de b\u00e1squetbol Nahu\u00e9n de Puc\u00f3n y que cuenta con el apoyo del Gobierno Regional a trav\u00e9s de la Corporaci\u00f3n Desarrolla Araucan\u00eda. La iniciativa deportiva que se realiza en el marco del tercer aniversario del club Nahu\u00e9n convoc\u00f3 a equipos de diversos puntos del pa\u00eds quienes durante una semana competir\u00e1n para adjudicarse el primer lugar del torneo nacional.&nbsp;<\/p>\n\n\n\n<p>La actividad que busca promover la pr\u00e1ctica del b\u00e1squetbol entre los j\u00f3venes se est\u00e1 desarrollando en el Polideportivo de Puc\u00f3n, lugar donde han llegado m\u00e1s de 320 deportistas de alto rendimiento de todo el pa\u00eds junto a sus familias para vivir este campeonato que contempla la participaci\u00f3n de 32 equipos, 16 de ellos femeninos y 16 masculinos en las categor\u00edas U13 y U15.&nbsp;<\/p>\n\n\n\n<p>Carlos Fuentes, gobernador (s) de La Araucan\u00eda, se\u00f1al\u00f3 que&nbsp;<em>\u201ccomo Gobierno Regional a trav\u00e9s de nuestra Corporaci\u00f3n, respaldamos los eventos deportivos, m\u00e1s a\u00fan cuando son los j\u00f3venes quienes participan ya que es importante fomentar el deporte y la vida sana por todo lo que conlleva en la salud como tambi\u00e9n en el desarrollo de los adolescentes. Estamos hablando de un campeonato de alto nivel, que sin duda es un espect\u00e1culo deportivo que pueden ir a disfrutar de forma gratuita\u201d.&nbsp;<\/em><\/p>\n\n\n\n<p>Jorge Ar\u00e9valo, entrenador y organizador del evento, agradeci\u00f3 el apoyo del Gobierno Regional y de la Corporaci\u00f3n Desarrolla Araucan\u00eda, porque \u201c<em>era muy probable que no lo hubi\u00e9semos podido hacer sin el apoyo del Gobierno Regional. Cuando nos escucharon y vieron lo que quer\u00edamos hacer, les presentamos el proyecto y al tiro nos dijeron que s\u00ed y estuvieron dispuestos a apoyarnos. Esta es una fiesta del deporte y estamos felices de poder liderarlo y de convocar a m\u00e1s de 300 deportistas de alto rendimiento\u201d.&nbsp;<\/em><\/p>\n\n\n\n<p>Agust\u00edn Acardi, competidor de la Asociaci\u00f3n de B\u00e1squetbol de Centro Sur de San Bernardo, qui\u00e9n desde peque\u00f1o juega b\u00e1squetbol, relat\u00f3 que<em>&nbsp;\u201ces divertido porque son experiencias nuevas y es todo muy bonito. De pasar a Santiago, a Puc\u00f3n, cambia mucho el ambiente y como que son instancias buenas para seguir mejorando y aprendiendo del deporte, agarrando experiencias as\u00ed\u201d.<\/em><\/p>\n\n\n\n<p>Adri\u00e1n Romano, padre de una de las competidoras, viaj\u00f3 desde Santiago con su familia para acompa\u00f1ar a su hija en este nacional.&nbsp;<em>\u201cMe parece espectacular porque as\u00ed integran regiones, integran e invitan a m\u00e1s jugadores y as\u00ed se pueden desarrollar este deporte\u201d,<\/em>&nbsp;opin\u00f3 sobre este importante campeonato que se est\u00e1 desarrollando.&nbsp;<\/p>\n\n\n\n<p>El campeonato se desarrollar\u00e1 hasta el s\u00e1bado 26 de octubre en el Polideportivo de Puc\u00f3n, sede de este nacional, el cual es gratuito para el p\u00fablico que quiera disfrutar de una verdadera fiesta deportiva de categor\u00eda nacional.&nbsp;<\/p>\n","protected":false},"excerpt":{"rendered":"<div class=\"pvc_clear\"><\/div>\n<p id=\"pvc_stats_53162\" class=\"pvc_stats total_only  \" data-element-id=\"53162\" style=\"\"><i class=\"pvc-stats-icon large\" aria-hidden=\"true\"><svg aria-hidden=\"true\" focusable=\"false\" data-prefix=\"far\" data-icon=\"chart-bar\" role=\"img\" xmlns=\"http:\/\/www.w3.org\/2000\/svg\" viewBox=\"0 0 512 512\" class=\"svg-inline--fa fa-chart-bar fa-w-16 fa-2x\"><path fill=\"currentColor\" d=\"M396.8 352h22.4c6.4 0 12.8-6.4 12.8-12.8V108.8c0-6.4-6.4-12.8-12.8-12.8h-22.4c-6.4 0-12.8 6.4-12.8 12.8v230.4c0 6.4 6.4 12.8 12.8 12.8zm-192 0h22.4c6.4 0 12.8-6.4 12.8-12.8V140.8c0-6.4-6.4-12.8-12.8-12.8h-22.4c-6.4 0-12.8 6.4-12.8 12.8v198.4c0 6.4 6.4 12.8 12.8 12.8zm96 0h22.4c6.4 0 12.8-6.4 12.8-12.8V204.8c0-6.4-6.4-12.8-12.8-12.8h-22.4c-6.4 0-12.8 6.4-12.8 12.8v134.4c0 6.4 6.4 12.8 12.8 12.8zM496 400H48V80c0-8.84-7.16-16-16-16H16C7.16 64 0 71.16 0 80v336c0 17.67 14.33 32 32 32h464c8.84 0 16-7.16 16-16v-16c0-8.84-7.16-16-16-16zm-387.2-48h22.4c6.4 0 12.8-6.4 12.8-12.8v-70.4c0-6.4-6.4-12.8-12.8-12.8h-22.4c-6.4 0-12.8 6.4-12.8 12.8v70.4c0 6.4 6.4 12.8 12.8 12.8z\" class=\"\"><\/path><\/svg><\/i> <img loading=\"lazy\" decoding=\"async\" width=\"16\" height=\"16\" alt=\"Loading\" src=\"https:\/\/temucotelevision.cl\/web\/wp-content\/plugins\/page-views-count\/ajax-loader-2x.gif\" border=0 \/><\/p>\n<div class=\"pvc_clear\"><\/div>\n<p>En la comuna lacustre se dio el vamos a este encuentro deportivo que cuenta con el apoyo del Gobierno Regional<\/p>\n","protected":false},"author":1,"featured_media":53163,"comment_status":"open","ping_status":"open","sticky":false,"template":"","format":"standard","meta":{"colormag_page_container_layout":"default_layout","colormag_page_sidebar_layout":"default_layout","footnotes":""},"categories":[18,14],"tags":[5631],"class_list":["post-53162","post","type-post","status-publish","format-standard","has-post-thumbnail","hentry","category-nacional","category-temuco","tag-basquetbol-2"],"a3_pvc":{"activated":true,"total_views":831,"today_views":0},"_links":{"self":[{"href":"https:\/\/temucotelevision.cl\/web\/wp-json\/wp\/v2\/posts\/53162","targetHints":{"allow":["GET"]}}],"collection":[{"href":"https:\/\/temucotelevision.cl\/web\/wp-json\/wp\/v2\/posts"}],"about":[{"href":"https:\/\/temucotelevision.cl\/web\/wp-json\/wp\/v2\/types\/post"}],"author":[{"embeddable":true,"href":"https:\/\/temucotelevision.cl\/web\/wp-json\/wp\/v2\/users\/1"}],"replies":[{"embeddable":true,"href":"https:\/\/temucotelevision.cl\/web\/wp-json\/wp\/v2\/comments?post=53162"}],"version-history":[{"count":1,"href":"https:\/\/temucotelevision.cl\/web\/wp-json\/wp\/v2\/posts\/53162\/revisions"}],"predecessor-version":[{"id":53164,"href":"https:\/\/temucotelevision.cl\/web\/wp-json\/wp\/v2\/posts\/53162\/revisions\/53164"}],"wp:featuredmedia":[{"embeddable":true,"href":"https:\/\/temucotelevision.cl\/web\/wp-json\/wp\/v2\/media\/53163"}],"wp:attachment":[{"href":"https:\/\/temucotelevision.cl\/web\/wp-json\/wp\/v2\/media?parent=53162"}],"wp:term":[{"taxonomy":"category","embeddable":true,"href":"https:\/\/temucotelevision.cl\/web\/wp-json\/wp\/v2\/categories?post=53162"},{"taxonomy":"post_tag","embeddable":true,"href":"https:\/\/temucotelevision.cl\/web\/wp-json\/wp\/v2\/tags?post=53162"}],"curies":[{"name":"wp","href":"https:\/\/api.w.org\/{rel}","templated":true}]}}