{"id":52954,"date":"2024-10-12T18:01:26","date_gmt":"2024-10-12T21:01:26","guid":{"rendered":"https:\/\/temucotelevision.cl\/web\/?p=52954"},"modified":"2024-10-12T18:01:27","modified_gmt":"2024-10-12T21:01:27","slug":"diputado-saffirio-presenta-proyecto-que-establece-prision-preventiva-para-conductores-que-participan-en-carreras-clandestinas-y-atenten-contra-la-vida-de-infantes","status":"publish","type":"post","link":"https:\/\/temucotelevision.cl\/web\/2024\/10\/12\/diputado-saffirio-presenta-proyecto-que-establece-prision-preventiva-para-conductores-que-participan-en-carreras-clandestinas-y-atenten-contra-la-vida-de-infantes\/","title":{"rendered":"Diputado Saffirio presenta proyecto que establece prisi\u00f3n preventiva para conductores que participan en carreras clandestinas y atenten contra la vida de infantes\u00a0"},"content":{"rendered":"<div class=\"pvc_clear\"><\/div><p id=\"pvc_stats_52954\" class=\"pvc_stats total_only  \" data-element-id=\"52954\" style=\"\"><i class=\"pvc-stats-icon large\" aria-hidden=\"true\"><svg aria-hidden=\"true\" focusable=\"false\" data-prefix=\"far\" data-icon=\"chart-bar\" role=\"img\" xmlns=\"http:\/\/www.w3.org\/2000\/svg\" viewBox=\"0 0 512 512\" class=\"svg-inline--fa fa-chart-bar fa-w-16 fa-2x\"><path fill=\"currentColor\" d=\"M396.8 352h22.4c6.4 0 12.8-6.4 12.8-12.8V108.8c0-6.4-6.4-12.8-12.8-12.8h-22.4c-6.4 0-12.8 6.4-12.8 12.8v230.4c0 6.4 6.4 12.8 12.8 12.8zm-192 0h22.4c6.4 0 12.8-6.4 12.8-12.8V140.8c0-6.4-6.4-12.8-12.8-12.8h-22.4c-6.4 0-12.8 6.4-12.8 12.8v198.4c0 6.4 6.4 12.8 12.8 12.8zm96 0h22.4c6.4 0 12.8-6.4 12.8-12.8V204.8c0-6.4-6.4-12.8-12.8-12.8h-22.4c-6.4 0-12.8 6.4-12.8 12.8v134.4c0 6.4 6.4 12.8 12.8 12.8zM496 400H48V80c0-8.84-7.16-16-16-16H16C7.16 64 0 71.16 0 80v336c0 17.67 14.33 32 32 32h464c8.84 0 16-7.16 16-16v-16c0-8.84-7.16-16-16-16zm-387.2-48h22.4c6.4 0 12.8-6.4 12.8-12.8v-70.4c0-6.4-6.4-12.8-12.8-12.8h-22.4c-6.4 0-12.8 6.4-12.8 12.8v70.4c0 6.4 6.4 12.8 12.8 12.8z\" class=\"\"><\/path><\/svg><\/i> <img loading=\"lazy\" decoding=\"async\" width=\"16\" height=\"16\" alt=\"Loading\" src=\"https:\/\/temucotelevision.cl\/web\/wp-content\/plugins\/page-views-count\/ajax-loader-2x.gif\" border=0 \/><\/p><div class=\"pvc_clear\"><\/div>\n<p>Ante la lamentable muerte de un beb\u00e9 de tres meses en un accidente de tr\u00e1nsito generado por un veh\u00edculo que estaba participando en una carrera clandestina en Temuco, el diputado Jorge Saffirio present\u00f3 un proyecto de ley que establece la prisi\u00f3n preventiva para los conductores que est\u00e9n realizando un il\u00edcito y que atenten contra la vida de ni\u00f1os en caso de accidentes.\u00a0<\/p>\n\n\n\n<p>La iniciativa, que modifica&nbsp;el C\u00f3digo Procesal Penal, establece que \u201cse&nbsp;entender\u00e1 especialmente que la libertad del imputado constituye un peligro para la seguridad de la sociedad cuando con ocasi\u00f3n de la comisi\u00f3n de una conducta il\u00edcita distinta o anterior se produjere un atentado contra la vida o la integridad f\u00edsica de infantes. En aquellos casos en que la v\u00edctima quedare en estado de riesgo vital, se presumir\u00e1 consumado el delito hasta que se determine el fallecimiento o la recuperaci\u00f3n de la v\u00edctima, pudiendo el imputado solicitar revisi\u00f3n de la medida cautelar impuesta.\u201d&nbsp;<\/p>\n\n\n\n<p>Seg\u00fan el diputado Saffirio, \u201cesta semana nos enteramos de este lamentable caso donde un lactante de s\u00f3lo tres meses de edad muri\u00f3 por culpa de la irresponsabilidad y desidia de dos personas que estaban realizando una carrera clandestina. La madre de este beb\u00e9 se mantiene internada con riesgo vital, por lo que el caso es a\u00fan m\u00e1s grave\u201d.<\/p>\n\n\n\n<p>\u201cEs dif\u00edcil enfrentar este tipo de situaciones, pero es muy necesario buscar alternativas para desincentivar la realizaci\u00f3n de carreras clandestinas. En este sentido, creo que endurecer la ley puede ser una forma para que estos conductores irresponsables lo piensen dos veces antes de poner en riesgo a los otros automovilistas y peatones\u201d, se\u00f1al\u00f3.&nbsp;<\/p>\n\n\n\n<p>Finalmente, el diputado Saffirio se\u00f1al\u00f3 que \u201cesperamos que este proyecto avance en el Congreso para que as\u00ed tengamos una ley que busque que las personas que son responsables de este tipo de hechos queden en prisi\u00f3n preventiva. No puede ser que los causantes de la muerte de este lactante est\u00e9n libres, porque quedaron con arraigo nacional y firma mensual\u201d.<\/p>\n","protected":false},"excerpt":{"rendered":"<div class=\"pvc_clear\"><\/div>\n<p id=\"pvc_stats_52954\" class=\"pvc_stats total_only  \" data-element-id=\"52954\" style=\"\"><i class=\"pvc-stats-icon large\" aria-hidden=\"true\"><svg aria-hidden=\"true\" focusable=\"false\" data-prefix=\"far\" data-icon=\"chart-bar\" role=\"img\" xmlns=\"http:\/\/www.w3.org\/2000\/svg\" viewBox=\"0 0 512 512\" class=\"svg-inline--fa fa-chart-bar fa-w-16 fa-2x\"><path fill=\"currentColor\" d=\"M396.8 352h22.4c6.4 0 12.8-6.4 12.8-12.8V108.8c0-6.4-6.4-12.8-12.8-12.8h-22.4c-6.4 0-12.8 6.4-12.8 12.8v230.4c0 6.4 6.4 12.8 12.8 12.8zm-192 0h22.4c6.4 0 12.8-6.4 12.8-12.8V140.8c0-6.4-6.4-12.8-12.8-12.8h-22.4c-6.4 0-12.8 6.4-12.8 12.8v198.4c0 6.4 6.4 12.8 12.8 12.8zm96 0h22.4c6.4 0 12.8-6.4 12.8-12.8V204.8c0-6.4-6.4-12.8-12.8-12.8h-22.4c-6.4 0-12.8 6.4-12.8 12.8v134.4c0 6.4 6.4 12.8 12.8 12.8zM496 400H48V80c0-8.84-7.16-16-16-16H16C7.16 64 0 71.16 0 80v336c0 17.67 14.33 32 32 32h464c8.84 0 16-7.16 16-16v-16c0-8.84-7.16-16-16-16zm-387.2-48h22.4c6.4 0 12.8-6.4 12.8-12.8v-70.4c0-6.4-6.4-12.8-12.8-12.8h-22.4c-6.4 0-12.8 6.4-12.8 12.8v70.4c0 6.4 6.4 12.8 12.8 12.8z\" class=\"\"><\/path><\/svg><\/i> <img loading=\"lazy\" decoding=\"async\" width=\"16\" height=\"16\" alt=\"Loading\" src=\"https:\/\/temucotelevision.cl\/web\/wp-content\/plugins\/page-views-count\/ajax-loader-2x.gif\" border=0 \/><\/p>\n<div class=\"pvc_clear\"><\/div>\n<p>Ante la lamentable muerte de un beb\u00e9 de tres meses en un accidente de tr\u00e1nsito generado por un veh\u00edculo que<\/p>\n","protected":false},"author":1,"featured_media":52687,"comment_status":"open","ping_status":"open","sticky":false,"template":"","format":"standard","meta":{"colormag_page_container_layout":"default_layout","colormag_page_sidebar_layout":"default_layout","footnotes":""},"categories":[84],"tags":[1304],"class_list":["post-52954","post","type-post","status-publish","format-standard","has-post-thumbnail","hentry","category-politica","tag-carreras"],"a3_pvc":{"activated":true,"total_views":1148,"today_views":0},"_links":{"self":[{"href":"https:\/\/temucotelevision.cl\/web\/wp-json\/wp\/v2\/posts\/52954","targetHints":{"allow":["GET"]}}],"collection":[{"href":"https:\/\/temucotelevision.cl\/web\/wp-json\/wp\/v2\/posts"}],"about":[{"href":"https:\/\/temucotelevision.cl\/web\/wp-json\/wp\/v2\/types\/post"}],"author":[{"embeddable":true,"href":"https:\/\/temucotelevision.cl\/web\/wp-json\/wp\/v2\/users\/1"}],"replies":[{"embeddable":true,"href":"https:\/\/temucotelevision.cl\/web\/wp-json\/wp\/v2\/comments?post=52954"}],"version-history":[{"count":1,"href":"https:\/\/temucotelevision.cl\/web\/wp-json\/wp\/v2\/posts\/52954\/revisions"}],"predecessor-version":[{"id":52955,"href":"https:\/\/temucotelevision.cl\/web\/wp-json\/wp\/v2\/posts\/52954\/revisions\/52955"}],"wp:featuredmedia":[{"embeddable":true,"href":"https:\/\/temucotelevision.cl\/web\/wp-json\/wp\/v2\/media\/52687"}],"wp:attachment":[{"href":"https:\/\/temucotelevision.cl\/web\/wp-json\/wp\/v2\/media?parent=52954"}],"wp:term":[{"taxonomy":"category","embeddable":true,"href":"https:\/\/temucotelevision.cl\/web\/wp-json\/wp\/v2\/categories?post=52954"},{"taxonomy":"post_tag","embeddable":true,"href":"https:\/\/temucotelevision.cl\/web\/wp-json\/wp\/v2\/tags?post=52954"}],"curies":[{"name":"wp","href":"https:\/\/api.w.org\/{rel}","templated":true}]}}