{"id":52946,"date":"2024-10-11T22:09:42","date_gmt":"2024-10-12T01:09:42","guid":{"rendered":"https:\/\/temucotelevision.cl\/web\/?p=52946"},"modified":"2024-10-11T22:09:43","modified_gmt":"2024-10-12T01:09:43","slug":"directora-internacional-de-animacion-abordo-los-desafios-de-esta-industria-en-la-universidad-mayor","status":"publish","type":"post","link":"https:\/\/temucotelevision.cl\/web\/2024\/10\/11\/directora-internacional-de-animacion-abordo-los-desafios-de-esta-industria-en-la-universidad-mayor\/","title":{"rendered":"Directora internacional de animaci\u00f3n abord\u00f3 los desaf\u00edos de esta industria en la Universidad Mayor"},"content":{"rendered":"<div class=\"pvc_clear\"><\/div><p id=\"pvc_stats_52946\" class=\"pvc_stats total_only  \" data-element-id=\"52946\" style=\"\"><i class=\"pvc-stats-icon large\" aria-hidden=\"true\"><svg aria-hidden=\"true\" focusable=\"false\" data-prefix=\"far\" data-icon=\"chart-bar\" role=\"img\" xmlns=\"http:\/\/www.w3.org\/2000\/svg\" viewBox=\"0 0 512 512\" class=\"svg-inline--fa fa-chart-bar fa-w-16 fa-2x\"><path fill=\"currentColor\" d=\"M396.8 352h22.4c6.4 0 12.8-6.4 12.8-12.8V108.8c0-6.4-6.4-12.8-12.8-12.8h-22.4c-6.4 0-12.8 6.4-12.8 12.8v230.4c0 6.4 6.4 12.8 12.8 12.8zm-192 0h22.4c6.4 0 12.8-6.4 12.8-12.8V140.8c0-6.4-6.4-12.8-12.8-12.8h-22.4c-6.4 0-12.8 6.4-12.8 12.8v198.4c0 6.4 6.4 12.8 12.8 12.8zm96 0h22.4c6.4 0 12.8-6.4 12.8-12.8V204.8c0-6.4-6.4-12.8-12.8-12.8h-22.4c-6.4 0-12.8 6.4-12.8 12.8v134.4c0 6.4 6.4 12.8 12.8 12.8zM496 400H48V80c0-8.84-7.16-16-16-16H16C7.16 64 0 71.16 0 80v336c0 17.67 14.33 32 32 32h464c8.84 0 16-7.16 16-16v-16c0-8.84-7.16-16-16-16zm-387.2-48h22.4c6.4 0 12.8-6.4 12.8-12.8v-70.4c0-6.4-6.4-12.8-12.8-12.8h-22.4c-6.4 0-12.8 6.4-12.8 12.8v70.4c0 6.4 6.4 12.8 12.8 12.8z\" class=\"\"><\/path><\/svg><\/i> <img loading=\"lazy\" decoding=\"async\" width=\"16\" height=\"16\" alt=\"Loading\" src=\"https:\/\/temucotelevision.cl\/web\/wp-content\/plugins\/page-views-count\/ajax-loader-2x.gif\" border=0 \/><\/p><div class=\"pvc_clear\"><\/div>\n<p><em>La nominada al Emmy y codirectora del reboot 3D de \u201cDora la Exploradora\u201d para Nickelodeon, Meeka Stuart, lider\u00f3 una charla magistral para estudiantes de la carrera de Animaci\u00f3n Digital de la sede Temuco, quienes adem\u00e1s conocieron la experiencia de la productora local Maqui.<\/em><\/p>\n\n\n\n<p>La directora y animadora canadiense, Meeka Stuart, comparti\u00f3 su experiencia trabajando en renombrados proyectos internacionales en una charla organizada por la carrera de Animaci\u00f3n Digital de la Universidad Mayor sede Temuco, a inicios de este mes en el Aula Magna Institucional.<\/p>\n\n\n\n<p>Con esta actividad llamada: \u201cNuevos desaf\u00edos en la industria de la animaci\u00f3n\u201d, en donde adem\u00e1s participaron Diego Silva y Patricio Veloso, director general y productor ejecutivo de la productora local Maqui, iniciaron las celebraciones en torno al D\u00eda Mundial de la Animaci\u00f3n que se celebra cada 28 de octubre.<\/p>\n\n\n\n<p>\u201cCon esta actividad dimos inicio al Mes de la Animaci\u00f3n, en el cual tendremos diversos hitos hasta el 28 de octubre. Y nos emociona haber comenzado con estos tres tremendos expositores, dos de ellos chilenos y Meeka, quien viaj\u00f3 desde Canad\u00e1. Fueron charlas en las que los estudiantes pudieron resolver muchas dudas y tambi\u00e9n conocer los diversos caminos que pueden recorrer dentro de la industria\u201d, se\u00f1al\u00f3 la directora de Animaci\u00f3n Digital de la sede Temuco, Camila Valenzuela.<\/p>\n\n\n\n<p>\u201c<strong>NO HAY PROYECTOS PEQUE\u00d1OS\u201d<\/strong><\/p>\n\n\n\n<p>Stuart cuenta con 25 a\u00f1os de trayectoria en la industria, es licenciada en Bellas Artes de la Universidad de Windsor de Canad\u00e1 y ha trabajado en diferentes estudios alrededor del mundo, incluyendo Chile, Colombia y Espa\u00f1a.&nbsp;<\/p>\n\n\n\n<p>Actualmente es&nbsp;co-directora del&nbsp;<em>reboot<\/em>&nbsp;3D de &#8220;Dora La Exploradora&#8221; para Nickelodeon y parte de ese proyecto se est\u00e1 realizando en Chile, a trav\u00e9s de Zumbastico, filial de Pipeline Studios de Canad\u00e1, motivo por el cual la animadora visit\u00f3 el pa\u00eds.<\/p>\n\n\n\n<p>Meeka escribi\u00f3, dirigi\u00f3 y produjo el cortometraje \u201cThe horrific events that ocurred when Andy discovered a hole in his pocket\u201d y fue nominada al Emmy por \u201cThrough the Woods\u201d, en la categor\u00eda de \u201cDirector destacado en programa animado preescolar\u201d.<\/p>\n\n\n\n<p>\u201c\u2018Through the Woods\u2019 cambi\u00f3 mi vida. No ten\u00edamos mucho presupuesto, lo hicimos en tres meses, me hice cargo de muchas cosas y por alguna raz\u00f3n este peque\u00f1o proyecto despeg\u00f3. Lo que quiero transmitirles es que no hay proyectos peque\u00f1os y que se pueden abrir muchas puertas. Una de ellas fue la invitaci\u00f3n a participar en el&nbsp;<em>reboot<\/em>&nbsp;3D de \u2018Dora la Exploradora\u2019, lo cual fue un gran desaf\u00edo, porque siempre hab\u00eda trabajado en 2D, as\u00ed que comenc\u00e9 como asistente de director en la primera temporada y en la segunda asum\u00ed como codirectora\u201d, cont\u00f3 Meeka a los estudiantes.&nbsp;<\/p>\n\n\n\n<p>En esa l\u00ednea, agreg\u00f3 que \u201cfue un desaf\u00edo muy entretenido. Hicimos a Dora m\u00e1s aventurera, como una peque\u00f1a Indiana Jones explorando el mundo que la rodea y para ello contamos con talentos de todas partes. Pipeline tiene su sede en Canad\u00e1, pero tambi\u00e9n tiene estudios en Colombia y Chile, a trav\u00e9s de Zumbastico, y esta posibilidad de mirar m\u00e1s all\u00e1 de la ciudad en la que estamos trabajando fue, en parte, gracias a los cambios producidos por la pandemia. Esta es mi segunda vez en Chile y estoy muy feliz de trabajar con un equipo tan talentoso\u201d.<\/p>\n\n\n\n<p><strong>MAQUI<\/strong><\/p>\n\n\n\n<p>Precisamente, Patricio Veloso y Diego Silva fueron parte de ese equipo de producci\u00f3n. Hoy se encuentran radicados en Temuco, hasta donde trasladaron M\u00e1quina Visual, estudio con el que han realizado diversos proyectos como \u201cPichint\u00fan\u201d, &#8220;Cuenta la Leyenda&#8221;, &#8220;Faunabulozoo&#8221;, &#8220;Microclub&#8221;, &#8220;Funko Shorts&#8221; y &#8220;Mattev\u00e1ktarna&#8221;, para la TV p\u00fablica sueca.<\/p>\n\n\n\n<p>\u201cNosotros nos dedicamos a hacer series y recientemente nos cambiamos de casa. Tras la pandemia y motivados por todos los cambios que vinieron con ella, coincidimos con Alejandro Rojas, director de la Escuela de Animaci\u00f3n Digital de la Universidad Mayor, quien nos conect\u00f3 con Camila y con Carlos (Laporte), y nos enamoramos de un proyecto que hoy nos tiene funcionando en la sede Temuco y que a partir del pr\u00f3ximo mes pasar\u00e1 a llamarse de M\u00e1quina Visual a Maqui en honor a la Regi\u00f3n. Trasladamos toda nuestra operaci\u00f3n t\u00e9cnica a La Araucan\u00eda y buscamos talento local\u201d, destac\u00f3 Veloso.<\/p>\n","protected":false},"excerpt":{"rendered":"<div class=\"pvc_clear\"><\/div>\n<p id=\"pvc_stats_52946\" class=\"pvc_stats total_only  \" data-element-id=\"52946\" style=\"\"><i class=\"pvc-stats-icon large\" aria-hidden=\"true\"><svg aria-hidden=\"true\" focusable=\"false\" data-prefix=\"far\" data-icon=\"chart-bar\" role=\"img\" xmlns=\"http:\/\/www.w3.org\/2000\/svg\" viewBox=\"0 0 512 512\" class=\"svg-inline--fa fa-chart-bar fa-w-16 fa-2x\"><path fill=\"currentColor\" d=\"M396.8 352h22.4c6.4 0 12.8-6.4 12.8-12.8V108.8c0-6.4-6.4-12.8-12.8-12.8h-22.4c-6.4 0-12.8 6.4-12.8 12.8v230.4c0 6.4 6.4 12.8 12.8 12.8zm-192 0h22.4c6.4 0 12.8-6.4 12.8-12.8V140.8c0-6.4-6.4-12.8-12.8-12.8h-22.4c-6.4 0-12.8 6.4-12.8 12.8v198.4c0 6.4 6.4 12.8 12.8 12.8zm96 0h22.4c6.4 0 12.8-6.4 12.8-12.8V204.8c0-6.4-6.4-12.8-12.8-12.8h-22.4c-6.4 0-12.8 6.4-12.8 12.8v134.4c0 6.4 6.4 12.8 12.8 12.8zM496 400H48V80c0-8.84-7.16-16-16-16H16C7.16 64 0 71.16 0 80v336c0 17.67 14.33 32 32 32h464c8.84 0 16-7.16 16-16v-16c0-8.84-7.16-16-16-16zm-387.2-48h22.4c6.4 0 12.8-6.4 12.8-12.8v-70.4c0-6.4-6.4-12.8-12.8-12.8h-22.4c-6.4 0-12.8 6.4-12.8 12.8v70.4c0 6.4 6.4 12.8 12.8 12.8z\" class=\"\"><\/path><\/svg><\/i> <img loading=\"lazy\" decoding=\"async\" width=\"16\" height=\"16\" alt=\"Loading\" src=\"https:\/\/temucotelevision.cl\/web\/wp-content\/plugins\/page-views-count\/ajax-loader-2x.gif\" border=0 \/><\/p>\n<div class=\"pvc_clear\"><\/div>\n<p>La nominada al Emmy y codirectora del reboot 3D de \u201cDora la Exploradora\u201d para Nickelodeon, Meeka Stuart, lider\u00f3 una charla<\/p>\n","protected":false},"author":1,"featured_media":52947,"comment_status":"open","ping_status":"open","sticky":false,"template":"","format":"standard","meta":{"colormag_page_container_layout":"default_layout","colormag_page_sidebar_layout":"default_layout","footnotes":""},"categories":[6973],"tags":[3964],"class_list":["post-52946","post","type-post","status-publish","format-standard","has-post-thumbnail","hentry","category-tecnologia","tag-animacion"],"a3_pvc":{"activated":true,"total_views":2242,"today_views":0},"_links":{"self":[{"href":"https:\/\/temucotelevision.cl\/web\/wp-json\/wp\/v2\/posts\/52946","targetHints":{"allow":["GET"]}}],"collection":[{"href":"https:\/\/temucotelevision.cl\/web\/wp-json\/wp\/v2\/posts"}],"about":[{"href":"https:\/\/temucotelevision.cl\/web\/wp-json\/wp\/v2\/types\/post"}],"author":[{"embeddable":true,"href":"https:\/\/temucotelevision.cl\/web\/wp-json\/wp\/v2\/users\/1"}],"replies":[{"embeddable":true,"href":"https:\/\/temucotelevision.cl\/web\/wp-json\/wp\/v2\/comments?post=52946"}],"version-history":[{"count":1,"href":"https:\/\/temucotelevision.cl\/web\/wp-json\/wp\/v2\/posts\/52946\/revisions"}],"predecessor-version":[{"id":52948,"href":"https:\/\/temucotelevision.cl\/web\/wp-json\/wp\/v2\/posts\/52946\/revisions\/52948"}],"wp:featuredmedia":[{"embeddable":true,"href":"https:\/\/temucotelevision.cl\/web\/wp-json\/wp\/v2\/media\/52947"}],"wp:attachment":[{"href":"https:\/\/temucotelevision.cl\/web\/wp-json\/wp\/v2\/media?parent=52946"}],"wp:term":[{"taxonomy":"category","embeddable":true,"href":"https:\/\/temucotelevision.cl\/web\/wp-json\/wp\/v2\/categories?post=52946"},{"taxonomy":"post_tag","embeddable":true,"href":"https:\/\/temucotelevision.cl\/web\/wp-json\/wp\/v2\/tags?post=52946"}],"curies":[{"name":"wp","href":"https:\/\/api.w.org\/{rel}","templated":true}]}}