{"id":52943,"date":"2024-10-11T22:06:54","date_gmt":"2024-10-12T01:06:54","guid":{"rendered":"https:\/\/temucotelevision.cl\/web\/?p=52943"},"modified":"2024-10-11T22:06:54","modified_gmt":"2024-10-12T01:06:54","slug":"orquesta-sinfonica-juvenil-regional-de-la-araucania-ofrecera-su-concierto-de-gala-anual-en-el-municipal-de-temuco","status":"publish","type":"post","link":"https:\/\/temucotelevision.cl\/web\/2024\/10\/11\/orquesta-sinfonica-juvenil-regional-de-la-araucania-ofrecera-su-concierto-de-gala-anual-en-el-municipal-de-temuco\/","title":{"rendered":"Orquesta Sinf\u00f3nica Juvenil Regional de La Araucan\u00eda ofrecer\u00e1 su concierto de gala anual en el Municipal de Temuco"},"content":{"rendered":"<div class=\"pvc_clear\"><\/div><p id=\"pvc_stats_52943\" class=\"pvc_stats total_only  \" data-element-id=\"52943\" style=\"\"><i class=\"pvc-stats-icon large\" aria-hidden=\"true\"><svg aria-hidden=\"true\" focusable=\"false\" data-prefix=\"far\" data-icon=\"chart-bar\" role=\"img\" xmlns=\"http:\/\/www.w3.org\/2000\/svg\" viewBox=\"0 0 512 512\" class=\"svg-inline--fa fa-chart-bar fa-w-16 fa-2x\"><path fill=\"currentColor\" d=\"M396.8 352h22.4c6.4 0 12.8-6.4 12.8-12.8V108.8c0-6.4-6.4-12.8-12.8-12.8h-22.4c-6.4 0-12.8 6.4-12.8 12.8v230.4c0 6.4 6.4 12.8 12.8 12.8zm-192 0h22.4c6.4 0 12.8-6.4 12.8-12.8V140.8c0-6.4-6.4-12.8-12.8-12.8h-22.4c-6.4 0-12.8 6.4-12.8 12.8v198.4c0 6.4 6.4 12.8 12.8 12.8zm96 0h22.4c6.4 0 12.8-6.4 12.8-12.8V204.8c0-6.4-6.4-12.8-12.8-12.8h-22.4c-6.4 0-12.8 6.4-12.8 12.8v134.4c0 6.4 6.4 12.8 12.8 12.8zM496 400H48V80c0-8.84-7.16-16-16-16H16C7.16 64 0 71.16 0 80v336c0 17.67 14.33 32 32 32h464c8.84 0 16-7.16 16-16v-16c0-8.84-7.16-16-16-16zm-387.2-48h22.4c6.4 0 12.8-6.4 12.8-12.8v-70.4c0-6.4-6.4-12.8-12.8-12.8h-22.4c-6.4 0-12.8 6.4-12.8 12.8v70.4c0 6.4 6.4 12.8 12.8 12.8z\" class=\"\"><\/path><\/svg><\/i> <img loading=\"lazy\" decoding=\"async\" width=\"16\" height=\"16\" alt=\"Loading\" src=\"https:\/\/temucotelevision.cl\/web\/wp-content\/plugins\/page-views-count\/ajax-loader-2x.gif\" border=0 \/><\/p><div class=\"pvc_clear\"><\/div>\n<p><em>El pr\u00f3ximo domingo 20 de octubre a las 18&nbsp; horas, el Teatro Municipal de Temuco ser\u00e1 el escenario de una velada musical imperdible.<\/em><\/p>\n\n\n\n<p>La Orquesta Sinf\u00f3nica Juvenil Regional de La Araucan\u00eda (OSJR Araucan\u00eda), bajo la direcci\u00f3n musical de Jes\u00fas Brice\u00f1o Mar\u00edn y&nbsp;perteneciente a la Fundaci\u00f3n de Orquestas Juveniles e Infantiles de Chile (FOJI),&nbsp;presentar\u00e1 su concierto de gala anual, invitando a la comunidad a disfrutar de un viaje sonoro que promete emocionar a todos los asistentes.<\/p>\n\n\n\n<p>El concierto se realizar\u00e1 el domingo 20 de octubre, a las 18 horas, en el Teatro Municipal de Temuco, y la entrada ser\u00e1 completamente gratuita. La invitaci\u00f3n est\u00e1 abierta para todos los amantes de la m\u00fasica y quienes deseen disfrutar de una experiencia cultural inolvidable, donde la juventud de la regi\u00f3n demostrar\u00e1 su talento y dedicaci\u00f3n en un evento de alto nivel art\u00edstico.<\/p>\n\n\n\n<p>Pablo Aranda, director ejecutivo de FOJI, destac\u00f3 la importancia de las orquestas juveniles a nivel nacional: &#8220;Para FOJI, la presencia de las orquestas regionales que tenemos a lo largo de todo Chile tiene un sentido de resignificaci\u00f3n de la pr\u00e1ctica orquestal, al mismo tiempo que es un aporte a la descentralizaci\u00f3n y promueve un acceso m\u00e1s amplio a la m\u00fasica para orquesta\u201d, indic\u00f3.<\/p>\n\n\n\n<p>En la misma l\u00ednea, el Seremi de las Culturas, las Artes y el Patrimonio de La Araucan\u00eda, Eric Iturriaga Guti\u00e9rrez, valor\u00f3 el trabajo realizado por la Fundaci\u00f3n y extendi\u00f3 una invitaci\u00f3n abierta a la comunidad: \u201cValoramos inmensamente el trabajo que hace la Fundaci\u00f3n de Orquestas Juveniles e Infantiles a lo largo y ancho de nuestro pa\u00eds. E invitamos a la comunidad a asistir al concierto de gala. Un panorama familiar para disfrutar de un variado repertorio musical.\u201d<\/p>\n\n\n\n<p>El repertorio incluir\u00e1 la&nbsp;<em>Sinfon\u00eda N\u00b0 1 en Do Mayor, Op. 21<\/em>&nbsp;de Ludwig van Beethoven, la energ\u00e9tica&nbsp;<em>Danza Bacanal de Camille Saint-Sa\u00ebns<\/em>, y una selecci\u00f3n de obras folcl\u00f3ricas chilenas de los compositores Guillermo Rifo y Patricio Marty. Esta combinaci\u00f3n de piezas ofrecer\u00e1 una experiencia musical diversa y entretenida para todos los gustos.&nbsp;<\/p>\n\n\n\n<p>&#8220;El programa est\u00e1 dise\u00f1ado para que el p\u00fablico pueda apreciar no solo el esfuerzo y dedicaci\u00f3n de los j\u00f3venes m\u00fasicos de la orquesta, sino tambi\u00e9n para que disfruten de una monta\u00f1a rusa de emociones. Iniciamos con tensi\u00f3n, luego damos espacio para el relajo, y as\u00ed vamos contrastando las piezas para que la audiencia se mantenga y pase un momento realmente grato&#8221;, coment\u00f3 Jes\u00fas Brice\u00f1o, quien este a\u00f1o asumi\u00f3 como director de la OSJR Araucan\u00eda.<\/p>\n\n\n\n<p>Por su parte, la Coordinadora de la OSJR Araucan\u00eda, Natalia Lebrecht, manifest\u00f3 la importancia de esta gala para los becados: \u201cLa oportunidad de que el p\u00fablico los conozca y vea su talento en el escenario puede ser un gran impulso para ellos. La m\u00fasica es una forma poderosa de conexi\u00f3n, y cada actuaci\u00f3n es una oportunidad para compartir su pasi\u00f3n y dedicaci\u00f3n. Espero que muchos se acerquen y se dejen llevar por su talento. Seguro ser\u00e1 una experiencia inolvidable para todos nuestros invitados. Como coordinadora es emocionante ser parte de este viaje y ser testigo de su evoluci\u00f3n\u201d, sostuvo.<\/p>\n\n\n\n<p><strong>Sobre la OSJR Araucan\u00eda<\/strong><\/p>\n\n\n\n<p>La Orquesta Sinf\u00f3nica Juvenil Regional de La Araucan\u00eda est\u00e1 compuesta por 60 ni\u00f1os, ni\u00f1as, adolescentes y j\u00f3venes m\u00fasicos, de entre 13 y 22 a\u00f1os, provenientes de las comunas de Angol, Cholchol, Collipulli, Cunco, Curacaut\u00edn, Lautaro, Padre Las Casas, Temuco, Vilc\u00fan y Villarrica.&nbsp;<\/p>\n\n\n\n<p>Desde su creaci\u00f3n, la orquesta ha ofrecido presentaciones en escenarios destacados como el Teatro Municipal de Temuco, el Centro Cultural de Villarrica, el Liceo Polit\u00e9cnico de Temuco y el Colegio Municipal Mundo M\u00e1gico, entre otros. Asimismo, ha sido parte de los encuentros nacionales de orquestas juveniles e infantiles organizados por FOJI.<\/p>\n","protected":false},"excerpt":{"rendered":"<div class=\"pvc_clear\"><\/div>\n<p id=\"pvc_stats_52943\" class=\"pvc_stats total_only  \" data-element-id=\"52943\" style=\"\"><i class=\"pvc-stats-icon large\" aria-hidden=\"true\"><svg aria-hidden=\"true\" focusable=\"false\" data-prefix=\"far\" data-icon=\"chart-bar\" role=\"img\" xmlns=\"http:\/\/www.w3.org\/2000\/svg\" viewBox=\"0 0 512 512\" class=\"svg-inline--fa fa-chart-bar fa-w-16 fa-2x\"><path fill=\"currentColor\" d=\"M396.8 352h22.4c6.4 0 12.8-6.4 12.8-12.8V108.8c0-6.4-6.4-12.8-12.8-12.8h-22.4c-6.4 0-12.8 6.4-12.8 12.8v230.4c0 6.4 6.4 12.8 12.8 12.8zm-192 0h22.4c6.4 0 12.8-6.4 12.8-12.8V140.8c0-6.4-6.4-12.8-12.8-12.8h-22.4c-6.4 0-12.8 6.4-12.8 12.8v198.4c0 6.4 6.4 12.8 12.8 12.8zm96 0h22.4c6.4 0 12.8-6.4 12.8-12.8V204.8c0-6.4-6.4-12.8-12.8-12.8h-22.4c-6.4 0-12.8 6.4-12.8 12.8v134.4c0 6.4 6.4 12.8 12.8 12.8zM496 400H48V80c0-8.84-7.16-16-16-16H16C7.16 64 0 71.16 0 80v336c0 17.67 14.33 32 32 32h464c8.84 0 16-7.16 16-16v-16c0-8.84-7.16-16-16-16zm-387.2-48h22.4c6.4 0 12.8-6.4 12.8-12.8v-70.4c0-6.4-6.4-12.8-12.8-12.8h-22.4c-6.4 0-12.8 6.4-12.8 12.8v70.4c0 6.4 6.4 12.8 12.8 12.8z\" class=\"\"><\/path><\/svg><\/i> <img loading=\"lazy\" decoding=\"async\" width=\"16\" height=\"16\" alt=\"Loading\" src=\"https:\/\/temucotelevision.cl\/web\/wp-content\/plugins\/page-views-count\/ajax-loader-2x.gif\" border=0 \/><\/p>\n<div class=\"pvc_clear\"><\/div>\n<p>El pr\u00f3ximo domingo 20 de octubre a las 18&nbsp; horas, el Teatro Municipal de Temuco ser\u00e1 el escenario de una<\/p>\n","protected":false},"author":1,"featured_media":52944,"comment_status":"open","ping_status":"open","sticky":false,"template":"","format":"standard","meta":{"colormag_page_container_layout":"default_layout","colormag_page_sidebar_layout":"default_layout","footnotes":""},"categories":[86],"tags":[1299],"class_list":["post-52943","post","type-post","status-publish","format-standard","has-post-thumbnail","hentry","category-panoramas","tag-orquesta"],"a3_pvc":{"activated":true,"total_views":1032,"today_views":0},"_links":{"self":[{"href":"https:\/\/temucotelevision.cl\/web\/wp-json\/wp\/v2\/posts\/52943","targetHints":{"allow":["GET"]}}],"collection":[{"href":"https:\/\/temucotelevision.cl\/web\/wp-json\/wp\/v2\/posts"}],"about":[{"href":"https:\/\/temucotelevision.cl\/web\/wp-json\/wp\/v2\/types\/post"}],"author":[{"embeddable":true,"href":"https:\/\/temucotelevision.cl\/web\/wp-json\/wp\/v2\/users\/1"}],"replies":[{"embeddable":true,"href":"https:\/\/temucotelevision.cl\/web\/wp-json\/wp\/v2\/comments?post=52943"}],"version-history":[{"count":1,"href":"https:\/\/temucotelevision.cl\/web\/wp-json\/wp\/v2\/posts\/52943\/revisions"}],"predecessor-version":[{"id":52945,"href":"https:\/\/temucotelevision.cl\/web\/wp-json\/wp\/v2\/posts\/52943\/revisions\/52945"}],"wp:featuredmedia":[{"embeddable":true,"href":"https:\/\/temucotelevision.cl\/web\/wp-json\/wp\/v2\/media\/52944"}],"wp:attachment":[{"href":"https:\/\/temucotelevision.cl\/web\/wp-json\/wp\/v2\/media?parent=52943"}],"wp:term":[{"taxonomy":"category","embeddable":true,"href":"https:\/\/temucotelevision.cl\/web\/wp-json\/wp\/v2\/categories?post=52943"},{"taxonomy":"post_tag","embeddable":true,"href":"https:\/\/temucotelevision.cl\/web\/wp-json\/wp\/v2\/tags?post=52943"}],"curies":[{"name":"wp","href":"https:\/\/api.w.org\/{rel}","templated":true}]}}