{"id":52940,"date":"2024-10-11T21:48:46","date_gmt":"2024-10-12T00:48:46","guid":{"rendered":"https:\/\/temucotelevision.cl\/web\/?p=52940"},"modified":"2024-10-11T21:48:47","modified_gmt":"2024-10-12T00:48:47","slug":"fiscalia-formalizo-investigacion-contra-delincuentes-motorizados-detenidos-por-inspectores-municipales-de-temuco","status":"publish","type":"post","link":"https:\/\/temucotelevision.cl\/web\/2024\/10\/11\/fiscalia-formalizo-investigacion-contra-delincuentes-motorizados-detenidos-por-inspectores-municipales-de-temuco\/","title":{"rendered":"Fiscal\u00eda formaliz\u00f3 investigaci\u00f3n contra delincuentes motorizados detenidos por inspectores municipales de Temuco"},"content":{"rendered":"<div class=\"pvc_clear\"><\/div><p id=\"pvc_stats_52940\" class=\"pvc_stats total_only  \" data-element-id=\"52940\" style=\"\"><i class=\"pvc-stats-icon large\" aria-hidden=\"true\"><svg aria-hidden=\"true\" focusable=\"false\" data-prefix=\"far\" data-icon=\"chart-bar\" role=\"img\" xmlns=\"http:\/\/www.w3.org\/2000\/svg\" viewBox=\"0 0 512 512\" class=\"svg-inline--fa fa-chart-bar fa-w-16 fa-2x\"><path fill=\"currentColor\" d=\"M396.8 352h22.4c6.4 0 12.8-6.4 12.8-12.8V108.8c0-6.4-6.4-12.8-12.8-12.8h-22.4c-6.4 0-12.8 6.4-12.8 12.8v230.4c0 6.4 6.4 12.8 12.8 12.8zm-192 0h22.4c6.4 0 12.8-6.4 12.8-12.8V140.8c0-6.4-6.4-12.8-12.8-12.8h-22.4c-6.4 0-12.8 6.4-12.8 12.8v198.4c0 6.4 6.4 12.8 12.8 12.8zm96 0h22.4c6.4 0 12.8-6.4 12.8-12.8V204.8c0-6.4-6.4-12.8-12.8-12.8h-22.4c-6.4 0-12.8 6.4-12.8 12.8v134.4c0 6.4 6.4 12.8 12.8 12.8zM496 400H48V80c0-8.84-7.16-16-16-16H16C7.16 64 0 71.16 0 80v336c0 17.67 14.33 32 32 32h464c8.84 0 16-7.16 16-16v-16c0-8.84-7.16-16-16-16zm-387.2-48h22.4c6.4 0 12.8-6.4 12.8-12.8v-70.4c0-6.4-6.4-12.8-12.8-12.8h-22.4c-6.4 0-12.8 6.4-12.8 12.8v70.4c0 6.4 6.4 12.8 12.8 12.8z\" class=\"\"><\/path><\/svg><\/i> <img loading=\"lazy\" decoding=\"async\" width=\"16\" height=\"16\" alt=\"Loading\" src=\"https:\/\/temucotelevision.cl\/web\/wp-content\/plugins\/page-views-count\/ajax-loader-2x.gif\" border=0 \/><\/p><div class=\"pvc_clear\"><\/div>\n<p>Los antisociales fueron capturados por motopatrulleros municipales tras una intensa b\u00fasqueda por diferentes arterias de la capital regional para luego ser entregados a Carabineros. Un r\u00e1pido aviso al 1409 fue clave para el exitoso operativo.<\/p>\n\n\n\n<p>El Ministerio P\u00fablico formaliz\u00f3 investigaci\u00f3n contra M.A.C.V., ciudadano venezolano en situaci\u00f3n irregular en Chile, y contra K.Y.A.V.S., de nacionalidad chilena, ambos acusados de ser los autores de los delitos de robo con violencia y amenazas ocurrido el pasado lunes 7 de octubre en el macrosector de Pedro de Valdivia de Temuco.<\/p>\n\n\n\n<p>El Juzgado de Garant\u00eda de Temuco decret\u00f3 prisi\u00f3n preventiva para el imputado extranjero, mientras que para el nacional se ordenaron medidas cautelares de menor intensidad. No obstante, la Fiscal\u00eda apel\u00f3 verbalmente a esta decisi\u00f3n, por lo que K.Y.A.V.S. ser\u00e1 ingresado en calidad de \u201cdetenido\u201d en el Centro de Cumplimiento Penitenciario de Temuco hasta que la Corte de Apelaciones defina su situaci\u00f3n cautelar, dentro del plazo que dure la investigaci\u00f3n.<\/p>\n\n\n\n<p>Los dos antisociales fueron detenidos por personal de la Secci\u00f3n Motorizada de la Direcci\u00f3n de Seguridad P\u00fablica de la Municipalidad de Temuco, tras la oportuna denuncia de la v\u00edctima a trav\u00e9s del n\u00famero 1409. Las autoridades recalcaron la importancia de la colaboraci\u00f3n ciudadana para la r\u00e1pida detenci\u00f3n de los individuos.<\/p>\n","protected":false},"excerpt":{"rendered":"<div class=\"pvc_clear\"><\/div>\n<p id=\"pvc_stats_52940\" class=\"pvc_stats total_only  \" data-element-id=\"52940\" style=\"\"><i class=\"pvc-stats-icon large\" aria-hidden=\"true\"><svg aria-hidden=\"true\" focusable=\"false\" data-prefix=\"far\" data-icon=\"chart-bar\" role=\"img\" xmlns=\"http:\/\/www.w3.org\/2000\/svg\" viewBox=\"0 0 512 512\" class=\"svg-inline--fa fa-chart-bar fa-w-16 fa-2x\"><path fill=\"currentColor\" d=\"M396.8 352h22.4c6.4 0 12.8-6.4 12.8-12.8V108.8c0-6.4-6.4-12.8-12.8-12.8h-22.4c-6.4 0-12.8 6.4-12.8 12.8v230.4c0 6.4 6.4 12.8 12.8 12.8zm-192 0h22.4c6.4 0 12.8-6.4 12.8-12.8V140.8c0-6.4-6.4-12.8-12.8-12.8h-22.4c-6.4 0-12.8 6.4-12.8 12.8v198.4c0 6.4 6.4 12.8 12.8 12.8zm96 0h22.4c6.4 0 12.8-6.4 12.8-12.8V204.8c0-6.4-6.4-12.8-12.8-12.8h-22.4c-6.4 0-12.8 6.4-12.8 12.8v134.4c0 6.4 6.4 12.8 12.8 12.8zM496 400H48V80c0-8.84-7.16-16-16-16H16C7.16 64 0 71.16 0 80v336c0 17.67 14.33 32 32 32h464c8.84 0 16-7.16 16-16v-16c0-8.84-7.16-16-16-16zm-387.2-48h22.4c6.4 0 12.8-6.4 12.8-12.8v-70.4c0-6.4-6.4-12.8-12.8-12.8h-22.4c-6.4 0-12.8 6.4-12.8 12.8v70.4c0 6.4 6.4 12.8 12.8 12.8z\" class=\"\"><\/path><\/svg><\/i> <img loading=\"lazy\" decoding=\"async\" width=\"16\" height=\"16\" alt=\"Loading\" src=\"https:\/\/temucotelevision.cl\/web\/wp-content\/plugins\/page-views-count\/ajax-loader-2x.gif\" border=0 \/><\/p>\n<div class=\"pvc_clear\"><\/div>\n<p>Los antisociales fueron capturados por motopatrulleros municipales tras una intensa b\u00fasqueda por diferentes arterias de la capital regional para luego<\/p>\n","protected":false},"author":1,"featured_media":52891,"comment_status":"open","ping_status":"open","sticky":false,"template":"","format":"standard","meta":{"colormag_page_container_layout":"default_layout","colormag_page_sidebar_layout":"default_layout","footnotes":""},"categories":[14],"tags":[7143],"class_list":["post-52940","post","type-post","status-publish","format-standard","has-post-thumbnail","hentry","category-temuco","tag-patrulleros"],"a3_pvc":{"activated":true,"total_views":2249,"today_views":0},"_links":{"self":[{"href":"https:\/\/temucotelevision.cl\/web\/wp-json\/wp\/v2\/posts\/52940","targetHints":{"allow":["GET"]}}],"collection":[{"href":"https:\/\/temucotelevision.cl\/web\/wp-json\/wp\/v2\/posts"}],"about":[{"href":"https:\/\/temucotelevision.cl\/web\/wp-json\/wp\/v2\/types\/post"}],"author":[{"embeddable":true,"href":"https:\/\/temucotelevision.cl\/web\/wp-json\/wp\/v2\/users\/1"}],"replies":[{"embeddable":true,"href":"https:\/\/temucotelevision.cl\/web\/wp-json\/wp\/v2\/comments?post=52940"}],"version-history":[{"count":1,"href":"https:\/\/temucotelevision.cl\/web\/wp-json\/wp\/v2\/posts\/52940\/revisions"}],"predecessor-version":[{"id":52941,"href":"https:\/\/temucotelevision.cl\/web\/wp-json\/wp\/v2\/posts\/52940\/revisions\/52941"}],"wp:featuredmedia":[{"embeddable":true,"href":"https:\/\/temucotelevision.cl\/web\/wp-json\/wp\/v2\/media\/52891"}],"wp:attachment":[{"href":"https:\/\/temucotelevision.cl\/web\/wp-json\/wp\/v2\/media?parent=52940"}],"wp:term":[{"taxonomy":"category","embeddable":true,"href":"https:\/\/temucotelevision.cl\/web\/wp-json\/wp\/v2\/categories?post=52940"},{"taxonomy":"post_tag","embeddable":true,"href":"https:\/\/temucotelevision.cl\/web\/wp-json\/wp\/v2\/tags?post=52940"}],"curies":[{"name":"wp","href":"https:\/\/api.w.org\/{rel}","templated":true}]}}