{"id":52930,"date":"2024-10-11T18:36:13","date_gmt":"2024-10-11T21:36:13","guid":{"rendered":"https:\/\/temucotelevision.cl\/web\/?p=52930"},"modified":"2024-10-11T21:50:29","modified_gmt":"2024-10-12T00:50:29","slug":"celebracion-familiar-en-la-isla-cautin-vuelve-el-festival-raices-araucanas","status":"publish","type":"post","link":"https:\/\/temucotelevision.cl\/web\/2024\/10\/11\/celebracion-familiar-en-la-isla-cautin-vuelve-el-festival-raices-araucanas\/","title":{"rendered":"Celebraci\u00f3n familiar en la Isla Caut\u00edn: Vuelve el Festival Ra\u00edces Araucanas"},"content":{"rendered":"<div class=\"pvc_clear\"><\/div><p id=\"pvc_stats_52930\" class=\"pvc_stats total_only  \" data-element-id=\"52930\" style=\"\"><i class=\"pvc-stats-icon large\" aria-hidden=\"true\"><svg aria-hidden=\"true\" focusable=\"false\" data-prefix=\"far\" data-icon=\"chart-bar\" role=\"img\" xmlns=\"http:\/\/www.w3.org\/2000\/svg\" viewBox=\"0 0 512 512\" class=\"svg-inline--fa fa-chart-bar fa-w-16 fa-2x\"><path fill=\"currentColor\" d=\"M396.8 352h22.4c6.4 0 12.8-6.4 12.8-12.8V108.8c0-6.4-6.4-12.8-12.8-12.8h-22.4c-6.4 0-12.8 6.4-12.8 12.8v230.4c0 6.4 6.4 12.8 12.8 12.8zm-192 0h22.4c6.4 0 12.8-6.4 12.8-12.8V140.8c0-6.4-6.4-12.8-12.8-12.8h-22.4c-6.4 0-12.8 6.4-12.8 12.8v198.4c0 6.4 6.4 12.8 12.8 12.8zm96 0h22.4c6.4 0 12.8-6.4 12.8-12.8V204.8c0-6.4-6.4-12.8-12.8-12.8h-22.4c-6.4 0-12.8 6.4-12.8 12.8v134.4c0 6.4 6.4 12.8 12.8 12.8zM496 400H48V80c0-8.84-7.16-16-16-16H16C7.16 64 0 71.16 0 80v336c0 17.67 14.33 32 32 32h464c8.84 0 16-7.16 16-16v-16c0-8.84-7.16-16-16-16zm-387.2-48h22.4c6.4 0 12.8-6.4 12.8-12.8v-70.4c0-6.4-6.4-12.8-12.8-12.8h-22.4c-6.4 0-12.8 6.4-12.8 12.8v70.4c0 6.4 6.4 12.8 12.8 12.8z\" class=\"\"><\/path><\/svg><\/i> <img loading=\"lazy\" decoding=\"async\" width=\"16\" height=\"16\" alt=\"Loading\" src=\"https:\/\/temucotelevision.cl\/web\/wp-content\/plugins\/page-views-count\/ajax-loader-2x.gif\" border=0 \/><\/p><div class=\"pvc_clear\"><\/div>\n<p>Gratuito. El evento, que se realizar\u00e1 este s\u00e1bado y domingo en la Isla Caut\u00edn, contar\u00e1 con m\u00fasica en vivo, gastronom\u00eda y productos de emprendedores de la regi\u00f3n, incluidas m\u00e1s de 50 variedades de cerveza.<\/p>\n\n\n\n<p>&nbsp; &nbsp; &nbsp; &nbsp; &nbsp; &nbsp;&nbsp;Este s\u00e1bado y domingo entre las 12:00 y las 21:00 horas, el Parque Urbano Isla Cautin estar\u00e1 abierto al p\u00fablico para dar vida a la S\u00e9ptima versi\u00f3n del Festival Ra\u00edces Araucanas, un evento familiar y gratuito que promete ser un punto de encuentro para la celebraci\u00f3n de la rica herencia cultural de nuestra regi\u00f3n.<\/p>\n\n\n\n<p>En un escenario natural sin igual, este evento se alza como una vitrina de lo mejor de nuestra tierra, ofreciendo una experiencia inolvidable para todos los asistentes.<\/p>\n\n\n\n<p>Con el auspicio de la Araucan\u00eda Cervecera AG, el evento contar\u00e1 con un elenco de bandas locales de renombre, garantizando shows de calidad. Estos artistas, todos con una notable trayectoria y orgullosamente de nuestra regi\u00f3n, ser\u00e1n los encargados de poner la banda sonora a un fin de semana donde se prev\u00e9 buen tiempo.<\/p>\n\n\n\n<p>Gastronom\u00eda<\/p>\n\n\n\n<p>El festival tambi\u00e9n deleitar\u00e1 a los asistentes con una amplia oferta gastron\u00f3mica, presentando carros de comida que ofrecer\u00e1n desde platos tradicionales hasta propuestas gourmet, asegurando sabores para todos los gustos. Las y los emprendedores locales tendr\u00e1n un espacio destacado para mostrar sus artesan\u00edas y productos, reflejando la riqueza cultural y la creatividad de la regi\u00f3n.<\/p>\n\n\n\n<p>Cerveza<\/p>\n\n\n\n<p>Por su parte m\u00e1s de una decena de casas cerveceras locales ser\u00e1n parte fundamental de este encuentro, ofreciendo sus mejores creaciones para el disfrute de los asistentes quienes pueden degustar m\u00e1s de 50 variedades con s\u00f3lo adquirir su vaso y pulsera cuyo valor es de 2 mil pesos.<\/p>\n\n\n\n<p>&nbsp;&nbsp; &nbsp; &nbsp; &nbsp; &nbsp;&nbsp;Para Luis Villalobos Castro, presidente de Araucan\u00eda Cervecera A. G., organizadora del festival, esta fiesta regional celebra nuestras ra\u00edces y el fomento productivo. \u201cEstamos felices porque es acogida con entusiasmo por la comunidad, convirti\u00e9ndose en un evento esperado por todos, donde grandes y chicos, e incluso nuestras mascotas, encuentran su lugar en esta fiesta de la cultura regional\u201d, expres\u00f3 el dirigente quien aprovech\u00f3 de agradecer el invaluable apoyo del municipio local y Sercotec.<\/p>\n","protected":false},"excerpt":{"rendered":"<div class=\"pvc_clear\"><\/div>\n<p id=\"pvc_stats_52930\" class=\"pvc_stats total_only  \" data-element-id=\"52930\" style=\"\"><i class=\"pvc-stats-icon large\" aria-hidden=\"true\"><svg aria-hidden=\"true\" focusable=\"false\" data-prefix=\"far\" data-icon=\"chart-bar\" role=\"img\" xmlns=\"http:\/\/www.w3.org\/2000\/svg\" viewBox=\"0 0 512 512\" class=\"svg-inline--fa fa-chart-bar fa-w-16 fa-2x\"><path fill=\"currentColor\" d=\"M396.8 352h22.4c6.4 0 12.8-6.4 12.8-12.8V108.8c0-6.4-6.4-12.8-12.8-12.8h-22.4c-6.4 0-12.8 6.4-12.8 12.8v230.4c0 6.4 6.4 12.8 12.8 12.8zm-192 0h22.4c6.4 0 12.8-6.4 12.8-12.8V140.8c0-6.4-6.4-12.8-12.8-12.8h-22.4c-6.4 0-12.8 6.4-12.8 12.8v198.4c0 6.4 6.4 12.8 12.8 12.8zm96 0h22.4c6.4 0 12.8-6.4 12.8-12.8V204.8c0-6.4-6.4-12.8-12.8-12.8h-22.4c-6.4 0-12.8 6.4-12.8 12.8v134.4c0 6.4 6.4 12.8 12.8 12.8zM496 400H48V80c0-8.84-7.16-16-16-16H16C7.16 64 0 71.16 0 80v336c0 17.67 14.33 32 32 32h464c8.84 0 16-7.16 16-16v-16c0-8.84-7.16-16-16-16zm-387.2-48h22.4c6.4 0 12.8-6.4 12.8-12.8v-70.4c0-6.4-6.4-12.8-12.8-12.8h-22.4c-6.4 0-12.8 6.4-12.8 12.8v70.4c0 6.4 6.4 12.8 12.8 12.8z\" class=\"\"><\/path><\/svg><\/i> <img loading=\"lazy\" decoding=\"async\" width=\"16\" height=\"16\" alt=\"Loading\" src=\"https:\/\/temucotelevision.cl\/web\/wp-content\/plugins\/page-views-count\/ajax-loader-2x.gif\" border=0 \/><\/p>\n<div class=\"pvc_clear\"><\/div>\n<p>Gratuito. El evento, que se realizar\u00e1 este s\u00e1bado y domingo en la Isla Caut\u00edn, contar\u00e1 con m\u00fasica en vivo, gastronom\u00eda<\/p>\n","protected":false},"author":1,"featured_media":52931,"comment_status":"open","ping_status":"open","sticky":false,"template":"","format":"standard","meta":{"colormag_page_container_layout":"default_layout","colormag_page_sidebar_layout":"default_layout","footnotes":""},"categories":[86],"tags":[141],"class_list":["post-52930","post","type-post","status-publish","format-standard","has-post-thumbnail","hentry","category-panoramas","tag-festival"],"a3_pvc":{"activated":true,"total_views":1484,"today_views":0},"_links":{"self":[{"href":"https:\/\/temucotelevision.cl\/web\/wp-json\/wp\/v2\/posts\/52930","targetHints":{"allow":["GET"]}}],"collection":[{"href":"https:\/\/temucotelevision.cl\/web\/wp-json\/wp\/v2\/posts"}],"about":[{"href":"https:\/\/temucotelevision.cl\/web\/wp-json\/wp\/v2\/types\/post"}],"author":[{"embeddable":true,"href":"https:\/\/temucotelevision.cl\/web\/wp-json\/wp\/v2\/users\/1"}],"replies":[{"embeddable":true,"href":"https:\/\/temucotelevision.cl\/web\/wp-json\/wp\/v2\/comments?post=52930"}],"version-history":[{"count":1,"href":"https:\/\/temucotelevision.cl\/web\/wp-json\/wp\/v2\/posts\/52930\/revisions"}],"predecessor-version":[{"id":52932,"href":"https:\/\/temucotelevision.cl\/web\/wp-json\/wp\/v2\/posts\/52930\/revisions\/52932"}],"wp:featuredmedia":[{"embeddable":true,"href":"https:\/\/temucotelevision.cl\/web\/wp-json\/wp\/v2\/media\/52931"}],"wp:attachment":[{"href":"https:\/\/temucotelevision.cl\/web\/wp-json\/wp\/v2\/media?parent=52930"}],"wp:term":[{"taxonomy":"category","embeddable":true,"href":"https:\/\/temucotelevision.cl\/web\/wp-json\/wp\/v2\/categories?post=52930"},{"taxonomy":"post_tag","embeddable":true,"href":"https:\/\/temucotelevision.cl\/web\/wp-json\/wp\/v2\/tags?post=52930"}],"curies":[{"name":"wp","href":"https:\/\/api.w.org\/{rel}","templated":true}]}}