{"id":52918,"date":"2024-10-11T21:37:47","date_gmt":"2024-10-12T00:37:47","guid":{"rendered":"https:\/\/temucotelevision.cl\/web\/?p=52918"},"modified":"2024-10-11T21:37:48","modified_gmt":"2024-10-12T00:37:48","slug":"caida-de-antena-en-radal-ultimo-temporal-deja-a-cientos-incomunicados-y-vulnerables","status":"publish","type":"post","link":"https:\/\/temucotelevision.cl\/web\/2024\/10\/11\/caida-de-antena-en-radal-ultimo-temporal-deja-a-cientos-incomunicados-y-vulnerables\/","title":{"rendered":"Ca\u00edda de Antena en Radal: \u00daltimo temporal deja a cientos incomunicados y vulnerables"},"content":{"rendered":"<div class=\"pvc_clear\"><\/div><p id=\"pvc_stats_52918\" class=\"pvc_stats total_only  \" data-element-id=\"52918\" style=\"\"><i class=\"pvc-stats-icon large\" aria-hidden=\"true\"><svg aria-hidden=\"true\" focusable=\"false\" data-prefix=\"far\" data-icon=\"chart-bar\" role=\"img\" xmlns=\"http:\/\/www.w3.org\/2000\/svg\" viewBox=\"0 0 512 512\" class=\"svg-inline--fa fa-chart-bar fa-w-16 fa-2x\"><path fill=\"currentColor\" d=\"M396.8 352h22.4c6.4 0 12.8-6.4 12.8-12.8V108.8c0-6.4-6.4-12.8-12.8-12.8h-22.4c-6.4 0-12.8 6.4-12.8 12.8v230.4c0 6.4 6.4 12.8 12.8 12.8zm-192 0h22.4c6.4 0 12.8-6.4 12.8-12.8V140.8c0-6.4-6.4-12.8-12.8-12.8h-22.4c-6.4 0-12.8 6.4-12.8 12.8v198.4c0 6.4 6.4 12.8 12.8 12.8zm96 0h22.4c6.4 0 12.8-6.4 12.8-12.8V204.8c0-6.4-6.4-12.8-12.8-12.8h-22.4c-6.4 0-12.8 6.4-12.8 12.8v134.4c0 6.4 6.4 12.8 12.8 12.8zM496 400H48V80c0-8.84-7.16-16-16-16H16C7.16 64 0 71.16 0 80v336c0 17.67 14.33 32 32 32h464c8.84 0 16-7.16 16-16v-16c0-8.84-7.16-16-16-16zm-387.2-48h22.4c6.4 0 12.8-6.4 12.8-12.8v-70.4c0-6.4-6.4-12.8-12.8-12.8h-22.4c-6.4 0-12.8 6.4-12.8 12.8v70.4c0 6.4 6.4 12.8 12.8 12.8z\" class=\"\"><\/path><\/svg><\/i> <img loading=\"lazy\" decoding=\"async\" width=\"16\" height=\"16\" alt=\"Loading\" src=\"https:\/\/temucotelevision.cl\/web\/wp-content\/plugins\/page-views-count\/ajax-loader-2x.gif\" border=0 \/><\/p><div class=\"pvc_clear\"><\/div>\n<p>La ca\u00edda de la antena telef\u00f3nica de Entel y Movistar durante el \u00faltimo temporal en Radal ha dejado desconectadas a cientos de personas, afectando gravemente la conectividad en la zona. Esta situaci\u00f3n ha provocado problemas de comunicaci\u00f3n que repercuten directamente en la respuesta de los organismos de emergencia y salud, dificultando la coordinaci\u00f3n de auxilios y asistencia a la comunidad.<\/p>\n\n\n\n<p>Adem\u00e1s, la falta de se\u00f1al de telefon\u00eda e internet ha generado complicaciones sociales, aislando a las personas y dificultando la realizaci\u00f3n de actividades cotidianas que dependen de estos servicios. Los residentes de Radal est\u00e1n demandando una pronta soluci\u00f3n por parte de las empresas responsables, ya que esta situaci\u00f3n prolongada amenaza con empeorar las condiciones de vida y vulnerar a\u00fan m\u00e1s la seguridad de la poblaci\u00f3n.<\/p>\n\n\n\n<p>La comunidad espera que las autoridades locales y las compa\u00f1\u00edas de telecomunicaciones tomen medidas urgentes para restablecer los servicios y prevenir que una desconectividad de esta magnitud vuelva a ocurrir en futuros eventos clim\u00e1ticos.<\/p>\n","protected":false},"excerpt":{"rendered":"<div class=\"pvc_clear\"><\/div>\n<p id=\"pvc_stats_52918\" class=\"pvc_stats total_only  \" data-element-id=\"52918\" style=\"\"><i class=\"pvc-stats-icon large\" aria-hidden=\"true\"><svg aria-hidden=\"true\" focusable=\"false\" data-prefix=\"far\" data-icon=\"chart-bar\" role=\"img\" xmlns=\"http:\/\/www.w3.org\/2000\/svg\" viewBox=\"0 0 512 512\" class=\"svg-inline--fa fa-chart-bar fa-w-16 fa-2x\"><path fill=\"currentColor\" d=\"M396.8 352h22.4c6.4 0 12.8-6.4 12.8-12.8V108.8c0-6.4-6.4-12.8-12.8-12.8h-22.4c-6.4 0-12.8 6.4-12.8 12.8v230.4c0 6.4 6.4 12.8 12.8 12.8zm-192 0h22.4c6.4 0 12.8-6.4 12.8-12.8V140.8c0-6.4-6.4-12.8-12.8-12.8h-22.4c-6.4 0-12.8 6.4-12.8 12.8v198.4c0 6.4 6.4 12.8 12.8 12.8zm96 0h22.4c6.4 0 12.8-6.4 12.8-12.8V204.8c0-6.4-6.4-12.8-12.8-12.8h-22.4c-6.4 0-12.8 6.4-12.8 12.8v134.4c0 6.4 6.4 12.8 12.8 12.8zM496 400H48V80c0-8.84-7.16-16-16-16H16C7.16 64 0 71.16 0 80v336c0 17.67 14.33 32 32 32h464c8.84 0 16-7.16 16-16v-16c0-8.84-7.16-16-16-16zm-387.2-48h22.4c6.4 0 12.8-6.4 12.8-12.8v-70.4c0-6.4-6.4-12.8-12.8-12.8h-22.4c-6.4 0-12.8 6.4-12.8 12.8v70.4c0 6.4 6.4 12.8 12.8 12.8z\" class=\"\"><\/path><\/svg><\/i> <img loading=\"lazy\" decoding=\"async\" width=\"16\" height=\"16\" alt=\"Loading\" src=\"https:\/\/temucotelevision.cl\/web\/wp-content\/plugins\/page-views-count\/ajax-loader-2x.gif\" border=0 \/><\/p>\n<div class=\"pvc_clear\"><\/div>\n<p>La ca\u00edda de la antena telef\u00f3nica de Entel y Movistar durante el \u00faltimo temporal en Radal ha dejado desconectadas a<\/p>\n","protected":false},"author":1,"featured_media":52933,"comment_status":"open","ping_status":"open","sticky":false,"template":"","format":"standard","meta":{"colormag_page_container_layout":"default_layout","colormag_page_sidebar_layout":"default_layout","footnotes":""},"categories":[15],"tags":[5155],"class_list":["post-52918","post","type-post","status-publish","format-standard","has-post-thumbnail","hentry","category-la-araucania","tag-radal"],"a3_pvc":{"activated":true,"total_views":1035,"today_views":0},"_links":{"self":[{"href":"https:\/\/temucotelevision.cl\/web\/wp-json\/wp\/v2\/posts\/52918","targetHints":{"allow":["GET"]}}],"collection":[{"href":"https:\/\/temucotelevision.cl\/web\/wp-json\/wp\/v2\/posts"}],"about":[{"href":"https:\/\/temucotelevision.cl\/web\/wp-json\/wp\/v2\/types\/post"}],"author":[{"embeddable":true,"href":"https:\/\/temucotelevision.cl\/web\/wp-json\/wp\/v2\/users\/1"}],"replies":[{"embeddable":true,"href":"https:\/\/temucotelevision.cl\/web\/wp-json\/wp\/v2\/comments?post=52918"}],"version-history":[{"count":1,"href":"https:\/\/temucotelevision.cl\/web\/wp-json\/wp\/v2\/posts\/52918\/revisions"}],"predecessor-version":[{"id":52934,"href":"https:\/\/temucotelevision.cl\/web\/wp-json\/wp\/v2\/posts\/52918\/revisions\/52934"}],"wp:featuredmedia":[{"embeddable":true,"href":"https:\/\/temucotelevision.cl\/web\/wp-json\/wp\/v2\/media\/52933"}],"wp:attachment":[{"href":"https:\/\/temucotelevision.cl\/web\/wp-json\/wp\/v2\/media?parent=52918"}],"wp:term":[{"taxonomy":"category","embeddable":true,"href":"https:\/\/temucotelevision.cl\/web\/wp-json\/wp\/v2\/categories?post=52918"},{"taxonomy":"post_tag","embeddable":true,"href":"https:\/\/temucotelevision.cl\/web\/wp-json\/wp\/v2\/tags?post=52918"}],"curies":[{"name":"wp","href":"https:\/\/api.w.org\/{rel}","templated":true}]}}