{"id":52715,"date":"2024-09-26T00:19:04","date_gmt":"2024-09-26T03:19:04","guid":{"rendered":"https:\/\/temucotelevision.cl\/web\/?p=52715"},"modified":"2024-09-26T00:19:14","modified_gmt":"2024-09-26T03:19:14","slug":"organizaciones-denuncian-la-expansion-vial-en-temuco-pone-en-riesgo-mas-de-100-arboles","status":"publish","type":"post","link":"https:\/\/temucotelevision.cl\/web\/2024\/09\/26\/organizaciones-denuncian-la-expansion-vial-en-temuco-pone-en-riesgo-mas-de-100-arboles\/","title":{"rendered":"Organizaciones denuncian: la expansi\u00f3n vial en Temuco pone en riesgo m\u00e1s de 100 \u00e1rboles"},"content":{"rendered":"<div class=\"pvc_clear\"><\/div><p id=\"pvc_stats_52715\" class=\"pvc_stats total_only  \" data-element-id=\"52715\" style=\"\"><i class=\"pvc-stats-icon large\" aria-hidden=\"true\"><svg aria-hidden=\"true\" focusable=\"false\" data-prefix=\"far\" data-icon=\"chart-bar\" role=\"img\" xmlns=\"http:\/\/www.w3.org\/2000\/svg\" viewBox=\"0 0 512 512\" class=\"svg-inline--fa fa-chart-bar fa-w-16 fa-2x\"><path fill=\"currentColor\" d=\"M396.8 352h22.4c6.4 0 12.8-6.4 12.8-12.8V108.8c0-6.4-6.4-12.8-12.8-12.8h-22.4c-6.4 0-12.8 6.4-12.8 12.8v230.4c0 6.4 6.4 12.8 12.8 12.8zm-192 0h22.4c6.4 0 12.8-6.4 12.8-12.8V140.8c0-6.4-6.4-12.8-12.8-12.8h-22.4c-6.4 0-12.8 6.4-12.8 12.8v198.4c0 6.4 6.4 12.8 12.8 12.8zm96 0h22.4c6.4 0 12.8-6.4 12.8-12.8V204.8c0-6.4-6.4-12.8-12.8-12.8h-22.4c-6.4 0-12.8 6.4-12.8 12.8v134.4c0 6.4 6.4 12.8 12.8 12.8zM496 400H48V80c0-8.84-7.16-16-16-16H16C7.16 64 0 71.16 0 80v336c0 17.67 14.33 32 32 32h464c8.84 0 16-7.16 16-16v-16c0-8.84-7.16-16-16-16zm-387.2-48h22.4c6.4 0 12.8-6.4 12.8-12.8v-70.4c0-6.4-6.4-12.8-12.8-12.8h-22.4c-6.4 0-12.8 6.4-12.8 12.8v70.4c0 6.4 6.4 12.8 12.8 12.8z\" class=\"\"><\/path><\/svg><\/i> <img loading=\"lazy\" decoding=\"async\" width=\"16\" height=\"16\" alt=\"Loading\" src=\"https:\/\/temucotelevision.cl\/web\/wp-content\/plugins\/page-views-count\/ajax-loader-2x.gif\" border=0 \/><\/p><div class=\"pvc_clear\"><\/div>\n<p>Organizaciones ciudadanas denuncian el peligro en el que se encuentra el arbolado urbano de Temuco por los proyectos viales que est\u00e1n siendo desarrollados por el SERVIU con autorizaci\u00f3n de la Municipalidad de Temuco.<\/p>\n\n\n\n<p>La ampliaci\u00f3n de la calle Imperial por el proyecto \u201cMejoramiento de la Av. Pablo Neruda con Simon Bol\u00edvar\/Imperial\u201d ya signific\u00f3 la tala de una arboleda con m\u00e1s de 20 \u00e1rboles que conformaban un \u00e1rea verde valorada por las familias, ciclistas y peatones, brindando sombra en verano, refugio de la lluvia y el viento en invierno, embelleciendo el lugar. Muchos de las vecinas y vecinos se enteraron de la eliminaci\u00f3n de los \u00e1rboles s\u00f3lo cuando ya estaban demarcados para su tala. Ante esta situaci\u00f3n, interpusieron un recurso de protecci\u00f3n con apoyo de la organizaci\u00f3n RADA.<\/p>\n\n\n\n<p>Una situaci\u00f3n similar se vive hoy en la intersecci\u00f3n entre Le\u00f3n Gallo, Hochstetter y Pablo Neruda, donde se est\u00e1 desarrollando la ampliaci\u00f3n de Av. Pablo Neruda por el mismo proyecto y cuyas obras mantienen amenazados cerca de una decena de maitenes establecidos, en buenas condiciones de salud fitosanitaria.<\/p>\n\n\n\n<p>La peor parte de todo el plan vial, ser\u00e1 sin embargo el soterramiento de las calles San Mart\u00edn y Bernardo O\u2019higgins, que implican la tala de al menos unos 100 \u00e1rboles en la capital regional. Este proyecto vial, del plan Buen Vivir, fue anunciado por la Ministra del Interior Carolina Toh\u00e1 en junio de este a\u00f1o, quien vino a Temuco junto con el Subsecretario de Obras P\u00fablicas a la firma del convenio para el traspaso de los recursos p\u00fablicos al alcalde Roberto Neira.<\/p>\n\n\n\n<p>En un contexto de crisis clim\u00e1tica estos proyectos deber\u00edan ser revisados ya que fueron pensados hace m\u00e1s de diez a\u00f1os atr\u00e1s. Aunque la Ley de Bases del Medio Ambiente no obliga a evaluar proyectos viales, \u00e9stos deber\u00edan voluntariamente someterse al Sistema de Evaluaci\u00f3n de Impacto Ambiental, tanto por el impacto a la naturaleza como a las personas. Se hace urgente incluir adem\u00e1s indicadores ambientales para la adjudicaci\u00f3n de fondos p\u00fablicos para proyectos viales.&nbsp;<\/p>\n\n\n\n<p>\u00bfUna ciudad para qui\u00e9n?<\/p>\n\n\n\n<p>Todos estos proyectos viales buscan agilizar el transporte en veh\u00edculos particulares sobre todo para la poblaci\u00f3n del sector poniente de la capital regional, en desmedro de otras formas de transporte como el transporte p\u00fablico, la bicicleta o caminar. Agilizar el transporte privado significa aumentar la velocidad de circulaci\u00f3n de los veh\u00edculos y reducir la transitabilidad para peatones y ciclistas. Si hoy ya cuesta cruzar calles y avenidas caminando, imaginemos c\u00f3mo ser\u00eda si esas carreteras urbanas llegan a ser construidas.<\/p>\n\n\n\n<p>Lo cierto es que la experiencia ha demostrado que cada vez que se ampl\u00edan las v\u00edas para facilitar el tr\u00e1nsito de veh\u00edculos privados, quienes tienen poder adquisitivo compran m\u00e1s autom\u00f3viles y las calles terminan atoch\u00e1ndose de igual forma, solo en un par de a\u00f1os despu\u00e9s de construidas las carreteras urbanas. Es un hecho que la poblaci\u00f3n seguir\u00e1 aumentando y con ello el aumento de la circulaci\u00f3n de autom\u00f3viles si no se toman seriamente otras medidas m\u00e1s sustentables. Al contrario, lo que sucede cuando se quita espacio a los autom\u00f3viles para abrir espacios a otros sistemas de transporte sustentables como la bicicleta, el transporte colectivo, o simplemente caminar, el resultado es una disminuci\u00f3n del parque automotriz y un aumento del transporte p\u00fablico, peatonal y ciclista, resultando adem\u00e1s en reducci\u00f3n de emisiones de contaminantes por uso de combustibles f\u00f3siles, mejora de la calidad del aire, reducci\u00f3n del ruido, mejores indicadores de salud y mejor calidad de vida en general para los habitantes de la ciudad.<\/p>\n\n\n\n<p>\u00c1rboles v\/s autos y cemento<\/p>\n\n\n\n<p>Las industrias automotriz y del cemento van de la mano, se potencian mutuamente, y son de las que m\u00e1s aportan a la crisis clim\u00e1tica. Los autom\u00f3viles no solo emiten gases de efecto invernadero y son responsables de la contaminaci\u00f3n del aire por el uso de combustibles derivados del petr\u00f3leo, tambi\u00e9n generan contaminantes y da\u00f1os ambientales en el proceso de fabricaci\u00f3n que involucra actividades como la miner\u00eda de acero y la producci\u00f3n de caucho, vidrio y pl\u00e1sticos. La industria del cemento y el desarrollo de infraestructura vial va de la mano con la industria automotriz, generando sus propios impactos ambientales negativos<a href=\"#sdfootnote1sym\" id=\"sdfootnote1anc\"><sup>1<\/sup><\/a>. El cemento adem\u00e1s aumenta la temperatura urbana en verano, provocando islas de calor, e impide la absorci\u00f3n del agua lluvia en invierno, impidiendo as\u00ed la recarga de las napas subterr\u00e1neas que alimentan el sistema de agua potable de Temuco. Generando adem\u00e1s anegamientos en los lugares donde finalmente termina desembocando toda el agua que llovi\u00f3 sobre la superficie pavimentada de la ciudad.<\/p>\n\n\n\n<p>Los \u00e1rboles en cambio, absorben C02 de la atm\u00f3sfera y lo transforman en ox\u00edgeno, mejorando la calidad del aire. Adem\u00e1s los \u00e1rboles regulan la temperatura, reduci\u00e9ndola considerablemente en verano. En invierno contribuyen como cortinas contra el viento, facilitan la absorci\u00f3n del agua lluvia en el suelo, y proporcionan alimento y refugio a decenas de especies de aves, insectos, e incluso mam\u00edferos nativos como el monito del monte. La sola presencia de los \u00e1rboles aporta belleza est\u00e9tica a la ciudad, adem\u00e1s de generar beneficios en la salud mental de las personas.<\/p>\n\n\n\n<p>Los \u00e1rboles generan m\u00faltiples beneficios ambientales, en cambio el aumento de autos y cemento, perjuicios. En un contexto de triple crisis planetaria: de contaminaci\u00f3n, de biodiversidad, y del clima, \u00bfqu\u00e9 vamos a promover en Temuco? M\u00e1s autos, m\u00e1s cemento, y menos \u00e1rboles, claramente es dirigirnos directo a la profundizaci\u00f3n de los problemas ambientales, poniendo en serio riesgo la salud de la poblaci\u00f3n, ya menoscabada por la contaminaci\u00f3n atmosf\u00e9rica que vivimos hace m\u00e1s de una d\u00e9cada, adem\u00e1s de exponer a las futuras generaciones a un panorama muy deprimente. \u00bfEse es el legado que queremos dejar a quienes ser\u00e1n los habitantes de la capital de La Araucan\u00eda en las pr\u00f3ximas d\u00e9cadas? Esperamos que no, y que las autoridades del MOP, del MINVU, del SERVIU y de la Municipalidad de Temuco reformulen las inversiones, las que deben plantearse mirando al futuro, para garantizar la justicia intergeneracional, desplegando pol\u00edticas p\u00fablicas de largo plazo que nos beneficien a todas y todos.<\/p>\n\n\n\n<p><a href=\"https:\/\/www.nationalgeographic.es\/medio-ambiente\/que-impacto-medioambiental-tienen-los-coches\" data-type=\"link\" data-id=\"https:\/\/www.nationalgeographic.es\/medio-ambiente\/que-impacto-medioambiental-tienen-los-coches\">Por Red de Acci\u00f3n por los Derechos Ambientales y ONG Verde Urbano.<\/a><\/p>\n\n\n\n<figure class=\"wp-block-image size-large\"><img loading=\"lazy\" decoding=\"async\" width=\"750\" height=\"1000\" src=\"https:\/\/temucotelevision.cl\/web\/wp-content\/uploads\/2024\/09\/IMG_20240915_122628580_HDR-750x1000.jpg\" alt=\"\" class=\"wp-image-52717\" srcset=\"https:\/\/temucotelevision.cl\/web\/wp-content\/uploads\/2024\/09\/IMG_20240915_122628580_HDR-750x1000.jpg 750w, https:\/\/temucotelevision.cl\/web\/wp-content\/uploads\/2024\/09\/IMG_20240915_122628580_HDR-768x1024.jpg 768w, https:\/\/temucotelevision.cl\/web\/wp-content\/uploads\/2024\/09\/IMG_20240915_122628580_HDR-1152x1536.jpg 1152w, https:\/\/temucotelevision.cl\/web\/wp-content\/uploads\/2024\/09\/IMG_20240915_122628580_HDR-1536x2048.jpg 1536w, https:\/\/temucotelevision.cl\/web\/wp-content\/uploads\/2024\/09\/IMG_20240915_122628580_HDR-scaled.jpg 1920w\" sizes=\"auto, (max-width: 750px) 100vw, 750px\" \/><\/figure>\n","protected":false},"excerpt":{"rendered":"<div class=\"pvc_clear\"><\/div>\n<p id=\"pvc_stats_52715\" class=\"pvc_stats total_only  \" data-element-id=\"52715\" style=\"\"><i class=\"pvc-stats-icon large\" aria-hidden=\"true\"><svg aria-hidden=\"true\" focusable=\"false\" data-prefix=\"far\" data-icon=\"chart-bar\" role=\"img\" xmlns=\"http:\/\/www.w3.org\/2000\/svg\" viewBox=\"0 0 512 512\" class=\"svg-inline--fa fa-chart-bar fa-w-16 fa-2x\"><path fill=\"currentColor\" d=\"M396.8 352h22.4c6.4 0 12.8-6.4 12.8-12.8V108.8c0-6.4-6.4-12.8-12.8-12.8h-22.4c-6.4 0-12.8 6.4-12.8 12.8v230.4c0 6.4 6.4 12.8 12.8 12.8zm-192 0h22.4c6.4 0 12.8-6.4 12.8-12.8V140.8c0-6.4-6.4-12.8-12.8-12.8h-22.4c-6.4 0-12.8 6.4-12.8 12.8v198.4c0 6.4 6.4 12.8 12.8 12.8zm96 0h22.4c6.4 0 12.8-6.4 12.8-12.8V204.8c0-6.4-6.4-12.8-12.8-12.8h-22.4c-6.4 0-12.8 6.4-12.8 12.8v134.4c0 6.4 6.4 12.8 12.8 12.8zM496 400H48V80c0-8.84-7.16-16-16-16H16C7.16 64 0 71.16 0 80v336c0 17.67 14.33 32 32 32h464c8.84 0 16-7.16 16-16v-16c0-8.84-7.16-16-16-16zm-387.2-48h22.4c6.4 0 12.8-6.4 12.8-12.8v-70.4c0-6.4-6.4-12.8-12.8-12.8h-22.4c-6.4 0-12.8 6.4-12.8 12.8v70.4c0 6.4 6.4 12.8 12.8 12.8z\" class=\"\"><\/path><\/svg><\/i> <img loading=\"lazy\" decoding=\"async\" width=\"16\" height=\"16\" alt=\"Loading\" src=\"https:\/\/temucotelevision.cl\/web\/wp-content\/plugins\/page-views-count\/ajax-loader-2x.gif\" border=0 \/><\/p>\n<div class=\"pvc_clear\"><\/div>\n<p>Organizaciones ciudadanas denuncian el peligro en el que se encuentra el arbolado urbano de Temuco por los proyectos viales que<\/p>\n","protected":false},"author":1,"featured_media":52716,"comment_status":"open","ping_status":"open","sticky":false,"template":"","format":"standard","meta":{"colormag_page_container_layout":"default_layout","colormag_page_sidebar_layout":"default_layout","footnotes":""},"categories":[14],"tags":[155],"class_list":["post-52715","post","type-post","status-publish","format-standard","has-post-thumbnail","hentry","category-temuco","tag-proyecto"],"a3_pvc":{"activated":true,"total_views":5764,"today_views":0},"_links":{"self":[{"href":"https:\/\/temucotelevision.cl\/web\/wp-json\/wp\/v2\/posts\/52715","targetHints":{"allow":["GET"]}}],"collection":[{"href":"https:\/\/temucotelevision.cl\/web\/wp-json\/wp\/v2\/posts"}],"about":[{"href":"https:\/\/temucotelevision.cl\/web\/wp-json\/wp\/v2\/types\/post"}],"author":[{"embeddable":true,"href":"https:\/\/temucotelevision.cl\/web\/wp-json\/wp\/v2\/users\/1"}],"replies":[{"embeddable":true,"href":"https:\/\/temucotelevision.cl\/web\/wp-json\/wp\/v2\/comments?post=52715"}],"version-history":[{"count":1,"href":"https:\/\/temucotelevision.cl\/web\/wp-json\/wp\/v2\/posts\/52715\/revisions"}],"predecessor-version":[{"id":52718,"href":"https:\/\/temucotelevision.cl\/web\/wp-json\/wp\/v2\/posts\/52715\/revisions\/52718"}],"wp:featuredmedia":[{"embeddable":true,"href":"https:\/\/temucotelevision.cl\/web\/wp-json\/wp\/v2\/media\/52716"}],"wp:attachment":[{"href":"https:\/\/temucotelevision.cl\/web\/wp-json\/wp\/v2\/media?parent=52715"}],"wp:term":[{"taxonomy":"category","embeddable":true,"href":"https:\/\/temucotelevision.cl\/web\/wp-json\/wp\/v2\/categories?post=52715"},{"taxonomy":"post_tag","embeddable":true,"href":"https:\/\/temucotelevision.cl\/web\/wp-json\/wp\/v2\/tags?post=52715"}],"curies":[{"name":"wp","href":"https:\/\/api.w.org\/{rel}","templated":true}]}}