{"id":52712,"date":"2024-09-25T16:33:39","date_gmt":"2024-09-25T19:33:39","guid":{"rendered":"https:\/\/temucotelevision.cl\/web\/?p=52712"},"modified":"2024-09-27T12:27:07","modified_gmt":"2024-09-27T15:27:07","slug":"kinmakiru-lanza-el-videoclip-ego-una-satira-contra-la-arrogancia","status":"publish","type":"post","link":"https:\/\/temucotelevision.cl\/web\/2024\/09\/25\/kinmakiru-lanza-el-videoclip-ego-una-satira-contra-la-arrogancia\/","title":{"rendered":"Kinmakir\u00fa lanza el videoclip \u00abEgo\u00bb, una s\u00e1tira contra la arrogancia"},"content":{"rendered":"<div class=\"pvc_clear\"><\/div><p id=\"pvc_stats_52712\" class=\"pvc_stats total_only  \" data-element-id=\"52712\" style=\"\"><i class=\"pvc-stats-icon large\" aria-hidden=\"true\"><svg aria-hidden=\"true\" focusable=\"false\" data-prefix=\"far\" data-icon=\"chart-bar\" role=\"img\" xmlns=\"http:\/\/www.w3.org\/2000\/svg\" viewBox=\"0 0 512 512\" class=\"svg-inline--fa fa-chart-bar fa-w-16 fa-2x\"><path fill=\"currentColor\" d=\"M396.8 352h22.4c6.4 0 12.8-6.4 12.8-12.8V108.8c0-6.4-6.4-12.8-12.8-12.8h-22.4c-6.4 0-12.8 6.4-12.8 12.8v230.4c0 6.4 6.4 12.8 12.8 12.8zm-192 0h22.4c6.4 0 12.8-6.4 12.8-12.8V140.8c0-6.4-6.4-12.8-12.8-12.8h-22.4c-6.4 0-12.8 6.4-12.8 12.8v198.4c0 6.4 6.4 12.8 12.8 12.8zm96 0h22.4c6.4 0 12.8-6.4 12.8-12.8V204.8c0-6.4-6.4-12.8-12.8-12.8h-22.4c-6.4 0-12.8 6.4-12.8 12.8v134.4c0 6.4 6.4 12.8 12.8 12.8zM496 400H48V80c0-8.84-7.16-16-16-16H16C7.16 64 0 71.16 0 80v336c0 17.67 14.33 32 32 32h464c8.84 0 16-7.16 16-16v-16c0-8.84-7.16-16-16-16zm-387.2-48h22.4c6.4 0 12.8-6.4 12.8-12.8v-70.4c0-6.4-6.4-12.8-12.8-12.8h-22.4c-6.4 0-12.8 6.4-12.8 12.8v70.4c0 6.4 6.4 12.8 12.8 12.8z\" class=\"\"><\/path><\/svg><\/i> <img loading=\"lazy\" decoding=\"async\" width=\"16\" height=\"16\" alt=\"Loading\" src=\"https:\/\/temucotelevision.cl\/web\/wp-content\/plugins\/page-views-count\/ajax-loader-2x.gif\" border=0 \/><\/p><div class=\"pvc_clear\"><\/div>\n<p class=\"has-medium-font-size\"><strong>La banda chilena reactiva el escenario musical chileno renovando el rock ritual con el lanzamiento del video de \u2018Ego\u2019, un proyecto de primera categor\u00eda que forma parte de su disco hom\u00f3nimo Kinmakir\u00fa y financiado por el Fondo para el Fomento de la M\u00fasica Nacional, convocatoria 2023-2024.<\/strong><\/p>\n\n\n\n<p>Una obra audiovisual art\u00edstica y reflexiva que&nbsp;<strong>invita al espectador no tan solo a cuestionarse quienes lo rodean, sino tambi\u00e9n a&nbsp;\u00e9l mismo<\/strong>, es la propuesta que puso sobre la mesa el grupo chileno&nbsp;<a href=\"https:\/\/www.instagram.com\/kinmakiru\/?hl=es\" target=\"_blank\" rel=\"noreferrer noopener\">Kinmakir\u00fa<\/a>&nbsp;con el estreno del videoclip de su sencillo \u201cEgo\u201d, una pieza art\u00edstica que presenta&nbsp;<strong>un ritual en\u00e9rgico que busca evidenciar y combatir nuestro propio egocentrismo<\/strong>, y que supone entre otras cosas, una invitaci\u00f3n a desarrollar una mayor conciencia de nosotros mismos.<\/p>\n\n\n\n<p>Para esta instancia, el grupo&nbsp;cont\u00f3 con el apoyo del&nbsp;<strong>Ministerio de las Culturas, las Artes y el Patrimonio,<\/strong>&nbsp;al ser un&nbsp;proyecto financiado por el&nbsp;<strong>Fondo para el Fomento de la M\u00fasica Nacional<\/strong>, convocatoria 2023-2024.<\/p>\n\n\n\n<p>El videoclip es en esencia&nbsp;<strong>una cr\u00edtica a la sociedad de consumo, visto desde el ojo de la s\u00e1tira o el sarcasmo<\/strong>, donde la narrativa visual que empapa el proyecto musical est\u00e1 dise\u00f1ada para desviar la atenci\u00f3n de la problem\u00e1tica principal que se plantea, emulando el c\u00f3mo los medios masivos desv\u00edan la atenci\u00f3n de su audiencia de lo verdaderamente importante.<\/p>\n\n\n\n<p>Como una herramienta sorpresiva y tensionante, la problem\u00e1tica planteada que se presenta en medio del video, opta por estallar en el rostro de toda la audiencia,&nbsp;<strong>generando as\u00ed una experiencia que llama al involucramiento y que celebra lo inesperado<\/strong>&nbsp;ante la necesidad de estar al pendiente de los detalles ocultos que se plantean desde un principio.<\/p>\n\n\n\n<p>Integrada por Millaray Soto, los hermanos Rodrigo y Osvaldo Rodrigo, y la reciente integrada Constanza Valenzuela, el grupo&nbsp;<a href=\"https:\/\/www.instagram.com\/kinmakiru\/?hl=es\" target=\"_blank\" rel=\"noreferrer noopener\">Kinmakir\u00fa<\/a>&nbsp;<strong>destaca como una banda de rock ritual innovadora<\/strong>, la cual va tras la consciencia propia y del entorno a trav\u00e9s de su propia m\u00fasica.<\/p>\n\n\n\n<p>Su cosmovisi\u00f3n y musicalidad est\u00e1n&nbsp;<strong>potenciadas e inspiradas en base a 13 culturas arraigadas a los pueblos originarios<\/strong>, entre ellas la Celta, Tibet, Zul\u00fa, Tuareg, Vikingos, entre otras. Esto se refleja en cada \u00e1mbito del grupo, como lo es en sus espect\u00e1culos, en su vestimenta, proyecciones, maquillaje, puesta en escena y el rol que han adoptado los m\u00fasicos de chamanes.<\/p>\n\n\n\n<p>Cuentan con variados registros audiovisuales, destacando entre ellos: su sencillo \u201c<a href=\"https:\/\/open.spotify.com\/intl-es\/track\/4NLgvvXimLK33jTaPeA02H?si=ae615f646d2c4ba1\" target=\"_blank\" rel=\"noreferrer noopener\">Aura<\/a>\u201d \u2013 nominado a mejor videoclip de Rock por los Premios Escuchar,&nbsp;y \u201c<a href=\"https:\/\/open.spotify.com\/intl-es\/track\/7Gdhrg1x4zIbAmDEQNrYUf?si=4761caa92719427a\" target=\"_blank\" rel=\"noreferrer noopener\">Destierro<\/a>\u201d nominado a Mejor videoclip en los premios SAM. Actualmente, con sus singles \u201c<a href=\"https:\/\/open.spotify.com\/intl-es\/track\/3jW3J3PIPs5y7nGZpb5ItL?si=7fbb12f456964bc5\" target=\"_blank\" rel=\"noreferrer noopener\">Progreso<\/a>\u201d, \u201c<a href=\"https:\/\/open.spotify.com\/intl-es\/track\/1yh4qK9vtYB7HdTOAXq2j1?si=6b84e9c9fe6d45ef\" target=\"_blank\" rel=\"noreferrer noopener\">Ay\u00fcn<\/a>\u201d, \u201c<a href=\"https:\/\/open.spotify.com\/intl-es\/track\/7Hr3rhQ7ps52Z3BKnaz2po?si=5c35ad7e433441da\" target=\"_blank\" rel=\"noreferrer noopener\">\u00c1lsiru<\/a>\u201d, \u201c<a href=\"https:\/\/open.spotify.com\/intl-es\/track\/4yuC0bIkIZwrmMbfQM14YN?si=b94df6890bb747d2\" target=\"_blank\" rel=\"noreferrer noopener\">Santiago<\/a>\u201d e \u201c<a href=\"https:\/\/open.spotify.com\/intl-es\/track\/2bUH28jybGGGnoyDDTxcWi?si=720340ee81a44b69\" target=\"_blank\" rel=\"noreferrer noopener\">Intr\u00ednseco<\/a>\u201d, junto a sus videoclips autogestionados,&nbsp;<strong>han superado las 190 mil reproducciones en su canal de YouTube<\/strong>.<\/p>\n\n\n\n<p>Su propuesta para las presentaciones en vivo &nbsp;han &nbsp;sido descomunal,&nbsp;<strong>siendo desde 2017 el a\u00f1o donde han pisado grandes escenarios<\/strong>&nbsp;como el&nbsp;<strong>Lollapalooza<\/strong>, el&nbsp;<strong>Rockodromox<\/strong>, en la&nbsp;<strong>Feria Pulsar,<\/strong>&nbsp;y para variados festivales como Piedra Andina, MUF, Barbas y tatuajes, y Sam.<\/p>\n\n\n\n<p>Actualmente, trabajando junto al sello&nbsp;<strong>Red Poncho y Warner Music<\/strong>, est\u00e1n cimentando el camino hacia el&nbsp;ascenso en el escenario musical chileno e internacional,&nbsp;<strong>posicion\u00e1ndose como una banda l\u00edder e innovadora de Rock&nbsp;<\/strong>de la cual ya es posible disfrutar en&nbsp;<strong>las<\/strong>&nbsp;<strong>respectivas plataformas musicales<\/strong>.<\/p>\n\n\n\n<figure class=\"wp-block-embed is-type-video is-provider-youtube wp-block-embed-youtube wp-embed-aspect-16-9 wp-has-aspect-ratio\"><div class=\"wp-block-embed__wrapper\">\n<div class=\"epyt-video-wrapper\"><iframe loading=\"lazy\"  id=\"_ytid_28293\"  width=\"800\" height=\"450\"  data-origwidth=\"800\" data-origheight=\"450\" src=\"https:\/\/www.youtube.com\/embed\/b_NfiKEZnMA?enablejsapi=1&#038;autoplay=0&#038;cc_load_policy=0&#038;cc_lang_pref=&#038;iv_load_policy=1&#038;loop=0&#038;rel=1&#038;fs=1&#038;playsinline=0&#038;autohide=2&#038;theme=dark&#038;color=red&#038;controls=1&#038;disablekb=0&#038;\" class=\"__youtube_prefs__  epyt-is-override  no-lazyload\" title=\"YouTube player\"  allow=\"fullscreen; accelerometer; autoplay; clipboard-write; encrypted-media; gyroscope; picture-in-picture; web-share\" referrerpolicy=\"strict-origin-when-cross-origin\" allowfullscreen data-no-lazy=\"1\" data-skipgform_ajax_framebjll=\"\"><\/iframe><\/div>\n<\/div><\/figure>\n\n\n\n<p><\/p>\n","protected":false},"excerpt":{"rendered":"<div class=\"pvc_clear\"><\/div>\n<p id=\"pvc_stats_52712\" class=\"pvc_stats total_only  \" data-element-id=\"52712\" style=\"\"><i class=\"pvc-stats-icon large\" aria-hidden=\"true\"><svg aria-hidden=\"true\" focusable=\"false\" data-prefix=\"far\" data-icon=\"chart-bar\" role=\"img\" xmlns=\"http:\/\/www.w3.org\/2000\/svg\" viewBox=\"0 0 512 512\" class=\"svg-inline--fa fa-chart-bar fa-w-16 fa-2x\"><path fill=\"currentColor\" d=\"M396.8 352h22.4c6.4 0 12.8-6.4 12.8-12.8V108.8c0-6.4-6.4-12.8-12.8-12.8h-22.4c-6.4 0-12.8 6.4-12.8 12.8v230.4c0 6.4 6.4 12.8 12.8 12.8zm-192 0h22.4c6.4 0 12.8-6.4 12.8-12.8V140.8c0-6.4-6.4-12.8-12.8-12.8h-22.4c-6.4 0-12.8 6.4-12.8 12.8v198.4c0 6.4 6.4 12.8 12.8 12.8zm96 0h22.4c6.4 0 12.8-6.4 12.8-12.8V204.8c0-6.4-6.4-12.8-12.8-12.8h-22.4c-6.4 0-12.8 6.4-12.8 12.8v134.4c0 6.4 6.4 12.8 12.8 12.8zM496 400H48V80c0-8.84-7.16-16-16-16H16C7.16 64 0 71.16 0 80v336c0 17.67 14.33 32 32 32h464c8.84 0 16-7.16 16-16v-16c0-8.84-7.16-16-16-16zm-387.2-48h22.4c6.4 0 12.8-6.4 12.8-12.8v-70.4c0-6.4-6.4-12.8-12.8-12.8h-22.4c-6.4 0-12.8 6.4-12.8 12.8v70.4c0 6.4 6.4 12.8 12.8 12.8z\" class=\"\"><\/path><\/svg><\/i> <img loading=\"lazy\" decoding=\"async\" width=\"16\" height=\"16\" alt=\"Loading\" src=\"https:\/\/temucotelevision.cl\/web\/wp-content\/plugins\/page-views-count\/ajax-loader-2x.gif\" border=0 \/><\/p>\n<div class=\"pvc_clear\"><\/div>\n<p>La banda chilena reactiva el escenario musical chileno renovando el rock ritual con el lanzamiento del video de \u2018Ego\u2019, un<\/p>\n","protected":false},"author":143,"featured_media":52713,"comment_status":"open","ping_status":"open","sticky":false,"template":"","format":"standard","meta":{"colormag_page_container_layout":"default_layout","colormag_page_sidebar_layout":"default_layout","footnotes":""},"categories":[369],"tags":[],"class_list":["post-52712","post","type-post","status-publish","format-standard","has-post-thumbnail","hentry","category-musica"],"a3_pvc":{"activated":true,"total_views":723,"today_views":0},"_links":{"self":[{"href":"https:\/\/temucotelevision.cl\/web\/wp-json\/wp\/v2\/posts\/52712","targetHints":{"allow":["GET"]}}],"collection":[{"href":"https:\/\/temucotelevision.cl\/web\/wp-json\/wp\/v2\/posts"}],"about":[{"href":"https:\/\/temucotelevision.cl\/web\/wp-json\/wp\/v2\/types\/post"}],"author":[{"embeddable":true,"href":"https:\/\/temucotelevision.cl\/web\/wp-json\/wp\/v2\/users\/143"}],"replies":[{"embeddable":true,"href":"https:\/\/temucotelevision.cl\/web\/wp-json\/wp\/v2\/comments?post=52712"}],"version-history":[{"count":1,"href":"https:\/\/temucotelevision.cl\/web\/wp-json\/wp\/v2\/posts\/52712\/revisions"}],"predecessor-version":[{"id":52714,"href":"https:\/\/temucotelevision.cl\/web\/wp-json\/wp\/v2\/posts\/52712\/revisions\/52714"}],"wp:featuredmedia":[{"embeddable":true,"href":"https:\/\/temucotelevision.cl\/web\/wp-json\/wp\/v2\/media\/52713"}],"wp:attachment":[{"href":"https:\/\/temucotelevision.cl\/web\/wp-json\/wp\/v2\/media?parent=52712"}],"wp:term":[{"taxonomy":"category","embeddable":true,"href":"https:\/\/temucotelevision.cl\/web\/wp-json\/wp\/v2\/categories?post=52712"},{"taxonomy":"post_tag","embeddable":true,"href":"https:\/\/temucotelevision.cl\/web\/wp-json\/wp\/v2\/tags?post=52712"}],"curies":[{"name":"wp","href":"https:\/\/api.w.org\/{rel}","templated":true}]}}