{"id":52708,"date":"2024-09-25T15:26:19","date_gmt":"2024-09-25T18:26:19","guid":{"rendered":"https:\/\/temucotelevision.cl\/web\/?p=52708"},"modified":"2024-09-25T15:27:26","modified_gmt":"2024-09-25T18:27:26","slug":"irlanda-el-nuevo-single-de-el-ultimo-viaje-que-revive-la-balada-pop-chilena","status":"publish","type":"post","link":"https:\/\/temucotelevision.cl\/web\/2024\/09\/25\/irlanda-el-nuevo-single-de-el-ultimo-viaje-que-revive-la-balada-pop-chilena\/","title":{"rendered":"\u201cIrlanda\u201d, el nuevo single de El Ultimo Viaje que revive la balada pop chilena"},"content":{"rendered":"<div class=\"pvc_clear\"><\/div><p id=\"pvc_stats_52708\" class=\"pvc_stats total_only  \" data-element-id=\"52708\" style=\"\"><i class=\"pvc-stats-icon large\" aria-hidden=\"true\"><svg aria-hidden=\"true\" focusable=\"false\" data-prefix=\"far\" data-icon=\"chart-bar\" role=\"img\" xmlns=\"http:\/\/www.w3.org\/2000\/svg\" viewBox=\"0 0 512 512\" class=\"svg-inline--fa fa-chart-bar fa-w-16 fa-2x\"><path fill=\"currentColor\" d=\"M396.8 352h22.4c6.4 0 12.8-6.4 12.8-12.8V108.8c0-6.4-6.4-12.8-12.8-12.8h-22.4c-6.4 0-12.8 6.4-12.8 12.8v230.4c0 6.4 6.4 12.8 12.8 12.8zm-192 0h22.4c6.4 0 12.8-6.4 12.8-12.8V140.8c0-6.4-6.4-12.8-12.8-12.8h-22.4c-6.4 0-12.8 6.4-12.8 12.8v198.4c0 6.4 6.4 12.8 12.8 12.8zm96 0h22.4c6.4 0 12.8-6.4 12.8-12.8V204.8c0-6.4-6.4-12.8-12.8-12.8h-22.4c-6.4 0-12.8 6.4-12.8 12.8v134.4c0 6.4 6.4 12.8 12.8 12.8zM496 400H48V80c0-8.84-7.16-16-16-16H16C7.16 64 0 71.16 0 80v336c0 17.67 14.33 32 32 32h464c8.84 0 16-7.16 16-16v-16c0-8.84-7.16-16-16-16zm-387.2-48h22.4c6.4 0 12.8-6.4 12.8-12.8v-70.4c0-6.4-6.4-12.8-12.8-12.8h-22.4c-6.4 0-12.8 6.4-12.8 12.8v70.4c0 6.4 6.4 12.8 12.8 12.8z\" class=\"\"><\/path><\/svg><\/i> <img loading=\"lazy\" decoding=\"async\" width=\"16\" height=\"16\" alt=\"Loading\" src=\"https:\/\/temucotelevision.cl\/web\/wp-content\/plugins\/page-views-count\/ajax-loader-2x.gif\" border=0 \/><\/p><div class=\"pvc_clear\"><\/div>\n<p class=\"has-medium-font-size\"><strong>La banda chilena El \u00daltimo Viaje presenta \u201cIrlanda\u201d, una suave canci\u00f3n pop que marca el retorno del \u00a0sonido caracter\u00edstico de la balada chilena, con la promesa de conquistar corazones y reafirmar su lugar en la escena musical.<\/strong><\/p>\n\n\n\n<p>La ascendente banda chilena de rock pop,&nbsp;<a href=\"https:\/\/www.instagram.com\/elultimoviajecl\/\" target=\"_blank\" rel=\"noreferrer noopener\"><strong>El Ultimo Viaje<\/strong><\/a>,&nbsp;ha lanzado&nbsp;su nuevo single \u201c<a href=\"https:\/\/open.spotify.com\/intl-es\/track\/1coU5QYMlxUdxyjp2rtubk?si=973ace945b894941\" target=\"_blank\" rel=\"noreferrer noopener\"><strong>Irlanda<\/strong><\/a>\u201c. Esta canci\u00f3n representa una evoluci\u00f3n en su sonido,&nbsp;<strong>mezclando la nostalgia de la balada pop tradicional chilena<\/strong>&nbsp;con una frescura contempor\u00e1nea que resuena en la escena pop-rock actual, integrando sonido de pianos, guitarras suaves y una base r\u00edtmica \u00edntima y a su vez intensa.<\/p>\n\n\n\n<p><strong>El Ultimo Viaje<\/strong>&nbsp;se ha consolidado como una de las nuevas bandas m\u00e1s influyentes dentro del rock pop chileno en los \u00faltimos a\u00f1os. Desde su formaci\u00f3n, han sabido conquistar al p\u00fablico con su estilo \u00fanico,&nbsp;<strong>logrando gran reconocimiento tanto en Chile como fuera de sus fronteras<\/strong>, subi\u00e9ndose a escenarios en Per\u00fa y Espa\u00f1a. \u201c<strong>Irlanda<\/strong>\u201d es una muestra m\u00e1s de su capacidad para innovar sin perder la esencia que los ha estado llevando al \u00e9xito.<\/p>\n\n\n\n<p>A lo largo de su trayectoria,&nbsp;<strong>El Ultimo Viaje ha dejado huella en la m\u00fasica chilena con temas que se han convertido en verdaderos himnos<\/strong>, como \u201c<a href=\"https:\/\/www.youtube.com\/watch?v=f8h0Gkctl_M\" target=\"_blank\" rel=\"noreferrer noopener\">Prisma<\/a>\u201c, que sigue siendo uno de los favoritos del p\u00fablico y aborda la problem\u00e1tica de dedicarse al arte en Chile, y \u201c<a href=\"https:\/\/www.youtube.com\/watch?v=bEbGM174gmw\" target=\"_blank\" rel=\"noreferrer noopener\">Whiskey<\/a>\u201c, un tema que ha traspasado fronteras y ha posicionado a la banda en escenarios internacionales. Su nuevo single, \u201c<strong>Irlanda<\/strong>\u201c, promete seguir esa l\u00ednea, con una letra emotiva y una melod\u00eda envolvente que seguramente conectar\u00e1 con muchos auditores.<\/p>\n\n\n\n<p><strong>La banda chilena acaba de regresar de su cuarta gira internacional<\/strong>, que los llev\u00f3 por diversos escenarios en&nbsp;Lima, Per\u00fa, con un rotundo \u00e9xito. Esta gira no solo reafirm\u00f3 su popularidad en el extranjero, sino que tambi\u00e9n les permiti\u00f3 conectar con un nuevo p\u00fablico y expandir su influencia en el continente.<\/p>\n\n\n\n<p>Precisamente, el video que acompa\u00f1a a Irlanda en YouTube&nbsp;retrata gran parte de la traves\u00eda musical realizada por EUV, con im\u00e1genes de sus giras musicales dentro de Chile y en el extranjero,&nbsp;<strong>mostrando una hermosa variedad de colores, paisajes, escenarios y aventuras<\/strong>.<\/p>\n\n\n\n<p>Para cerrar este exitoso 2024,&nbsp;<strong>El Ultimo Viaje ya est\u00e1 preparando una nueva gira que los llevar\u00e1 a dos pa\u00edses sudamericanos a\u00fan no revelados<\/strong>, programada para el mes de noviembre. Sin duda, \u201c<strong>Irlanda<\/strong>\u201d ser\u00e1 una pieza clave en este nuevo cap\u00edtulo de su carrera, consolidando su lugar en el panorama musical de la regi\u00f3n.<\/p>\n\n\n\n<figure class=\"wp-block-embed is-type-video is-provider-youtube wp-block-embed-youtube wp-embed-aspect-16-9 wp-has-aspect-ratio\"><div class=\"wp-block-embed__wrapper\">\n<div class=\"epyt-video-wrapper\"><iframe loading=\"lazy\"  id=\"_ytid_44349\"  width=\"800\" height=\"450\"  data-origwidth=\"800\" data-origheight=\"450\" src=\"https:\/\/www.youtube.com\/embed\/TVwuzR0HeHo?enablejsapi=1&#038;autoplay=0&#038;cc_load_policy=0&#038;cc_lang_pref=&#038;iv_load_policy=1&#038;loop=0&#038;rel=1&#038;fs=1&#038;playsinline=0&#038;autohide=2&#038;theme=dark&#038;color=red&#038;controls=1&#038;disablekb=0&#038;\" class=\"__youtube_prefs__  epyt-is-override  no-lazyload\" title=\"YouTube player\"  allow=\"fullscreen; accelerometer; autoplay; clipboard-write; encrypted-media; gyroscope; picture-in-picture; web-share\" referrerpolicy=\"strict-origin-when-cross-origin\" allowfullscreen data-no-lazy=\"1\" data-skipgform_ajax_framebjll=\"\"><\/iframe><\/div>\n<\/div><\/figure>\n","protected":false},"excerpt":{"rendered":"<div class=\"pvc_clear\"><\/div>\n<p id=\"pvc_stats_52708\" class=\"pvc_stats total_only  \" data-element-id=\"52708\" style=\"\"><i class=\"pvc-stats-icon large\" aria-hidden=\"true\"><svg aria-hidden=\"true\" focusable=\"false\" data-prefix=\"far\" data-icon=\"chart-bar\" role=\"img\" xmlns=\"http:\/\/www.w3.org\/2000\/svg\" viewBox=\"0 0 512 512\" class=\"svg-inline--fa fa-chart-bar fa-w-16 fa-2x\"><path fill=\"currentColor\" d=\"M396.8 352h22.4c6.4 0 12.8-6.4 12.8-12.8V108.8c0-6.4-6.4-12.8-12.8-12.8h-22.4c-6.4 0-12.8 6.4-12.8 12.8v230.4c0 6.4 6.4 12.8 12.8 12.8zm-192 0h22.4c6.4 0 12.8-6.4 12.8-12.8V140.8c0-6.4-6.4-12.8-12.8-12.8h-22.4c-6.4 0-12.8 6.4-12.8 12.8v198.4c0 6.4 6.4 12.8 12.8 12.8zm96 0h22.4c6.4 0 12.8-6.4 12.8-12.8V204.8c0-6.4-6.4-12.8-12.8-12.8h-22.4c-6.4 0-12.8 6.4-12.8 12.8v134.4c0 6.4 6.4 12.8 12.8 12.8zM496 400H48V80c0-8.84-7.16-16-16-16H16C7.16 64 0 71.16 0 80v336c0 17.67 14.33 32 32 32h464c8.84 0 16-7.16 16-16v-16c0-8.84-7.16-16-16-16zm-387.2-48h22.4c6.4 0 12.8-6.4 12.8-12.8v-70.4c0-6.4-6.4-12.8-12.8-12.8h-22.4c-6.4 0-12.8 6.4-12.8 12.8v70.4c0 6.4 6.4 12.8 12.8 12.8z\" class=\"\"><\/path><\/svg><\/i> <img loading=\"lazy\" decoding=\"async\" width=\"16\" height=\"16\" alt=\"Loading\" src=\"https:\/\/temucotelevision.cl\/web\/wp-content\/plugins\/page-views-count\/ajax-loader-2x.gif\" border=0 \/><\/p>\n<div class=\"pvc_clear\"><\/div>\n<p>La banda chilena El \u00daltimo Viaje presenta \u201cIrlanda\u201d, una suave canci\u00f3n pop que marca el retorno del \u00a0sonido caracter\u00edstico de<\/p>\n","protected":false},"author":143,"featured_media":52709,"comment_status":"open","ping_status":"open","sticky":false,"template":"","format":"standard","meta":{"colormag_page_container_layout":"default_layout","colormag_page_sidebar_layout":"default_layout","footnotes":""},"categories":[369],"tags":[],"class_list":["post-52708","post","type-post","status-publish","format-standard","has-post-thumbnail","hentry","category-musica"],"a3_pvc":{"activated":true,"total_views":102,"today_views":0},"_links":{"self":[{"href":"https:\/\/temucotelevision.cl\/web\/wp-json\/wp\/v2\/posts\/52708","targetHints":{"allow":["GET"]}}],"collection":[{"href":"https:\/\/temucotelevision.cl\/web\/wp-json\/wp\/v2\/posts"}],"about":[{"href":"https:\/\/temucotelevision.cl\/web\/wp-json\/wp\/v2\/types\/post"}],"author":[{"embeddable":true,"href":"https:\/\/temucotelevision.cl\/web\/wp-json\/wp\/v2\/users\/143"}],"replies":[{"embeddable":true,"href":"https:\/\/temucotelevision.cl\/web\/wp-json\/wp\/v2\/comments?post=52708"}],"version-history":[{"count":2,"href":"https:\/\/temucotelevision.cl\/web\/wp-json\/wp\/v2\/posts\/52708\/revisions"}],"predecessor-version":[{"id":52711,"href":"https:\/\/temucotelevision.cl\/web\/wp-json\/wp\/v2\/posts\/52708\/revisions\/52711"}],"wp:featuredmedia":[{"embeddable":true,"href":"https:\/\/temucotelevision.cl\/web\/wp-json\/wp\/v2\/media\/52709"}],"wp:attachment":[{"href":"https:\/\/temucotelevision.cl\/web\/wp-json\/wp\/v2\/media?parent=52708"}],"wp:term":[{"taxonomy":"category","embeddable":true,"href":"https:\/\/temucotelevision.cl\/web\/wp-json\/wp\/v2\/categories?post=52708"},{"taxonomy":"post_tag","embeddable":true,"href":"https:\/\/temucotelevision.cl\/web\/wp-json\/wp\/v2\/tags?post=52708"}],"curies":[{"name":"wp","href":"https:\/\/api.w.org\/{rel}","templated":true}]}}