{"id":52698,"date":"2024-09-25T13:02:30","date_gmt":"2024-09-25T16:02:30","guid":{"rendered":"https:\/\/temucotelevision.cl\/web\/?p=52698"},"modified":"2024-09-25T13:07:11","modified_gmt":"2024-09-25T16:07:11","slug":"septimo-dia-de-busqueda-en-el-rio-cautin-continuan-labores-para-encontrar-a-adolescente-desaparecido","status":"publish","type":"post","link":"https:\/\/temucotelevision.cl\/web\/2024\/09\/25\/septimo-dia-de-busqueda-en-el-rio-cautin-continuan-labores-para-encontrar-a-adolescente-desaparecido\/","title":{"rendered":"S\u00e9ptimo d\u00eda de b\u00fasqueda en el r\u00edo Caut\u00edn: contin\u00faan labores para encontrar a adolescente desaparecido"},"content":{"rendered":"<div class=\"pvc_clear\"><\/div><p id=\"pvc_stats_52698\" class=\"pvc_stats total_only  \" data-element-id=\"52698\" style=\"\"><i class=\"pvc-stats-icon large\" aria-hidden=\"true\"><svg aria-hidden=\"true\" focusable=\"false\" data-prefix=\"far\" data-icon=\"chart-bar\" role=\"img\" xmlns=\"http:\/\/www.w3.org\/2000\/svg\" viewBox=\"0 0 512 512\" class=\"svg-inline--fa fa-chart-bar fa-w-16 fa-2x\"><path fill=\"currentColor\" d=\"M396.8 352h22.4c6.4 0 12.8-6.4 12.8-12.8V108.8c0-6.4-6.4-12.8-12.8-12.8h-22.4c-6.4 0-12.8 6.4-12.8 12.8v230.4c0 6.4 6.4 12.8 12.8 12.8zm-192 0h22.4c6.4 0 12.8-6.4 12.8-12.8V140.8c0-6.4-6.4-12.8-12.8-12.8h-22.4c-6.4 0-12.8 6.4-12.8 12.8v198.4c0 6.4 6.4 12.8 12.8 12.8zm96 0h22.4c6.4 0 12.8-6.4 12.8-12.8V204.8c0-6.4-6.4-12.8-12.8-12.8h-22.4c-6.4 0-12.8 6.4-12.8 12.8v134.4c0 6.4 6.4 12.8 12.8 12.8zM496 400H48V80c0-8.84-7.16-16-16-16H16C7.16 64 0 71.16 0 80v336c0 17.67 14.33 32 32 32h464c8.84 0 16-7.16 16-16v-16c0-8.84-7.16-16-16-16zm-387.2-48h22.4c6.4 0 12.8-6.4 12.8-12.8v-70.4c0-6.4-6.4-12.8-12.8-12.8h-22.4c-6.4 0-12.8 6.4-12.8 12.8v70.4c0 6.4 6.4 12.8 12.8 12.8z\" class=\"\"><\/path><\/svg><\/i> <img loading=\"lazy\" decoding=\"async\" width=\"16\" height=\"16\" alt=\"Loading\" src=\"https:\/\/temucotelevision.cl\/web\/wp-content\/plugins\/page-views-count\/ajax-loader-2x.gif\" border=0 \/><\/p><div class=\"pvc_clear\"><\/div>\n<p>Por s\u00e9ptimo d\u00eda consecutivo, la Direcci\u00f3n de Seguridad P\u00fablica de Temuco, en conjunto con diversas instituciones p\u00fablicas y voluntarios, contin\u00faa con la b\u00fasqueda de un adolescente de 17 a\u00f1os que se encuentra desaparecido en el r\u00edo Caut\u00edn. Las labores se han concentrado en la ribera del sector Amanecer, donde se ha instalado un puesto de mando para coordinar las operaciones.<\/p>\n\n\n\n<p>El joven desapareci\u00f3 en circunstancias que a\u00fan se investigan, y desde entonces se ha desplegado un intenso operativo en la zona. Equipos de rescate, buzos t\u00e1cticos, y voluntarios han trabajado arduamente en las labores de rastreo, sin que hasta el momento se haya logrado dar con su paradero.<\/p>\n\n\n\n<p>Familiares y amigos del adolescente se mantienen esperanzados y agradecidos por el apoyo recibido, tanto de las instituciones como de los voluntarios que se han sumado a la b\u00fasqueda. Las autoridades han solicitado a la comunidad que colabore con cualquier informaci\u00f3n que pueda ser \u00fatil para esclarecer lo ocurrido y localizar al joven.<\/p>\n\n\n\n<p>Se espera que los equipos especializados contin\u00faen con las tareas de b\u00fasqueda durante los pr\u00f3ximos d\u00edas, con el objetivo de cubrir nuevas \u00e1reas del r\u00edo y sus alrededores.<\/p>\n\n\n\n<figure class=\"wp-block-image size-large\"><img loading=\"lazy\" decoding=\"async\" width=\"750\" height=\"1000\" src=\"https:\/\/temucotelevision.cl\/web\/wp-content\/uploads\/2024\/09\/WhatsApp-Image-2024-09-24-at-19.41.44-750x1000.jpeg\" alt=\"\" class=\"wp-image-52704\" srcset=\"https:\/\/temucotelevision.cl\/web\/wp-content\/uploads\/2024\/09\/WhatsApp-Image-2024-09-24-at-19.41.44-750x1000.jpeg 750w, https:\/\/temucotelevision.cl\/web\/wp-content\/uploads\/2024\/09\/WhatsApp-Image-2024-09-24-at-19.41.44-768x1024.jpeg 768w, https:\/\/temucotelevision.cl\/web\/wp-content\/uploads\/2024\/09\/WhatsApp-Image-2024-09-24-at-19.41.44-1152x1536.jpeg 1152w, https:\/\/temucotelevision.cl\/web\/wp-content\/uploads\/2024\/09\/WhatsApp-Image-2024-09-24-at-19.41.44-1536x2048.jpeg 1536w, https:\/\/temucotelevision.cl\/web\/wp-content\/uploads\/2024\/09\/WhatsApp-Image-2024-09-24-at-19.41.44-scaled.jpeg 1920w\" sizes=\"auto, (max-width: 750px) 100vw, 750px\" \/><\/figure>\n\n\n\n<figure class=\"wp-block-image size-large\"><img loading=\"lazy\" decoding=\"async\" width=\"1000\" height=\"750\" src=\"https:\/\/temucotelevision.cl\/web\/wp-content\/uploads\/2024\/09\/eb2a1631-193a-401c-b078-54bae5cc1611-1000x750.jpg\" alt=\"\" class=\"wp-image-52627\" srcset=\"https:\/\/temucotelevision.cl\/web\/wp-content\/uploads\/2024\/09\/eb2a1631-193a-401c-b078-54bae5cc1611-1000x750.jpg 1000w, https:\/\/temucotelevision.cl\/web\/wp-content\/uploads\/2024\/09\/eb2a1631-193a-401c-b078-54bae5cc1611-768x576.jpg 768w, https:\/\/temucotelevision.cl\/web\/wp-content\/uploads\/2024\/09\/eb2a1631-193a-401c-b078-54bae5cc1611.jpg 1280w\" sizes=\"auto, (max-width: 1000px) 100vw, 1000px\" \/><\/figure>\n","protected":false},"excerpt":{"rendered":"<div class=\"pvc_clear\"><\/div>\n<p id=\"pvc_stats_52698\" class=\"pvc_stats total_only  \" data-element-id=\"52698\" style=\"\"><i class=\"pvc-stats-icon large\" aria-hidden=\"true\"><svg aria-hidden=\"true\" focusable=\"false\" data-prefix=\"far\" data-icon=\"chart-bar\" role=\"img\" xmlns=\"http:\/\/www.w3.org\/2000\/svg\" viewBox=\"0 0 512 512\" class=\"svg-inline--fa fa-chart-bar fa-w-16 fa-2x\"><path fill=\"currentColor\" d=\"M396.8 352h22.4c6.4 0 12.8-6.4 12.8-12.8V108.8c0-6.4-6.4-12.8-12.8-12.8h-22.4c-6.4 0-12.8 6.4-12.8 12.8v230.4c0 6.4 6.4 12.8 12.8 12.8zm-192 0h22.4c6.4 0 12.8-6.4 12.8-12.8V140.8c0-6.4-6.4-12.8-12.8-12.8h-22.4c-6.4 0-12.8 6.4-12.8 12.8v198.4c0 6.4 6.4 12.8 12.8 12.8zm96 0h22.4c6.4 0 12.8-6.4 12.8-12.8V204.8c0-6.4-6.4-12.8-12.8-12.8h-22.4c-6.4 0-12.8 6.4-12.8 12.8v134.4c0 6.4 6.4 12.8 12.8 12.8zM496 400H48V80c0-8.84-7.16-16-16-16H16C7.16 64 0 71.16 0 80v336c0 17.67 14.33 32 32 32h464c8.84 0 16-7.16 16-16v-16c0-8.84-7.16-16-16-16zm-387.2-48h22.4c6.4 0 12.8-6.4 12.8-12.8v-70.4c0-6.4-6.4-12.8-12.8-12.8h-22.4c-6.4 0-12.8 6.4-12.8 12.8v70.4c0 6.4 6.4 12.8 12.8 12.8z\" class=\"\"><\/path><\/svg><\/i> <img loading=\"lazy\" decoding=\"async\" width=\"16\" height=\"16\" alt=\"Loading\" src=\"https:\/\/temucotelevision.cl\/web\/wp-content\/plugins\/page-views-count\/ajax-loader-2x.gif\" border=0 \/><\/p>\n<div class=\"pvc_clear\"><\/div>\n<p>Por s\u00e9ptimo d\u00eda consecutivo, la Direcci\u00f3n de Seguridad P\u00fablica de Temuco, en conjunto con diversas instituciones p\u00fablicas y voluntarios, contin\u00faa<\/p>\n","protected":false},"author":1,"featured_media":52699,"comment_status":"open","ping_status":"open","sticky":false,"template":"","format":"standard","meta":{"colormag_page_container_layout":"default_layout","colormag_page_sidebar_layout":"default_layout","footnotes":""},"categories":[15],"tags":[191],"class_list":["post-52698","post","type-post","status-publish","format-standard","has-post-thumbnail","hentry","category-la-araucania","tag-joven"],"a3_pvc":{"activated":true,"total_views":4326,"today_views":0},"_links":{"self":[{"href":"https:\/\/temucotelevision.cl\/web\/wp-json\/wp\/v2\/posts\/52698","targetHints":{"allow":["GET"]}}],"collection":[{"href":"https:\/\/temucotelevision.cl\/web\/wp-json\/wp\/v2\/posts"}],"about":[{"href":"https:\/\/temucotelevision.cl\/web\/wp-json\/wp\/v2\/types\/post"}],"author":[{"embeddable":true,"href":"https:\/\/temucotelevision.cl\/web\/wp-json\/wp\/v2\/users\/1"}],"replies":[{"embeddable":true,"href":"https:\/\/temucotelevision.cl\/web\/wp-json\/wp\/v2\/comments?post=52698"}],"version-history":[{"count":3,"href":"https:\/\/temucotelevision.cl\/web\/wp-json\/wp\/v2\/posts\/52698\/revisions"}],"predecessor-version":[{"id":52706,"href":"https:\/\/temucotelevision.cl\/web\/wp-json\/wp\/v2\/posts\/52698\/revisions\/52706"}],"wp:featuredmedia":[{"embeddable":true,"href":"https:\/\/temucotelevision.cl\/web\/wp-json\/wp\/v2\/media\/52699"}],"wp:attachment":[{"href":"https:\/\/temucotelevision.cl\/web\/wp-json\/wp\/v2\/media?parent=52698"}],"wp:term":[{"taxonomy":"category","embeddable":true,"href":"https:\/\/temucotelevision.cl\/web\/wp-json\/wp\/v2\/categories?post=52698"},{"taxonomy":"post_tag","embeddable":true,"href":"https:\/\/temucotelevision.cl\/web\/wp-json\/wp\/v2\/tags?post=52698"}],"curies":[{"name":"wp","href":"https:\/\/api.w.org\/{rel}","templated":true}]}}