{"id":52673,"date":"2024-09-23T16:55:31","date_gmt":"2024-09-23T19:55:31","guid":{"rendered":"https:\/\/temucotelevision.cl\/web\/?p=52673"},"modified":"2024-09-23T16:55:31","modified_gmt":"2024-09-23T19:55:31","slug":"pdi-detiene-a-sujeto-investigado-por-delitos-violentos-en-chile-y-argentina","status":"publish","type":"post","link":"https:\/\/temucotelevision.cl\/web\/2024\/09\/23\/pdi-detiene-a-sujeto-investigado-por-delitos-violentos-en-chile-y-argentina\/","title":{"rendered":"PDI detiene a sujeto investigado por\u00a0delitos\u00a0violentos en Chile y Argentina"},"content":{"rendered":"<div class=\"pvc_clear\"><\/div><p id=\"pvc_stats_52673\" class=\"pvc_stats total_only  \" data-element-id=\"52673\" style=\"\"><i class=\"pvc-stats-icon large\" aria-hidden=\"true\"><svg aria-hidden=\"true\" focusable=\"false\" data-prefix=\"far\" data-icon=\"chart-bar\" role=\"img\" xmlns=\"http:\/\/www.w3.org\/2000\/svg\" viewBox=\"0 0 512 512\" class=\"svg-inline--fa fa-chart-bar fa-w-16 fa-2x\"><path fill=\"currentColor\" d=\"M396.8 352h22.4c6.4 0 12.8-6.4 12.8-12.8V108.8c0-6.4-6.4-12.8-12.8-12.8h-22.4c-6.4 0-12.8 6.4-12.8 12.8v230.4c0 6.4 6.4 12.8 12.8 12.8zm-192 0h22.4c6.4 0 12.8-6.4 12.8-12.8V140.8c0-6.4-6.4-12.8-12.8-12.8h-22.4c-6.4 0-12.8 6.4-12.8 12.8v198.4c0 6.4 6.4 12.8 12.8 12.8zm96 0h22.4c6.4 0 12.8-6.4 12.8-12.8V204.8c0-6.4-6.4-12.8-12.8-12.8h-22.4c-6.4 0-12.8 6.4-12.8 12.8v134.4c0 6.4 6.4 12.8 12.8 12.8zM496 400H48V80c0-8.84-7.16-16-16-16H16C7.16 64 0 71.16 0 80v336c0 17.67 14.33 32 32 32h464c8.84 0 16-7.16 16-16v-16c0-8.84-7.16-16-16-16zm-387.2-48h22.4c6.4 0 12.8-6.4 12.8-12.8v-70.4c0-6.4-6.4-12.8-12.8-12.8h-22.4c-6.4 0-12.8 6.4-12.8 12.8v70.4c0 6.4 6.4 12.8 12.8 12.8z\" class=\"\"><\/path><\/svg><\/i> <img loading=\"lazy\" decoding=\"async\" width=\"16\" height=\"16\" alt=\"Loading\" src=\"https:\/\/temucotelevision.cl\/web\/wp-content\/plugins\/page-views-count\/ajax-loader-2x.gif\" border=0 \/><\/p><div class=\"pvc_clear\"><\/div>\n<p>Detectives de la Brigada de Robos&nbsp;(Biro)Temuco,&nbsp;detuvieron a un&nbsp;ciudadano chileno,&nbsp;<a><\/a>quien enfrenta m\u00faltiples cargos por delitos graves cometidos tanto enChile como en Argentina. El detenido&nbsp;de 32 a\u00f1os, manten\u00eda&nbsp;cinco \u00f3rdenes de detenci\u00f3n vigentes por los delitos&nbsp;de&nbsp;robo en lugar no habitado, emitido por el Juzgado de Garant\u00eda de Ca\u00f1ete,&nbsp;portar elementos para cometer delito, emitido por el Juzgado de Letras y Garant\u00eda de Laja,&nbsp;robo en lugar no habitado&nbsp;emitido por el Juzgado de Garant\u00eda de Los Lagos,&nbsp;robo en lugar no habitado, emitido por el Juzgado de Garant\u00eda de Curic\u00f3y&nbsp;robo con retenci\u00f3n de v\u00edctimas, emitido por la Corte Suprema el 16 de septiembre de 2024.&nbsp;<\/p>\n\n\n\n<p>Adem\u00e1s, el detenido cuenta con un encargo de la OCN Interpol vinculado a la orden de detenci\u00f3n por robo con retenci\u00f3n de v\u00edctimas, por la cual Argentina&nbsp;solicit\u00f3&nbsp;su extradici\u00f3n pasiva. Seg\u00fan las investigaciones,&nbsp;el detenido&nbsp;estar\u00eda involucrado en al menos tres hechos violentos en territorio&nbsp;trasandino, incluyendo un caso en el que, junto a otros sujetos, irrumpi\u00f3 en una vivienda, maniat\u00f3 y golpe\u00f3 a una mujer discapacitada con el fin de robar,&nbsp;siendo detenido anteriormente en&nbsp;el pa\u00eds trasandino&nbsp;por delitos que involucran fuerza y \u200b\u200bviolencia, lo que refuerza la gravedad de los cargos que enfrenta.&nbsp;<\/p>\n\n\n\n<p>El jefe&nbsp;de la Biro&nbsp;Temuco, Rodrigo Opazo Oyarce indic\u00f3 que \u201ceste sujeto estaba siendo investigado,vinculado a una estructura criminal que estaba operando en la Regi\u00f3n de La Araucan\u00eda, adem\u00e1s de ser requerido por los Tribunales de Justicia de Chile. A&nbsp;raz\u00f3n de ello,y en concordancia con las obligaciones legales de la Polic\u00eda de Investigaciones de Chile se toma la decisi\u00f3n de ubicarlo y detenerlo tras las diversas diligenciasrealizadas\u201d.&nbsp;El&nbsp;sujeto&nbsp;fue detenido el d\u00eda&nbsp;22 de septiembre al interior de un centro comercial de la ciudad de Temuco siendo puesto a disposici\u00f3n del Juzgado de Garant\u00eda de&nbsp;esta ciudad.<\/p>\n","protected":false},"excerpt":{"rendered":"<div class=\"pvc_clear\"><\/div>\n<p id=\"pvc_stats_52673\" class=\"pvc_stats total_only  \" data-element-id=\"52673\" style=\"\"><i class=\"pvc-stats-icon large\" aria-hidden=\"true\"><svg aria-hidden=\"true\" focusable=\"false\" data-prefix=\"far\" data-icon=\"chart-bar\" role=\"img\" xmlns=\"http:\/\/www.w3.org\/2000\/svg\" viewBox=\"0 0 512 512\" class=\"svg-inline--fa fa-chart-bar fa-w-16 fa-2x\"><path fill=\"currentColor\" d=\"M396.8 352h22.4c6.4 0 12.8-6.4 12.8-12.8V108.8c0-6.4-6.4-12.8-12.8-12.8h-22.4c-6.4 0-12.8 6.4-12.8 12.8v230.4c0 6.4 6.4 12.8 12.8 12.8zm-192 0h22.4c6.4 0 12.8-6.4 12.8-12.8V140.8c0-6.4-6.4-12.8-12.8-12.8h-22.4c-6.4 0-12.8 6.4-12.8 12.8v198.4c0 6.4 6.4 12.8 12.8 12.8zm96 0h22.4c6.4 0 12.8-6.4 12.8-12.8V204.8c0-6.4-6.4-12.8-12.8-12.8h-22.4c-6.4 0-12.8 6.4-12.8 12.8v134.4c0 6.4 6.4 12.8 12.8 12.8zM496 400H48V80c0-8.84-7.16-16-16-16H16C7.16 64 0 71.16 0 80v336c0 17.67 14.33 32 32 32h464c8.84 0 16-7.16 16-16v-16c0-8.84-7.16-16-16-16zm-387.2-48h22.4c6.4 0 12.8-6.4 12.8-12.8v-70.4c0-6.4-6.4-12.8-12.8-12.8h-22.4c-6.4 0-12.8 6.4-12.8 12.8v70.4c0 6.4 6.4 12.8 12.8 12.8z\" class=\"\"><\/path><\/svg><\/i> <img loading=\"lazy\" decoding=\"async\" width=\"16\" height=\"16\" alt=\"Loading\" src=\"https:\/\/temucotelevision.cl\/web\/wp-content\/plugins\/page-views-count\/ajax-loader-2x.gif\" border=0 \/><\/p>\n<div class=\"pvc_clear\"><\/div>\n<p>Detectives de la Brigada de Robos&nbsp;(Biro)Temuco,&nbsp;detuvieron a un&nbsp;ciudadano chileno,&nbsp;quien enfrenta m\u00faltiples cargos por delitos graves cometidos tanto enChile como en<\/p>\n","protected":false},"author":1,"featured_media":50694,"comment_status":"open","ping_status":"open","sticky":false,"template":"","format":"standard","meta":{"colormag_page_container_layout":"default_layout","colormag_page_sidebar_layout":"default_layout","footnotes":""},"categories":[16],"tags":[],"class_list":["post-52673","post","type-post","status-publish","format-standard","has-post-thumbnail","hentry","category-policial"],"a3_pvc":{"activated":true,"total_views":1042,"today_views":0},"_links":{"self":[{"href":"https:\/\/temucotelevision.cl\/web\/wp-json\/wp\/v2\/posts\/52673","targetHints":{"allow":["GET"]}}],"collection":[{"href":"https:\/\/temucotelevision.cl\/web\/wp-json\/wp\/v2\/posts"}],"about":[{"href":"https:\/\/temucotelevision.cl\/web\/wp-json\/wp\/v2\/types\/post"}],"author":[{"embeddable":true,"href":"https:\/\/temucotelevision.cl\/web\/wp-json\/wp\/v2\/users\/1"}],"replies":[{"embeddable":true,"href":"https:\/\/temucotelevision.cl\/web\/wp-json\/wp\/v2\/comments?post=52673"}],"version-history":[{"count":1,"href":"https:\/\/temucotelevision.cl\/web\/wp-json\/wp\/v2\/posts\/52673\/revisions"}],"predecessor-version":[{"id":52674,"href":"https:\/\/temucotelevision.cl\/web\/wp-json\/wp\/v2\/posts\/52673\/revisions\/52674"}],"wp:featuredmedia":[{"embeddable":true,"href":"https:\/\/temucotelevision.cl\/web\/wp-json\/wp\/v2\/media\/50694"}],"wp:attachment":[{"href":"https:\/\/temucotelevision.cl\/web\/wp-json\/wp\/v2\/media?parent=52673"}],"wp:term":[{"taxonomy":"category","embeddable":true,"href":"https:\/\/temucotelevision.cl\/web\/wp-json\/wp\/v2\/categories?post=52673"},{"taxonomy":"post_tag","embeddable":true,"href":"https:\/\/temucotelevision.cl\/web\/wp-json\/wp\/v2\/tags?post=52673"}],"curies":[{"name":"wp","href":"https:\/\/api.w.org\/{rel}","templated":true}]}}