{"id":52669,"date":"2024-09-23T12:27:55","date_gmt":"2024-09-23T15:27:55","guid":{"rendered":"https:\/\/temucotelevision.cl\/web\/?p=52669"},"modified":"2024-09-23T12:27:56","modified_gmt":"2024-09-23T15:27:56","slug":"accidente-de-transito-en-temuco-deja-tres-lesionados-camion-involucrado-se-da-a-la-fuga","status":"publish","type":"post","link":"https:\/\/temucotelevision.cl\/web\/2024\/09\/23\/accidente-de-transito-en-temuco-deja-tres-lesionados-camion-involucrado-se-da-a-la-fuga\/","title":{"rendered":"Accidente de tr\u00e1nsito en Temuco deja tres lesionados: Cami\u00f3n involucrado se da a la fuga"},"content":{"rendered":"<div class=\"pvc_clear\"><\/div><p id=\"pvc_stats_52669\" class=\"pvc_stats total_only  \" data-element-id=\"52669\" style=\"\"><i class=\"pvc-stats-icon large\" aria-hidden=\"true\"><svg aria-hidden=\"true\" focusable=\"false\" data-prefix=\"far\" data-icon=\"chart-bar\" role=\"img\" xmlns=\"http:\/\/www.w3.org\/2000\/svg\" viewBox=\"0 0 512 512\" class=\"svg-inline--fa fa-chart-bar fa-w-16 fa-2x\"><path fill=\"currentColor\" d=\"M396.8 352h22.4c6.4 0 12.8-6.4 12.8-12.8V108.8c0-6.4-6.4-12.8-12.8-12.8h-22.4c-6.4 0-12.8 6.4-12.8 12.8v230.4c0 6.4 6.4 12.8 12.8 12.8zm-192 0h22.4c6.4 0 12.8-6.4 12.8-12.8V140.8c0-6.4-6.4-12.8-12.8-12.8h-22.4c-6.4 0-12.8 6.4-12.8 12.8v198.4c0 6.4 6.4 12.8 12.8 12.8zm96 0h22.4c6.4 0 12.8-6.4 12.8-12.8V204.8c0-6.4-6.4-12.8-12.8-12.8h-22.4c-6.4 0-12.8 6.4-12.8 12.8v134.4c0 6.4 6.4 12.8 12.8 12.8zM496 400H48V80c0-8.84-7.16-16-16-16H16C7.16 64 0 71.16 0 80v336c0 17.67 14.33 32 32 32h464c8.84 0 16-7.16 16-16v-16c0-8.84-7.16-16-16-16zm-387.2-48h22.4c6.4 0 12.8-6.4 12.8-12.8v-70.4c0-6.4-6.4-12.8-12.8-12.8h-22.4c-6.4 0-12.8 6.4-12.8 12.8v70.4c0 6.4 6.4 12.8 12.8 12.8z\" class=\"\"><\/path><\/svg><\/i> <img loading=\"lazy\" decoding=\"async\" width=\"16\" height=\"16\" alt=\"Loading\" src=\"https:\/\/temucotelevision.cl\/web\/wp-content\/plugins\/page-views-count\/ajax-loader-2x.gif\" border=0 \/><\/p><div class=\"pvc_clear\"><\/div>\n<p>Tr\u00e1nsito desviado a la altura de Francisco Salazar con Av. Recabarren.<\/p>\n\n\n\n<p>Inspectores de la Direcci\u00f3n de Seguridad P\u00fablica de Temuco, en conjunto con voluntarios de la 3ra y 4ta compa\u00f1\u00eda del Cuerpo de Bomberos, atendieron esta ma\u00f1ana a tres personas lesionadas tras un accidente de tr\u00e1nsito. El hecho se encuentra en desarrollo en Av. Recabarren con Francisco Salazar de oriente a poniente y dej\u00f3 a las v\u00edctimas con heridas de diversa consideraci\u00f3n.<\/p>\n\n\n\n<p>De acuerdo con los primeros informes, un cami\u00f3n estuvo involucrado en la colisi\u00f3n, pero el conductor se dio a la fuga inmediatamente despu\u00e9s del impacto, dejando a los lesionados sin asistencia en el lugar. A\u00fan no se tiene informaci\u00f3n sobre la identidad del conductor del cami\u00f3n, ni detalles adicionales sobre el veh\u00edculo, que es buscado por las autoridades.<\/p>\n\n\n\n<p>Los tres lesionados fueron atendidos en el sitio por los equipos de emergencia, quienes estabilizaron a las v\u00edctimas antes de ser trasladadas a un centro asistencial para recibir atenci\u00f3n m\u00e9dica.<\/p>\n\n\n\n<p>Carabineros y la Direcci\u00f3n de Seguridad P\u00fablica ya iniciaron una investigaci\u00f3n para dar con el paradero del cami\u00f3n y esclarecer las circunstancias que provocaron el accidente. Las autoridades reiteran el llamado a la comunidad a brindar cualquier informaci\u00f3n que pueda ser \u00fatil para identificar al responsable de este grave suceso.<\/p>\n\n\n\n<figure class=\"wp-block-image size-large\"><img loading=\"lazy\" decoding=\"async\" width=\"750\" height=\"1000\" src=\"https:\/\/temucotelevision.cl\/web\/wp-content\/uploads\/2024\/09\/WhatsApp-Image-2024-09-23-at-12.12.47-750x1000.jpeg\" alt=\"\" class=\"wp-image-52671\" srcset=\"https:\/\/temucotelevision.cl\/web\/wp-content\/uploads\/2024\/09\/WhatsApp-Image-2024-09-23-at-12.12.47-750x1000.jpeg 750w, https:\/\/temucotelevision.cl\/web\/wp-content\/uploads\/2024\/09\/WhatsApp-Image-2024-09-23-at-12.12.47-768x1024.jpeg 768w, https:\/\/temucotelevision.cl\/web\/wp-content\/uploads\/2024\/09\/WhatsApp-Image-2024-09-23-at-12.12.47-1152x1536.jpeg 1152w, https:\/\/temucotelevision.cl\/web\/wp-content\/uploads\/2024\/09\/WhatsApp-Image-2024-09-23-at-12.12.47-1536x2048.jpeg 1536w, https:\/\/temucotelevision.cl\/web\/wp-content\/uploads\/2024\/09\/WhatsApp-Image-2024-09-23-at-12.12.47-scaled.jpeg 1920w\" sizes=\"auto, (max-width: 750px) 100vw, 750px\" \/><\/figure>\n","protected":false},"excerpt":{"rendered":"<div class=\"pvc_clear\"><\/div>\n<p id=\"pvc_stats_52669\" class=\"pvc_stats total_only  \" data-element-id=\"52669\" style=\"\"><i class=\"pvc-stats-icon large\" aria-hidden=\"true\"><svg aria-hidden=\"true\" focusable=\"false\" data-prefix=\"far\" data-icon=\"chart-bar\" role=\"img\" xmlns=\"http:\/\/www.w3.org\/2000\/svg\" viewBox=\"0 0 512 512\" class=\"svg-inline--fa fa-chart-bar fa-w-16 fa-2x\"><path fill=\"currentColor\" d=\"M396.8 352h22.4c6.4 0 12.8-6.4 12.8-12.8V108.8c0-6.4-6.4-12.8-12.8-12.8h-22.4c-6.4 0-12.8 6.4-12.8 12.8v230.4c0 6.4 6.4 12.8 12.8 12.8zm-192 0h22.4c6.4 0 12.8-6.4 12.8-12.8V140.8c0-6.4-6.4-12.8-12.8-12.8h-22.4c-6.4 0-12.8 6.4-12.8 12.8v198.4c0 6.4 6.4 12.8 12.8 12.8zm96 0h22.4c6.4 0 12.8-6.4 12.8-12.8V204.8c0-6.4-6.4-12.8-12.8-12.8h-22.4c-6.4 0-12.8 6.4-12.8 12.8v134.4c0 6.4 6.4 12.8 12.8 12.8zM496 400H48V80c0-8.84-7.16-16-16-16H16C7.16 64 0 71.16 0 80v336c0 17.67 14.33 32 32 32h464c8.84 0 16-7.16 16-16v-16c0-8.84-7.16-16-16-16zm-387.2-48h22.4c6.4 0 12.8-6.4 12.8-12.8v-70.4c0-6.4-6.4-12.8-12.8-12.8h-22.4c-6.4 0-12.8 6.4-12.8 12.8v70.4c0 6.4 6.4 12.8 12.8 12.8z\" class=\"\"><\/path><\/svg><\/i> <img loading=\"lazy\" decoding=\"async\" width=\"16\" height=\"16\" alt=\"Loading\" src=\"https:\/\/temucotelevision.cl\/web\/wp-content\/plugins\/page-views-count\/ajax-loader-2x.gif\" border=0 \/><\/p>\n<div class=\"pvc_clear\"><\/div>\n<p>Tr\u00e1nsito desviado a la altura de Francisco Salazar con Av. Recabarren. Inspectores de la Direcci\u00f3n de Seguridad P\u00fablica de Temuco,<\/p>\n","protected":false},"author":1,"featured_media":52670,"comment_status":"open","ping_status":"open","sticky":false,"template":"","format":"standard","meta":{"colormag_page_container_layout":"default_layout","colormag_page_sidebar_layout":"default_layout","footnotes":""},"categories":[15],"tags":[1358],"class_list":["post-52669","post","type-post","status-publish","format-standard","has-post-thumbnail","hentry","category-la-araucania","tag-accidente"],"a3_pvc":{"activated":true,"total_views":6249,"today_views":0},"_links":{"self":[{"href":"https:\/\/temucotelevision.cl\/web\/wp-json\/wp\/v2\/posts\/52669","targetHints":{"allow":["GET"]}}],"collection":[{"href":"https:\/\/temucotelevision.cl\/web\/wp-json\/wp\/v2\/posts"}],"about":[{"href":"https:\/\/temucotelevision.cl\/web\/wp-json\/wp\/v2\/types\/post"}],"author":[{"embeddable":true,"href":"https:\/\/temucotelevision.cl\/web\/wp-json\/wp\/v2\/users\/1"}],"replies":[{"embeddable":true,"href":"https:\/\/temucotelevision.cl\/web\/wp-json\/wp\/v2\/comments?post=52669"}],"version-history":[{"count":1,"href":"https:\/\/temucotelevision.cl\/web\/wp-json\/wp\/v2\/posts\/52669\/revisions"}],"predecessor-version":[{"id":52672,"href":"https:\/\/temucotelevision.cl\/web\/wp-json\/wp\/v2\/posts\/52669\/revisions\/52672"}],"wp:featuredmedia":[{"embeddable":true,"href":"https:\/\/temucotelevision.cl\/web\/wp-json\/wp\/v2\/media\/52670"}],"wp:attachment":[{"href":"https:\/\/temucotelevision.cl\/web\/wp-json\/wp\/v2\/media?parent=52669"}],"wp:term":[{"taxonomy":"category","embeddable":true,"href":"https:\/\/temucotelevision.cl\/web\/wp-json\/wp\/v2\/categories?post=52669"},{"taxonomy":"post_tag","embeddable":true,"href":"https:\/\/temucotelevision.cl\/web\/wp-json\/wp\/v2\/tags?post=52669"}],"curies":[{"name":"wp","href":"https:\/\/api.w.org\/{rel}","templated":true}]}}