{"id":52666,"date":"2024-09-23T12:15:25","date_gmt":"2024-09-23T15:15:25","guid":{"rendered":"https:\/\/temucotelevision.cl\/web\/?p=52666"},"modified":"2024-09-23T12:15:25","modified_gmt":"2024-09-23T15:15:25","slug":"diputadas-psc-ofician-al-ministro-de-justicia-y-solicitan-pronunciamiento-ante-declaracion-de-pluriparentalidad-de-menor-en-tribunal-de-familia-en-osorno","status":"publish","type":"post","link":"https:\/\/temucotelevision.cl\/web\/2024\/09\/23\/diputadas-psc-ofician-al-ministro-de-justicia-y-solicitan-pronunciamiento-ante-declaracion-de-pluriparentalidad-de-menor-en-tribunal-de-familia-en-osorno\/","title":{"rendered":"Diputadas PSC ofician al ministro de Justicia y solicitan pronunciamiento ante declaraci\u00f3n de pluriparentalidad de menor en tribunal de Familia en Osorno"},"content":{"rendered":"<div class=\"pvc_clear\"><\/div><p id=\"pvc_stats_52666\" class=\"pvc_stats total_only  \" data-element-id=\"52666\" style=\"\"><i class=\"pvc-stats-icon large\" aria-hidden=\"true\"><svg aria-hidden=\"true\" focusable=\"false\" data-prefix=\"far\" data-icon=\"chart-bar\" role=\"img\" xmlns=\"http:\/\/www.w3.org\/2000\/svg\" viewBox=\"0 0 512 512\" class=\"svg-inline--fa fa-chart-bar fa-w-16 fa-2x\"><path fill=\"currentColor\" d=\"M396.8 352h22.4c6.4 0 12.8-6.4 12.8-12.8V108.8c0-6.4-6.4-12.8-12.8-12.8h-22.4c-6.4 0-12.8 6.4-12.8 12.8v230.4c0 6.4 6.4 12.8 12.8 12.8zm-192 0h22.4c6.4 0 12.8-6.4 12.8-12.8V140.8c0-6.4-6.4-12.8-12.8-12.8h-22.4c-6.4 0-12.8 6.4-12.8 12.8v198.4c0 6.4 6.4 12.8 12.8 12.8zm96 0h22.4c6.4 0 12.8-6.4 12.8-12.8V204.8c0-6.4-6.4-12.8-12.8-12.8h-22.4c-6.4 0-12.8 6.4-12.8 12.8v134.4c0 6.4 6.4 12.8 12.8 12.8zM496 400H48V80c0-8.84-7.16-16-16-16H16C7.16 64 0 71.16 0 80v336c0 17.67 14.33 32 32 32h464c8.84 0 16-7.16 16-16v-16c0-8.84-7.16-16-16-16zm-387.2-48h22.4c6.4 0 12.8-6.4 12.8-12.8v-70.4c0-6.4-6.4-12.8-12.8-12.8h-22.4c-6.4 0-12.8 6.4-12.8 12.8v70.4c0 6.4 6.4 12.8 12.8 12.8z\" class=\"\"><\/path><\/svg><\/i> <img loading=\"lazy\" decoding=\"async\" width=\"16\" height=\"16\" alt=\"Loading\" src=\"https:\/\/temucotelevision.cl\/web\/wp-content\/plugins\/page-views-count\/ajax-loader-2x.gif\" border=0 \/><\/p><div class=\"pvc_clear\"><\/div>\n<p><em>Las parlamentarias sostienen que no es adecuado que se modifique la normativa vigente en materia de filiaci\u00f3n, mediante v\u00edas diferentes a la establecida en la Constituci\u00f3n<\/em><\/p>\n\n\n\n<p>Un pronunciamiento respecto a la pluriparentalidad en el ordenamiento jur\u00eddico chileno solicitaron las diputadas del Partido Social Cristiano, Francesca Mu\u00f1oz y Sara Concha, al ministro de Justicia, Luis Cordero, esto luego que el Juzgado de Familia de Osorno dictara una sentencia en la que permite que un menor sea inscrito en su certificado de nacimiento con su madre, su padre biol\u00f3gico y su padre de crianza. V\u00eda oficio, las parlamentarias plantean que el concepto de pluriparentalidad es ajeno a la regulaci\u00f3n que contempla el C\u00f3digo Civil.<\/p>\n\n\n\n<p>\u201cLa pluriparentalidad no tiene cabida en nuestro sistema jur\u00eddico, pues a la fecha no existe ninguna ley o norma que permita o reconozca su vigencia en el Derecho de Familia chileno. Es muy grave que se introduzca esta nueva figura legal a nuestra legislaci\u00f3n, sin respetar el procedimiento democr\u00e1tico de formaci\u00f3n de la ley\u201d, sentenci\u00f3 la diputada Mu\u00f1oz.<\/p>\n\n\n\n<p>\u201cCreemos -agreg\u00f3- que se estar\u00eda vulnerando el principio de legalidad establecido en los art\u00edculos 6\u00b0 y 7\u00b0 de la Constituci\u00f3n Pol\u00edtica de la Rep\u00fablica, y en especial el inciso segundo de este \u00faltimo que prescribe: \u201cNinguna magistratura, ninguna persona ni grupo de personas pueden atribuirse, ni aun a pretexto de circunstancias extraordinarias, otra autoridad o derechos que los que expresamente se les hayan conferido en virtud de la Constituci\u00f3n o las leyes\u201d.<\/p>\n\n\n\n<p>La diputada Sara Concha, en tanto, indic\u00f3 que \u201ccon este oficio esperamos que el ministro Cordero se pronuncie respecto a esta medida en el Juzgado de Familia de Osorno, ya que ser\u00eda una decisi\u00f3n anticonstitucional debido a que la pluriparentalidad no existe en nuestro sistema jur\u00eddico, se estar\u00eda vulnerado la ley. Es por este motivo que solicitamos que se emita un pronunciamiento desde Justicia para evitar que se genere un precedente en esta materia\u201d.<\/p>\n\n\n\n<p>Las legisladoras advirtieron que en ning\u00fan caso tienen la intenci\u00f3n de inmiscuirse en las decisiones de los tribunales, sino que su solicitud se sustenta en la necesidad de un pronunciamiento de la Cartera respecto a la situaci\u00f3n y para que adopte todas las medidas que correspondan, para evitar eventuales intromisiones de otros poderes del Estado, en las funciones legislativas.<\/p>\n","protected":false},"excerpt":{"rendered":"<div class=\"pvc_clear\"><\/div>\n<p id=\"pvc_stats_52666\" class=\"pvc_stats total_only  \" data-element-id=\"52666\" style=\"\"><i class=\"pvc-stats-icon large\" aria-hidden=\"true\"><svg aria-hidden=\"true\" focusable=\"false\" data-prefix=\"far\" data-icon=\"chart-bar\" role=\"img\" xmlns=\"http:\/\/www.w3.org\/2000\/svg\" viewBox=\"0 0 512 512\" class=\"svg-inline--fa fa-chart-bar fa-w-16 fa-2x\"><path fill=\"currentColor\" d=\"M396.8 352h22.4c6.4 0 12.8-6.4 12.8-12.8V108.8c0-6.4-6.4-12.8-12.8-12.8h-22.4c-6.4 0-12.8 6.4-12.8 12.8v230.4c0 6.4 6.4 12.8 12.8 12.8zm-192 0h22.4c6.4 0 12.8-6.4 12.8-12.8V140.8c0-6.4-6.4-12.8-12.8-12.8h-22.4c-6.4 0-12.8 6.4-12.8 12.8v198.4c0 6.4 6.4 12.8 12.8 12.8zm96 0h22.4c6.4 0 12.8-6.4 12.8-12.8V204.8c0-6.4-6.4-12.8-12.8-12.8h-22.4c-6.4 0-12.8 6.4-12.8 12.8v134.4c0 6.4 6.4 12.8 12.8 12.8zM496 400H48V80c0-8.84-7.16-16-16-16H16C7.16 64 0 71.16 0 80v336c0 17.67 14.33 32 32 32h464c8.84 0 16-7.16 16-16v-16c0-8.84-7.16-16-16-16zm-387.2-48h22.4c6.4 0 12.8-6.4 12.8-12.8v-70.4c0-6.4-6.4-12.8-12.8-12.8h-22.4c-6.4 0-12.8 6.4-12.8 12.8v70.4c0 6.4 6.4 12.8 12.8 12.8z\" class=\"\"><\/path><\/svg><\/i> <img loading=\"lazy\" decoding=\"async\" width=\"16\" height=\"16\" alt=\"Loading\" src=\"https:\/\/temucotelevision.cl\/web\/wp-content\/plugins\/page-views-count\/ajax-loader-2x.gif\" border=0 \/><\/p>\n<div class=\"pvc_clear\"><\/div>\n<p>Las parlamentarias sostienen que no es adecuado que se modifique la normativa vigente en materia de filiaci\u00f3n, mediante v\u00edas diferentes<\/p>\n","protected":false},"author":1,"featured_media":52667,"comment_status":"open","ping_status":"open","sticky":false,"template":"","format":"standard","meta":{"colormag_page_container_layout":"default_layout","colormag_page_sidebar_layout":"default_layout","footnotes":""},"categories":[84],"tags":[586],"class_list":["post-52666","post","type-post","status-publish","format-standard","has-post-thumbnail","hentry","category-politica","tag-tribunal"],"a3_pvc":{"activated":true,"total_views":949,"today_views":0},"_links":{"self":[{"href":"https:\/\/temucotelevision.cl\/web\/wp-json\/wp\/v2\/posts\/52666","targetHints":{"allow":["GET"]}}],"collection":[{"href":"https:\/\/temucotelevision.cl\/web\/wp-json\/wp\/v2\/posts"}],"about":[{"href":"https:\/\/temucotelevision.cl\/web\/wp-json\/wp\/v2\/types\/post"}],"author":[{"embeddable":true,"href":"https:\/\/temucotelevision.cl\/web\/wp-json\/wp\/v2\/users\/1"}],"replies":[{"embeddable":true,"href":"https:\/\/temucotelevision.cl\/web\/wp-json\/wp\/v2\/comments?post=52666"}],"version-history":[{"count":1,"href":"https:\/\/temucotelevision.cl\/web\/wp-json\/wp\/v2\/posts\/52666\/revisions"}],"predecessor-version":[{"id":52668,"href":"https:\/\/temucotelevision.cl\/web\/wp-json\/wp\/v2\/posts\/52666\/revisions\/52668"}],"wp:featuredmedia":[{"embeddable":true,"href":"https:\/\/temucotelevision.cl\/web\/wp-json\/wp\/v2\/media\/52667"}],"wp:attachment":[{"href":"https:\/\/temucotelevision.cl\/web\/wp-json\/wp\/v2\/media?parent=52666"}],"wp:term":[{"taxonomy":"category","embeddable":true,"href":"https:\/\/temucotelevision.cl\/web\/wp-json\/wp\/v2\/categories?post=52666"},{"taxonomy":"post_tag","embeddable":true,"href":"https:\/\/temucotelevision.cl\/web\/wp-json\/wp\/v2\/tags?post=52666"}],"curies":[{"name":"wp","href":"https:\/\/api.w.org\/{rel}","templated":true}]}}