{"id":52656,"date":"2024-09-22T13:41:54","date_gmt":"2024-09-22T16:41:54","guid":{"rendered":"https:\/\/temucotelevision.cl\/web\/?p=52656"},"modified":"2024-09-22T13:41:55","modified_gmt":"2024-09-22T16:41:55","slug":"akawui-estrena-el-pueblo-unido-jamas-sera-vencido","status":"publish","type":"post","link":"https:\/\/temucotelevision.cl\/web\/2024\/09\/22\/akawui-estrena-el-pueblo-unido-jamas-sera-vencido\/","title":{"rendered":"Akawui estrena \u201cEl Pueblo Unido Jam\u00e1s Ser\u00e1 Vencido\u201d\u00a0"},"content":{"rendered":"<div class=\"pvc_clear\"><\/div><p id=\"pvc_stats_52656\" class=\"pvc_stats total_only  \" data-element-id=\"52656\" style=\"\"><i class=\"pvc-stats-icon large\" aria-hidden=\"true\"><svg aria-hidden=\"true\" focusable=\"false\" data-prefix=\"far\" data-icon=\"chart-bar\" role=\"img\" xmlns=\"http:\/\/www.w3.org\/2000\/svg\" viewBox=\"0 0 512 512\" class=\"svg-inline--fa fa-chart-bar fa-w-16 fa-2x\"><path fill=\"currentColor\" d=\"M396.8 352h22.4c6.4 0 12.8-6.4 12.8-12.8V108.8c0-6.4-6.4-12.8-12.8-12.8h-22.4c-6.4 0-12.8 6.4-12.8 12.8v230.4c0 6.4 6.4 12.8 12.8 12.8zm-192 0h22.4c6.4 0 12.8-6.4 12.8-12.8V140.8c0-6.4-6.4-12.8-12.8-12.8h-22.4c-6.4 0-12.8 6.4-12.8 12.8v198.4c0 6.4 6.4 12.8 12.8 12.8zm96 0h22.4c6.4 0 12.8-6.4 12.8-12.8V204.8c0-6.4-6.4-12.8-12.8-12.8h-22.4c-6.4 0-12.8 6.4-12.8 12.8v134.4c0 6.4 6.4 12.8 12.8 12.8zM496 400H48V80c0-8.84-7.16-16-16-16H16C7.16 64 0 71.16 0 80v336c0 17.67 14.33 32 32 32h464c8.84 0 16-7.16 16-16v-16c0-8.84-7.16-16-16-16zm-387.2-48h22.4c6.4 0 12.8-6.4 12.8-12.8v-70.4c0-6.4-6.4-12.8-12.8-12.8h-22.4c-6.4 0-12.8 6.4-12.8 12.8v70.4c0 6.4 6.4 12.8 12.8 12.8z\" class=\"\"><\/path><\/svg><\/i> <img loading=\"lazy\" decoding=\"async\" width=\"16\" height=\"16\" alt=\"Loading\" src=\"https:\/\/temucotelevision.cl\/web\/wp-content\/plugins\/page-views-count\/ajax-loader-2x.gif\" border=0 \/><\/p><div class=\"pvc_clear\"><\/div>\n<p class=\"has-medium-font-size\"><strong>Se trata de una reversi\u00f3n de la emblem\u00e1tica canci\u00f3n, de lucha y resistencia, compuesta por el grupo Quilapay\u00fan en el a\u00f1o 1973.<\/strong><\/p>\n\n\n\n<p>El m\u00fasico de origen mapuche chileno, radicado en Canad\u00e1,&nbsp;<a href=\"https:\/\/www.instagram.com\/akawui\/\" target=\"_blank\" rel=\"noreferrer noopener\">Akawui<\/a>, estren\u00f3 el videoclip de su nuevo sencillo&nbsp;<strong>\u201cEl Pueblo Unido Jam\u00e1s Ser\u00e1 Vencido\u201d<\/strong>, una reversi\u00f3n del himno originalmente creado por el grupo&nbsp;<strong>Quilapay\u00fan<\/strong>&nbsp;y&nbsp;<strong>Sergio Ortega.<\/strong>&nbsp;El trabajo audiovisual retrata un canto&nbsp;<strong>conmemorativo del 11 de septiembre,&nbsp;<\/strong>una fecha que marc\u00f3 la violaci\u00f3n de los derechos humanos en Chile.&nbsp;<\/p>\n\n\n\n<p><a href=\"https:\/\/youtu.be\/IJy7aKdOuT4?si=YeRH9zqQrL4uqPtz\" target=\"_blank\" rel=\"noreferrer noopener\">\u201cEl Pueblo Unido Jam\u00e1s Ser\u00e1 Vencido\u201d<\/a>&nbsp;es un c\u00e1ntico de protesta universal que se entona en todo el mundo y en distintos idiomas. Con el fin de rememorar el&nbsp;<strong>11 de septiembre en Chile,<\/strong>&nbsp;el artista busca continuar alzando la voz&nbsp; protestando en honor de las innumerables v\u00edctimas.<\/p>\n\n\n\n<p>En palabras de&nbsp;<a href=\"https:\/\/www.instagram.com\/akawui\/\" target=\"_blank\" rel=\"noreferrer noopener\">Akawui,<\/a>&nbsp;\u201c<strong>soy Canadiense de padres chilenos exiliados en el tiempo de la dictadura, llegaron a Canad\u00e1 en 1978. Crec\u00ed con los cantos de Quillapayun, inti-illimani, Victor Jara, Violeta Parra, Arak Pacha\u201d<\/strong>, asever\u00f3.&nbsp;<\/p>\n\n\n\n<p>Al referirse a la herencia cultural que recibi\u00f3 en su familia, el artista recuerda con nostalgia la influencia musical que dej\u00f3 una huella en su ni\u00f1ez.&nbsp;<strong>\u201cCrear una versi\u00f3n de esta hist\u00f3rica canci\u00f3n, nace para representar la voz del pueblo y todas las situaciones que a\u00fan contin\u00faan ocurriendo en Chile. Tambi\u00e9n nace para homenajear a mi pap\u00e1 y a mi mam\u00e1, ya que gracias a ellos me transform\u00e9 en&nbsp; un artista con una conciencia social aut\u00e9ntica. Toda esta influencia musical, viene por el lado de ellos, que de alguna manera, siempre se preocuparon por mantenerme conectado con su pa\u00eds de origen a trav\u00e9s de la m\u00fasica, pa\u00eds en el que fueron v\u00edctimas del gobierno dictatorial\u201d,&nbsp;<\/strong>sentenci\u00f3.<\/p>\n\n\n\n<p>Esta nueva producci\u00f3n, es el primer single de un proyecto de&nbsp;<strong>cinco sencillos versionados de la nueva canci\u00f3n chilena.<\/strong>&nbsp;Estuvo bajo la coproducci\u00f3n realizada en&nbsp;<strong>Francia en los estudios de Hedayat Music en Montrea<\/strong>l y en los estudios de&nbsp;<strong>La Cr\u00e9asph\u00e8re con el productor Diogo Ramos<\/strong>, adem\u00e1s, cont\u00f3 con el trabajo de producci\u00f3n en&nbsp;<strong>Brasil de Rodrigo Fonseca.&nbsp;<\/strong><\/p>\n\n\n\n<p><a href=\"https:\/\/www.instagram.com\/akawui\/\" target=\"_blank\" rel=\"noreferrer noopener\">Akawui<\/a>, es un artista que fusiona el&nbsp;<strong>hip-hop, rock, elementos de la m\u00fasica electr\u00f3nica, as\u00ed como canciones, sonidos folcl\u00f3ricos de todo el mundo,<\/strong>&nbsp;uniendo lo tribal con lo moderno. Se inici\u00f3 en la m\u00fasica en el a\u00f1o&nbsp;<strong>2009<\/strong>, actuando en numerosos festivales internacionales. Entre sus actuaciones m\u00e1s memorables hasta la fecha, es importante destacar el&nbsp;<strong>Festival Internacional de Jazz de Montr\u00e9al, le Festival d\u2019\u00e9t\u00e9 de Qu\u00e9bec, el Sunfest de London Ontario, WOMEX en La Coru\u00f1a Espa\u00f1a, Fluvial en Valdivia Chile y Circulart en Medell\u00edn Colombia.<\/strong><\/p>\n\n\n\n<p><a href=\"https:\/\/www.instagram.com\/akawui\/\" target=\"_blank\" rel=\"noreferrer noopener\">Akawui<\/a>, se distingue por las l\u00edricas profundas en cada una de sus creaciones, llevando un mensaje comprometido con la sociedad que cuenta la realidad de varias comunidades ind\u00edgenas,&nbsp; destacando la condici\u00f3n humana.<\/p>\n\n\n\n<figure class=\"wp-block-embed is-type-video is-provider-youtube wp-block-embed-youtube wp-embed-aspect-16-9 wp-has-aspect-ratio\"><div class=\"wp-block-embed__wrapper\">\n<div class=\"epyt-video-wrapper\"><iframe loading=\"lazy\"  id=\"_ytid_70666\"  width=\"800\" height=\"450\"  data-origwidth=\"800\" data-origheight=\"450\" src=\"https:\/\/www.youtube.com\/embed\/IJy7aKdOuT4?enablejsapi=1&#038;autoplay=0&#038;cc_load_policy=0&#038;cc_lang_pref=&#038;iv_load_policy=1&#038;loop=0&#038;rel=1&#038;fs=1&#038;playsinline=0&#038;autohide=2&#038;theme=dark&#038;color=red&#038;controls=1&#038;disablekb=0&#038;\" class=\"__youtube_prefs__  epyt-is-override  no-lazyload\" title=\"YouTube player\"  allow=\"fullscreen; accelerometer; autoplay; clipboard-write; encrypted-media; gyroscope; picture-in-picture; web-share\" referrerpolicy=\"strict-origin-when-cross-origin\" allowfullscreen data-no-lazy=\"1\" data-skipgform_ajax_framebjll=\"\"><\/iframe><\/div>\n<\/div><\/figure>\n","protected":false},"excerpt":{"rendered":"<div class=\"pvc_clear\"><\/div>\n<p id=\"pvc_stats_52656\" class=\"pvc_stats total_only  \" data-element-id=\"52656\" style=\"\"><i class=\"pvc-stats-icon large\" aria-hidden=\"true\"><svg aria-hidden=\"true\" focusable=\"false\" data-prefix=\"far\" data-icon=\"chart-bar\" role=\"img\" xmlns=\"http:\/\/www.w3.org\/2000\/svg\" viewBox=\"0 0 512 512\" class=\"svg-inline--fa fa-chart-bar fa-w-16 fa-2x\"><path fill=\"currentColor\" d=\"M396.8 352h22.4c6.4 0 12.8-6.4 12.8-12.8V108.8c0-6.4-6.4-12.8-12.8-12.8h-22.4c-6.4 0-12.8 6.4-12.8 12.8v230.4c0 6.4 6.4 12.8 12.8 12.8zm-192 0h22.4c6.4 0 12.8-6.4 12.8-12.8V140.8c0-6.4-6.4-12.8-12.8-12.8h-22.4c-6.4 0-12.8 6.4-12.8 12.8v198.4c0 6.4 6.4 12.8 12.8 12.8zm96 0h22.4c6.4 0 12.8-6.4 12.8-12.8V204.8c0-6.4-6.4-12.8-12.8-12.8h-22.4c-6.4 0-12.8 6.4-12.8 12.8v134.4c0 6.4 6.4 12.8 12.8 12.8zM496 400H48V80c0-8.84-7.16-16-16-16H16C7.16 64 0 71.16 0 80v336c0 17.67 14.33 32 32 32h464c8.84 0 16-7.16 16-16v-16c0-8.84-7.16-16-16-16zm-387.2-48h22.4c6.4 0 12.8-6.4 12.8-12.8v-70.4c0-6.4-6.4-12.8-12.8-12.8h-22.4c-6.4 0-12.8 6.4-12.8 12.8v70.4c0 6.4 6.4 12.8 12.8 12.8z\" class=\"\"><\/path><\/svg><\/i> <img loading=\"lazy\" decoding=\"async\" width=\"16\" height=\"16\" alt=\"Loading\" src=\"https:\/\/temucotelevision.cl\/web\/wp-content\/plugins\/page-views-count\/ajax-loader-2x.gif\" border=0 \/><\/p>\n<div class=\"pvc_clear\"><\/div>\n<p>Se trata de una reversi\u00f3n de la emblem\u00e1tica canci\u00f3n, de lucha y resistencia, compuesta por el grupo Quilapay\u00fan en el<\/p>\n","protected":false},"author":143,"featured_media":52661,"comment_status":"open","ping_status":"open","sticky":false,"template":"","format":"standard","meta":{"colormag_page_container_layout":"default_layout","colormag_page_sidebar_layout":"default_layout","footnotes":""},"categories":[369],"tags":[],"class_list":["post-52656","post","type-post","status-publish","format-standard","has-post-thumbnail","hentry","category-musica"],"a3_pvc":{"activated":true,"total_views":81,"today_views":0},"_links":{"self":[{"href":"https:\/\/temucotelevision.cl\/web\/wp-json\/wp\/v2\/posts\/52656","targetHints":{"allow":["GET"]}}],"collection":[{"href":"https:\/\/temucotelevision.cl\/web\/wp-json\/wp\/v2\/posts"}],"about":[{"href":"https:\/\/temucotelevision.cl\/web\/wp-json\/wp\/v2\/types\/post"}],"author":[{"embeddable":true,"href":"https:\/\/temucotelevision.cl\/web\/wp-json\/wp\/v2\/users\/143"}],"replies":[{"embeddable":true,"href":"https:\/\/temucotelevision.cl\/web\/wp-json\/wp\/v2\/comments?post=52656"}],"version-history":[{"count":1,"href":"https:\/\/temucotelevision.cl\/web\/wp-json\/wp\/v2\/posts\/52656\/revisions"}],"predecessor-version":[{"id":52662,"href":"https:\/\/temucotelevision.cl\/web\/wp-json\/wp\/v2\/posts\/52656\/revisions\/52662"}],"wp:featuredmedia":[{"embeddable":true,"href":"https:\/\/temucotelevision.cl\/web\/wp-json\/wp\/v2\/media\/52661"}],"wp:attachment":[{"href":"https:\/\/temucotelevision.cl\/web\/wp-json\/wp\/v2\/media?parent=52656"}],"wp:term":[{"taxonomy":"category","embeddable":true,"href":"https:\/\/temucotelevision.cl\/web\/wp-json\/wp\/v2\/categories?post=52656"},{"taxonomy":"post_tag","embeddable":true,"href":"https:\/\/temucotelevision.cl\/web\/wp-json\/wp\/v2\/tags?post=52656"}],"curies":[{"name":"wp","href":"https:\/\/api.w.org\/{rel}","templated":true}]}}