{"id":52647,"date":"2024-09-21T23:37:35","date_gmt":"2024-09-22T02:37:35","guid":{"rendered":"https:\/\/temucotelevision.cl\/web\/?p=52647"},"modified":"2024-09-21T23:37:36","modified_gmt":"2024-09-22T02:37:36","slug":"javier-loppez-integrante-de-la-reconocida-banda-argentina-juana-la-loca-presenta-su-ultimo-corte-discografico-miguel-angel","status":"publish","type":"post","link":"https:\/\/temucotelevision.cl\/web\/2024\/09\/21\/javier-loppez-integrante-de-la-reconocida-banda-argentina-juana-la-loca-presenta-su-ultimo-corte-discografico-miguel-angel\/","title":{"rendered":"Javier Loppez integrante de la reconocida banda argentina \u201cJuana La Loca\u201d presenta su \u00faltimo corte discogr\u00e1fico \u201cMiguel \u00c1ngel\u201d"},"content":{"rendered":"<div class=\"pvc_clear\"><\/div><p id=\"pvc_stats_52647\" class=\"pvc_stats total_only  \" data-element-id=\"52647\" style=\"\"><i class=\"pvc-stats-icon large\" aria-hidden=\"true\"><svg aria-hidden=\"true\" focusable=\"false\" data-prefix=\"far\" data-icon=\"chart-bar\" role=\"img\" xmlns=\"http:\/\/www.w3.org\/2000\/svg\" viewBox=\"0 0 512 512\" class=\"svg-inline--fa fa-chart-bar fa-w-16 fa-2x\"><path fill=\"currentColor\" d=\"M396.8 352h22.4c6.4 0 12.8-6.4 12.8-12.8V108.8c0-6.4-6.4-12.8-12.8-12.8h-22.4c-6.4 0-12.8 6.4-12.8 12.8v230.4c0 6.4 6.4 12.8 12.8 12.8zm-192 0h22.4c6.4 0 12.8-6.4 12.8-12.8V140.8c0-6.4-6.4-12.8-12.8-12.8h-22.4c-6.4 0-12.8 6.4-12.8 12.8v198.4c0 6.4 6.4 12.8 12.8 12.8zm96 0h22.4c6.4 0 12.8-6.4 12.8-12.8V204.8c0-6.4-6.4-12.8-12.8-12.8h-22.4c-6.4 0-12.8 6.4-12.8 12.8v134.4c0 6.4 6.4 12.8 12.8 12.8zM496 400H48V80c0-8.84-7.16-16-16-16H16C7.16 64 0 71.16 0 80v336c0 17.67 14.33 32 32 32h464c8.84 0 16-7.16 16-16v-16c0-8.84-7.16-16-16-16zm-387.2-48h22.4c6.4 0 12.8-6.4 12.8-12.8v-70.4c0-6.4-6.4-12.8-12.8-12.8h-22.4c-6.4 0-12.8 6.4-12.8 12.8v70.4c0 6.4 6.4 12.8 12.8 12.8z\" class=\"\"><\/path><\/svg><\/i> <img loading=\"lazy\" decoding=\"async\" width=\"16\" height=\"16\" alt=\"Loading\" src=\"https:\/\/temucotelevision.cl\/web\/wp-content\/plugins\/page-views-count\/ajax-loader-2x.gif\" border=0 \/><\/p><div class=\"pvc_clear\"><\/div>\n<p>El artista&nbsp;<strong>Javier Loppez&nbsp;<\/strong>integrante de la reconocida&nbsp;banda<strong>&nbsp;\u201cJuana La Loca\u201d&nbsp;<\/strong>lanz\u00f3 su \u00faltimo corte discogr\u00e1fico<strong>&nbsp;\u201c<\/strong><strong>Miguel \u00c1ngel<\/strong><strong>\u201d,&nbsp;<\/strong>bajo su proyecto m\u00e1s personal&nbsp;<strong>Ludomatic&nbsp;<\/strong><strong>(<\/strong><strong>LMTC<\/strong><strong>).<\/strong><\/p>\n\n\n\n<p><strong>\u201cMiguel \u00c1ngel representa la hermandad que tengo con la canci\u00f3n y la sincera expresi\u00f3n de una melod\u00eda<\/strong><strong>\u201d<\/strong>, revel\u00f3 Javier Loppez.<\/p>\n\n\n\n<p><strong>Miguel \u00c1ngel&nbsp;<\/strong>corresponde al tercer \u00e1lbum de&nbsp;<strong>LMTC<\/strong><strong>,&nbsp;<\/strong>cuyo material rinde un homenaje en honor a la memoria de su hermano.<\/p>\n\n\n\n<p><strong>\u201cHacer Miguel \u00c1ngel me hizo interactuar en todo, tratar de comunicarme con una persona que ya no est\u00e1 en este plano, mi hermano. No pod\u00eda lograr el link art\u00edstico sin caer en lo sentimental y lo derrotado que una persona puede sentirse por las ausencias<\/strong><strong>\u201d<\/strong>, resalt\u00f3 Javier Loppez.<\/p>\n\n\n\n<p>En su composici\u00f3n m\u00e1s sentimental y significativa, el cantautor&nbsp;<strong>Javier Loppez&nbsp;<\/strong>fusiona una portaeestudio, sintes, guitarras y sampler para materializar&nbsp;<strong>Miguel \u00c1ngel<\/strong>,&nbsp;su obra musical creada en 2022, tras haber sufrido un accidente.<\/p>\n\n\n\n<p>El \u00e1lbum est\u00e1 compuesto por siete canciones que despiertan la emotividad desde principio a fin.&nbsp; Es as\u00ed que&nbsp;<strong>Miguel \u00c1ngel<\/strong>&nbsp;nos transporta a melod\u00edas e intenciones que desembocan en climas de synth pop, club y rock con psicodelia de bandas de los 70.<\/p>\n\n\n\n<p><strong>Ludomatic<\/strong>&nbsp;elev\u00f3 una vez m\u00e1s su apuesta musical en el cual logr\u00f3 alcanzar un climax de frescura y modernidad. Las guitarras en su m\u00e1xima expresi\u00f3n se hacen presentes sin escr\u00fapulos al momento de distorsionar. Otros de los condimentos son: bajos bailables, grooves de bater\u00edas tanto ac\u00fasticas como electr\u00f3nicas, orquestaciones de cuerdas y voces con sensibilidad shoegaze remiten a trabajos de la talla de&nbsp;<strong>Mac DeMarco<\/strong>,&nbsp;<strong>Tame Impala<\/strong>,&nbsp;<strong>Jef Barbara<\/strong>,&nbsp;<strong>Jhonny Marr<\/strong>,&nbsp;<strong>Wild Nothing<\/strong>, entre otros.<\/p>\n\n\n\n<p>Entre el a\u00f1o 2022 y 2023 finalmente se grab\u00f3&nbsp;<strong>Miguel \u00c1NGEL<\/strong>&nbsp;en los estudios de&nbsp;<strong>Magdalena Sound Records,&nbsp;<\/strong>mezclado y masterizado en&nbsp;<strong>8Brits,&nbsp;<\/strong>estudios alojados en<strong>&nbsp;Zona Oeste.<\/strong><\/p>\n\n\n\n<p><strong>\u201cCada canci\u00f3n tiene un matiz oculto, una infancia de juegos que se puede ver en los espacios entre las letras. La transformaci\u00f3n que va sucediendo en cada uno sin darse cuenta que sucedi\u00f3, la magia, la nueva vida, lo que uno m\u00e1s va a extra\u00f1ar, y el faro secreto que esa persona representa a cada obst\u00e1culo o reto que se nos cruza\u201d,<\/strong>&nbsp;destac\u00f3 Javier Loppez.<\/p>\n\n\n\n<p>Este \u00faltimo EP&nbsp;<strong>&lt;&lt;MIGUEL \u00c1NGEL&gt;&gt;<\/strong>&nbsp;tuvo la participaci\u00f3n de importantes artistas, tales como,&nbsp;<strong>Aitor Gra\u00f1a<\/strong>&nbsp;(ex baterista de&nbsp;<strong>Juana La Loca<\/strong>&nbsp;y ex miembro de&nbsp;<strong>Virus<\/strong>) en bater\u00eda,&nbsp;<strong>Adri\u00e1n Fino Crivelli<\/strong>&nbsp;(<strong>Alfonso El Pintor<\/strong>&nbsp;y&nbsp;<strong>DDT)<\/strong>, y&nbsp;<strong>Carlos Palma<\/strong>&nbsp;en bajo,&nbsp;<strong>Leandro Battaglia<\/strong>&nbsp;(<strong>Bodie y La Flota Plateada<\/strong>) en guitarras y coros y&nbsp;<strong>Javier Loppez&nbsp;<\/strong>(Tecladista de&nbsp;<strong>Juana La Loca&nbsp;<\/strong>y ex<strong>&nbsp;La Fuerza Suave<\/strong>,&nbsp;la banda de<strong>&nbsp;Palo Pandolfo<\/strong>), en voces, sintes y programaciones.<\/p>\n\n\n\n<p><strong>La gran noche de&nbsp;<\/strong><strong>Ludomatic<\/strong><strong>&nbsp;para su presentaci\u00f3n oficial en vivo del \u00faltimo corte discogr\u00e1fico \u201c<\/strong><strong>Miguel \u00c1ngel<\/strong><strong>\u201d tendr\u00e1 lugar junto a la banda&nbsp;<\/strong><strong>Los Andes&nbsp;<\/strong><strong>el 9 de noviembre, 2024 a las 20:30 HS en&nbsp;<\/strong><strong>Mixar Music<\/strong><strong>, Roseti 2118, CABA.<\/strong><\/p>\n\n\n\n<figure class=\"wp-block-embed is-type-rich is-provider-spotify wp-block-embed-spotify wp-embed-aspect-21-9 wp-has-aspect-ratio\"><div class=\"wp-block-embed__wrapper\">\n<iframe title=\"Spotify Embed: MIGUEL ANGEL\" style=\"border-radius: 12px\" width=\"100%\" height=\"352\" frameborder=\"0\" allowfullscreen allow=\"autoplay; clipboard-write; encrypted-media; fullscreen; picture-in-picture\" loading=\"lazy\" src=\"https:\/\/open.spotify.com\/embed\/album\/4TeEqUNX0TxwUbbvAroZGr?si=AVc_xEkGSa6DIBnwMYsjPg&#038;utm_source=oembed\"><\/iframe>\n<\/div><\/figure>\n","protected":false},"excerpt":{"rendered":"<div class=\"pvc_clear\"><\/div>\n<p id=\"pvc_stats_52647\" class=\"pvc_stats total_only  \" data-element-id=\"52647\" style=\"\"><i class=\"pvc-stats-icon large\" aria-hidden=\"true\"><svg aria-hidden=\"true\" focusable=\"false\" data-prefix=\"far\" data-icon=\"chart-bar\" role=\"img\" xmlns=\"http:\/\/www.w3.org\/2000\/svg\" viewBox=\"0 0 512 512\" class=\"svg-inline--fa fa-chart-bar fa-w-16 fa-2x\"><path fill=\"currentColor\" d=\"M396.8 352h22.4c6.4 0 12.8-6.4 12.8-12.8V108.8c0-6.4-6.4-12.8-12.8-12.8h-22.4c-6.4 0-12.8 6.4-12.8 12.8v230.4c0 6.4 6.4 12.8 12.8 12.8zm-192 0h22.4c6.4 0 12.8-6.4 12.8-12.8V140.8c0-6.4-6.4-12.8-12.8-12.8h-22.4c-6.4 0-12.8 6.4-12.8 12.8v198.4c0 6.4 6.4 12.8 12.8 12.8zm96 0h22.4c6.4 0 12.8-6.4 12.8-12.8V204.8c0-6.4-6.4-12.8-12.8-12.8h-22.4c-6.4 0-12.8 6.4-12.8 12.8v134.4c0 6.4 6.4 12.8 12.8 12.8zM496 400H48V80c0-8.84-7.16-16-16-16H16C7.16 64 0 71.16 0 80v336c0 17.67 14.33 32 32 32h464c8.84 0 16-7.16 16-16v-16c0-8.84-7.16-16-16-16zm-387.2-48h22.4c6.4 0 12.8-6.4 12.8-12.8v-70.4c0-6.4-6.4-12.8-12.8-12.8h-22.4c-6.4 0-12.8 6.4-12.8 12.8v70.4c0 6.4 6.4 12.8 12.8 12.8z\" class=\"\"><\/path><\/svg><\/i> <img loading=\"lazy\" decoding=\"async\" width=\"16\" height=\"16\" alt=\"Loading\" src=\"https:\/\/temucotelevision.cl\/web\/wp-content\/plugins\/page-views-count\/ajax-loader-2x.gif\" border=0 \/><\/p>\n<div class=\"pvc_clear\"><\/div>\n<p>El artista&nbsp;Javier Loppez&nbsp;integrante de la reconocida&nbsp;banda&nbsp;\u201cJuana La Loca\u201d&nbsp;lanz\u00f3 su \u00faltimo corte discogr\u00e1fico&nbsp;\u201cMiguel \u00c1ngel\u201d,&nbsp;bajo su proyecto m\u00e1s personal&nbsp;Ludomatic&nbsp;(LMTC). \u201cMiguel \u00c1ngel representa<\/p>\n","protected":false},"author":143,"featured_media":52648,"comment_status":"open","ping_status":"open","sticky":false,"template":"","format":"standard","meta":{"colormag_page_container_layout":"default_layout","colormag_page_sidebar_layout":"default_layout","footnotes":""},"categories":[369],"tags":[],"class_list":["post-52647","post","type-post","status-publish","format-standard","has-post-thumbnail","hentry","category-musica"],"a3_pvc":{"activated":true,"total_views":66,"today_views":1},"_links":{"self":[{"href":"https:\/\/temucotelevision.cl\/web\/wp-json\/wp\/v2\/posts\/52647","targetHints":{"allow":["GET"]}}],"collection":[{"href":"https:\/\/temucotelevision.cl\/web\/wp-json\/wp\/v2\/posts"}],"about":[{"href":"https:\/\/temucotelevision.cl\/web\/wp-json\/wp\/v2\/types\/post"}],"author":[{"embeddable":true,"href":"https:\/\/temucotelevision.cl\/web\/wp-json\/wp\/v2\/users\/143"}],"replies":[{"embeddable":true,"href":"https:\/\/temucotelevision.cl\/web\/wp-json\/wp\/v2\/comments?post=52647"}],"version-history":[{"count":1,"href":"https:\/\/temucotelevision.cl\/web\/wp-json\/wp\/v2\/posts\/52647\/revisions"}],"predecessor-version":[{"id":52649,"href":"https:\/\/temucotelevision.cl\/web\/wp-json\/wp\/v2\/posts\/52647\/revisions\/52649"}],"wp:featuredmedia":[{"embeddable":true,"href":"https:\/\/temucotelevision.cl\/web\/wp-json\/wp\/v2\/media\/52648"}],"wp:attachment":[{"href":"https:\/\/temucotelevision.cl\/web\/wp-json\/wp\/v2\/media?parent=52647"}],"wp:term":[{"taxonomy":"category","embeddable":true,"href":"https:\/\/temucotelevision.cl\/web\/wp-json\/wp\/v2\/categories?post=52647"},{"taxonomy":"post_tag","embeddable":true,"href":"https:\/\/temucotelevision.cl\/web\/wp-json\/wp\/v2\/tags?post=52647"}],"curies":[{"name":"wp","href":"https:\/\/api.w.org\/{rel}","templated":true}]}}