{"id":52644,"date":"2024-09-21T19:58:31","date_gmt":"2024-09-21T22:58:31","guid":{"rendered":"https:\/\/temucotelevision.cl\/web\/?p=52644"},"modified":"2024-09-21T19:58:32","modified_gmt":"2024-09-21T22:58:32","slug":"tragedia-en-temuco-vehiculo-cae-al-rio-cautin-desde-el-puente-conductor-pierde-la-vida","status":"publish","type":"post","link":"https:\/\/temucotelevision.cl\/web\/2024\/09\/21\/tragedia-en-temuco-vehiculo-cae-al-rio-cautin-desde-el-puente-conductor-pierde-la-vida\/","title":{"rendered":"Tragedia en Temuco: Veh\u00edculo cae al r\u00edo Caut\u00edn desde el puente, conductor pierde la vida"},"content":{"rendered":"<div class=\"pvc_clear\"><\/div><p id=\"pvc_stats_52644\" class=\"pvc_stats total_only  \" data-element-id=\"52644\" style=\"\"><i class=\"pvc-stats-icon large\" aria-hidden=\"true\"><svg aria-hidden=\"true\" focusable=\"false\" data-prefix=\"far\" data-icon=\"chart-bar\" role=\"img\" xmlns=\"http:\/\/www.w3.org\/2000\/svg\" viewBox=\"0 0 512 512\" class=\"svg-inline--fa fa-chart-bar fa-w-16 fa-2x\"><path fill=\"currentColor\" d=\"M396.8 352h22.4c6.4 0 12.8-6.4 12.8-12.8V108.8c0-6.4-6.4-12.8-12.8-12.8h-22.4c-6.4 0-12.8 6.4-12.8 12.8v230.4c0 6.4 6.4 12.8 12.8 12.8zm-192 0h22.4c6.4 0 12.8-6.4 12.8-12.8V140.8c0-6.4-6.4-12.8-12.8-12.8h-22.4c-6.4 0-12.8 6.4-12.8 12.8v198.4c0 6.4 6.4 12.8 12.8 12.8zm96 0h22.4c6.4 0 12.8-6.4 12.8-12.8V204.8c0-6.4-6.4-12.8-12.8-12.8h-22.4c-6.4 0-12.8 6.4-12.8 12.8v134.4c0 6.4 6.4 12.8 12.8 12.8zM496 400H48V80c0-8.84-7.16-16-16-16H16C7.16 64 0 71.16 0 80v336c0 17.67 14.33 32 32 32h464c8.84 0 16-7.16 16-16v-16c0-8.84-7.16-16-16-16zm-387.2-48h22.4c6.4 0 12.8-6.4 12.8-12.8v-70.4c0-6.4-6.4-12.8-12.8-12.8h-22.4c-6.4 0-12.8 6.4-12.8 12.8v70.4c0 6.4 6.4 12.8 12.8 12.8z\" class=\"\"><\/path><\/svg><\/i> <img loading=\"lazy\" decoding=\"async\" width=\"16\" height=\"16\" alt=\"Loading\" src=\"https:\/\/temucotelevision.cl\/web\/wp-content\/plugins\/page-views-count\/ajax-loader-2x.gif\" border=0 \/><\/p><div class=\"pvc_clear\"><\/div>\n<p>Esta ma\u00f1ana, alrededor de las 8:45 horas, un lamentable accidente conmocion\u00f3 a los habitantes de Temuco. Carabineros recibi\u00f3 un llamado de emergencia al 133 alertando sobre un veh\u00edculo que, por razones a\u00fan desconocidas, perdi\u00f3 el control y arras\u00f3 con la barrera de contenci\u00f3n del Puente Caut\u00edn, precipit\u00e1ndose al r\u00edo.<\/p>\n\n\n\n<p>De inmediato, personal de Carabineros se traslad\u00f3 al lugar junto a un equipo especializado del Grupo de Operaciones Policiales Especiales (Gope), que cont\u00f3 con la participaci\u00f3n de buzos t\u00e1cticos para las labores de rescate. Tras un intenso operativo conjunto con Bomberos, lograron dar con el veh\u00edculo, encontrando en su interior el cuerpo sin vida de un hombre de 42 a\u00f1os, cuya identidad no ha sido revelada hasta el momento.<\/p>\n\n\n\n<p>El fiscal de turno orden\u00f3 la intervenci\u00f3n de la Secci\u00f3n de Investigaci\u00f3n de Accidentes de Tr\u00e1nsito (SIAT), la cual trabaj\u00f3 en la zona para determinar las causas exactas del accidente. Se espera que las primeras pericias puedan arrojar m\u00e1s informaci\u00f3n sobre lo ocurrido en las pr\u00f3ximas horas.<\/p>\n\n\n\n<p>Las autoridades han hecho un llamado a la prudencia en la conducci\u00f3n, mientras esperan esclarecer las circunstancias que llevaron a esta tragedia.<\/p>\n","protected":false},"excerpt":{"rendered":"<div class=\"pvc_clear\"><\/div>\n<p id=\"pvc_stats_52644\" class=\"pvc_stats total_only  \" data-element-id=\"52644\" style=\"\"><i class=\"pvc-stats-icon large\" aria-hidden=\"true\"><svg aria-hidden=\"true\" focusable=\"false\" data-prefix=\"far\" data-icon=\"chart-bar\" role=\"img\" xmlns=\"http:\/\/www.w3.org\/2000\/svg\" viewBox=\"0 0 512 512\" class=\"svg-inline--fa fa-chart-bar fa-w-16 fa-2x\"><path fill=\"currentColor\" d=\"M396.8 352h22.4c6.4 0 12.8-6.4 12.8-12.8V108.8c0-6.4-6.4-12.8-12.8-12.8h-22.4c-6.4 0-12.8 6.4-12.8 12.8v230.4c0 6.4 6.4 12.8 12.8 12.8zm-192 0h22.4c6.4 0 12.8-6.4 12.8-12.8V140.8c0-6.4-6.4-12.8-12.8-12.8h-22.4c-6.4 0-12.8 6.4-12.8 12.8v198.4c0 6.4 6.4 12.8 12.8 12.8zm96 0h22.4c6.4 0 12.8-6.4 12.8-12.8V204.8c0-6.4-6.4-12.8-12.8-12.8h-22.4c-6.4 0-12.8 6.4-12.8 12.8v134.4c0 6.4 6.4 12.8 12.8 12.8zM496 400H48V80c0-8.84-7.16-16-16-16H16C7.16 64 0 71.16 0 80v336c0 17.67 14.33 32 32 32h464c8.84 0 16-7.16 16-16v-16c0-8.84-7.16-16-16-16zm-387.2-48h22.4c6.4 0 12.8-6.4 12.8-12.8v-70.4c0-6.4-6.4-12.8-12.8-12.8h-22.4c-6.4 0-12.8 6.4-12.8 12.8v70.4c0 6.4 6.4 12.8 12.8 12.8z\" class=\"\"><\/path><\/svg><\/i> <img loading=\"lazy\" decoding=\"async\" width=\"16\" height=\"16\" alt=\"Loading\" src=\"https:\/\/temucotelevision.cl\/web\/wp-content\/plugins\/page-views-count\/ajax-loader-2x.gif\" border=0 \/><\/p>\n<div class=\"pvc_clear\"><\/div>\n<p>Esta ma\u00f1ana, alrededor de las 8:45 horas, un lamentable accidente conmocion\u00f3 a los habitantes de Temuco. Carabineros recibi\u00f3 un llamado<\/p>\n","protected":false},"author":1,"featured_media":52645,"comment_status":"open","ping_status":"open","sticky":false,"template":"","format":"standard","meta":{"colormag_page_container_layout":"default_layout","colormag_page_sidebar_layout":"default_layout","footnotes":""},"categories":[15],"tags":[1222],"class_list":["post-52644","post","type-post","status-publish","format-standard","has-post-thumbnail","hentry","category-la-araucania","tag-conductor"],"a3_pvc":{"activated":true,"total_views":7693,"today_views":0},"_links":{"self":[{"href":"https:\/\/temucotelevision.cl\/web\/wp-json\/wp\/v2\/posts\/52644","targetHints":{"allow":["GET"]}}],"collection":[{"href":"https:\/\/temucotelevision.cl\/web\/wp-json\/wp\/v2\/posts"}],"about":[{"href":"https:\/\/temucotelevision.cl\/web\/wp-json\/wp\/v2\/types\/post"}],"author":[{"embeddable":true,"href":"https:\/\/temucotelevision.cl\/web\/wp-json\/wp\/v2\/users\/1"}],"replies":[{"embeddable":true,"href":"https:\/\/temucotelevision.cl\/web\/wp-json\/wp\/v2\/comments?post=52644"}],"version-history":[{"count":1,"href":"https:\/\/temucotelevision.cl\/web\/wp-json\/wp\/v2\/posts\/52644\/revisions"}],"predecessor-version":[{"id":52646,"href":"https:\/\/temucotelevision.cl\/web\/wp-json\/wp\/v2\/posts\/52644\/revisions\/52646"}],"wp:featuredmedia":[{"embeddable":true,"href":"https:\/\/temucotelevision.cl\/web\/wp-json\/wp\/v2\/media\/52645"}],"wp:attachment":[{"href":"https:\/\/temucotelevision.cl\/web\/wp-json\/wp\/v2\/media?parent=52644"}],"wp:term":[{"taxonomy":"category","embeddable":true,"href":"https:\/\/temucotelevision.cl\/web\/wp-json\/wp\/v2\/categories?post=52644"},{"taxonomy":"post_tag","embeddable":true,"href":"https:\/\/temucotelevision.cl\/web\/wp-json\/wp\/v2\/tags?post=52644"}],"curies":[{"name":"wp","href":"https:\/\/api.w.org\/{rel}","templated":true}]}}