{"id":52633,"date":"2024-09-20T20:45:09","date_gmt":"2024-09-20T23:45:09","guid":{"rendered":"https:\/\/temucotelevision.cl\/web\/?p=52633"},"modified":"2024-09-20T20:47:36","modified_gmt":"2024-09-20T23:47:36","slug":"carabineros-detiene-a-ciudadano-colombiano-con-161-kilos-de-marihuana-creepy-gracias-al-olfato-de-dubai","status":"publish","type":"post","link":"https:\/\/temucotelevision.cl\/web\/2024\/09\/20\/carabineros-detiene-a-ciudadano-colombiano-con-161-kilos-de-marihuana-creepy-gracias-al-olfato-de-dubai\/","title":{"rendered":"Carabineros detiene a ciudadano Colombiano con 161 Kilos de marihuana Creepy gracias al olfato de \u201cDubai\u201d"},"content":{"rendered":"<div class=\"pvc_clear\"><\/div><p id=\"pvc_stats_52633\" class=\"pvc_stats total_only  \" data-element-id=\"52633\" style=\"\"><i class=\"pvc-stats-icon large\" aria-hidden=\"true\"><svg aria-hidden=\"true\" focusable=\"false\" data-prefix=\"far\" data-icon=\"chart-bar\" role=\"img\" xmlns=\"http:\/\/www.w3.org\/2000\/svg\" viewBox=\"0 0 512 512\" class=\"svg-inline--fa fa-chart-bar fa-w-16 fa-2x\"><path fill=\"currentColor\" d=\"M396.8 352h22.4c6.4 0 12.8-6.4 12.8-12.8V108.8c0-6.4-6.4-12.8-12.8-12.8h-22.4c-6.4 0-12.8 6.4-12.8 12.8v230.4c0 6.4 6.4 12.8 12.8 12.8zm-192 0h22.4c6.4 0 12.8-6.4 12.8-12.8V140.8c0-6.4-6.4-12.8-12.8-12.8h-22.4c-6.4 0-12.8 6.4-12.8 12.8v198.4c0 6.4 6.4 12.8 12.8 12.8zm96 0h22.4c6.4 0 12.8-6.4 12.8-12.8V204.8c0-6.4-6.4-12.8-12.8-12.8h-22.4c-6.4 0-12.8 6.4-12.8 12.8v134.4c0 6.4 6.4 12.8 12.8 12.8zM496 400H48V80c0-8.84-7.16-16-16-16H16C7.16 64 0 71.16 0 80v336c0 17.67 14.33 32 32 32h464c8.84 0 16-7.16 16-16v-16c0-8.84-7.16-16-16-16zm-387.2-48h22.4c6.4 0 12.8-6.4 12.8-12.8v-70.4c0-6.4-6.4-12.8-12.8-12.8h-22.4c-6.4 0-12.8 6.4-12.8 12.8v70.4c0 6.4 6.4 12.8 12.8 12.8z\" class=\"\"><\/path><\/svg><\/i> <img loading=\"lazy\" decoding=\"async\" width=\"16\" height=\"16\" alt=\"Loading\" src=\"https:\/\/temucotelevision.cl\/web\/wp-content\/plugins\/page-views-count\/ajax-loader-2x.gif\" border=0 \/><\/p><div class=\"pvc_clear\"><\/div>\n<p>Un ciudadano colombiano fue detenido. Olfato del perro policial \u201cDubai\u201d fue fundamental para detectar la droga que era traslada por la Ruta 5 Sur e iba a ser comercializada en estas Fiesta Patrias.<\/p>\n\n\n\n<p>En un operativo que quedar\u00e1 grabado en la historia de la lucha contra el narcotr\u00e1fico en La Araucan\u00eda, Carabineros del OS-7 llev\u00f3 a cabo una de las m\u00e1s importantes incautaciones de droga de la \u00faltima d\u00e9cada: 161 kilos de marihuana Creepy.<\/p>\n\n\n\n<p>Este golpe al crimen organizado, que refleja la eficiencia y profesionalismo del trabajo de Carabineros en la Regi\u00f3n, cont\u00f3 con el protagonismo del perro policial \u201cDubai\u201d, de raza Goldador, cuyas t\u00e9cnicas olfativas fueron fundamentales para la detecci\u00f3n de la droga, la cual era traslada por la Ruta 5 Sur en veh\u00edculo Peugeot modelo Partner a\u00f1o 2016, conducido por un ciudadano colombiano, de 40 a\u00f1os, con antecedentes penales, quien fue detenido al instante.<\/p>\n\n\n\n<p>Todo esto, en el contexto de los servicios operativos preventivos y de control desplegados por Carabineros de La Araucan\u00eda con motivo de las Fiestas Patrias 2024.<\/p>\n\n\n\n<p>\u201cLos efectivos antidrogas de Carabineros de Chile, proceden a hacer un control m\u00e1s profundo con este can adiestrado para la detecci\u00f3n de distintas sustancias il\u00edcitas. Una vez que el ejemplar canino hace una marcaci\u00f3n positiva respecto de seis sacos de gran tama\u00f1o que se transportaban en este veh\u00edculo, se logra establecer que correspond\u00edan a 150 paquetes de droga, con un peso de 161 kilos, espec\u00edficamente marihuana conocida como gourmet o tambi\u00e9n como Creepy, la que tiene un valor mucho m\u00e1s alto que la marihuana normal\u201d, precis\u00f3 el General Manuel Cifuentes, Jefe de la Zona de Carabineros \u201cAraucan\u00eda\u201d.<\/p>\n\n\n\n<p>Carabineros precis\u00f3 que el hist\u00f3rico decomiso, equivale a 323.568 dosis sacadas de circulaci\u00f3n, avaluadas en 1.617.840 millones de pesos.<\/p>\n\n\n\n<p>\u201cEstos traficantes si creen que con motivo de las Fiestas Patrias no van a haber controles carreteros especializados de Carabineros est\u00e1n equivocados, seguimos en forma presente en estos d\u00edas especialmente\u201d, advirti\u00f3 el General Cifuentes.<\/p>\n\n\n\n<p>En tanto, el Fiscal Alberto Chiffelle, precis\u00f3 que el detenido fue presentado a la audiencia de control de detenci\u00f3n y formalizaci\u00f3n de cargos, logrando el Ministerio P\u00fablico la prisi\u00f3n preventiva en su contra por el delito de tr\u00e1fico de drogas, \u201cel ciudadano colombiano detenido ya fue formalizado y se encuentra en prisi\u00f3n preventiva. Nosotros como Fiscal\u00eda con OS-7 estamos realizando diversas investigaciones, estos alrededor de 160 kilos de marihuana no son de producci\u00f3n nacional, son de producci\u00f3n extranjera, esto es obviamente un golpe a una red de tr\u00e1fico y vamos a desarrollar diligencias e investigar para detener no solo al transportista, sino a los financistas y due\u00f1os de esta droga\u201d.<\/p>\n\n\n\n<div class=\"wp-block-media-text is-stacked-on-mobile\" style=\"grid-template-columns:60% auto\"><figure class=\"wp-block-media-text__media\"><video controls src=\"https:\/\/temucotelevision.cl\/web\/wp-content\/uploads\/2024\/09\/WhatsApp-Video-2024-09-20-at-19.44.34.mp4\"><\/video><\/figure><div class=\"wp-block-media-text__content\">\n<p>Finalmente, el Delegado Presidencial de La Araucan\u00eda, Jos\u00e9 Montalva, destac\u00f3 que \u201ceste trabajo que se est\u00e1 realizando por Carabineros y en particular por \u2018Dubai\u2019 da resultados y lo estamos viendo el d\u00eda de hoy con una de las incautaciones (de droga) m\u00e1s grandes en los \u00faltimos 10 a\u00f1os. Quiero felicitar el trabajo que se hace permanentemente en base a una estrategia, con una mirada de dar golpes al crimen organizado para dar seguridad a los vecinos y vecinas de nuestra Regi\u00f3n\u201d, cerr\u00f3 la autoridad.<\/p>\n\n\n\n<p><\/p>\n<\/div><\/div>\n\n\n\n<figure class=\"wp-block-image size-large\"><img loading=\"lazy\" decoding=\"async\" width=\"1000\" height=\"750\" src=\"https:\/\/temucotelevision.cl\/web\/wp-content\/uploads\/2024\/09\/WhatsApp-Image-2024-09-20-at-19.44.32-2-1000x750.jpeg\" alt=\"\" class=\"wp-image-52635\" srcset=\"https:\/\/temucotelevision.cl\/web\/wp-content\/uploads\/2024\/09\/WhatsApp-Image-2024-09-20-at-19.44.32-2-1000x750.jpeg 1000w, https:\/\/temucotelevision.cl\/web\/wp-content\/uploads\/2024\/09\/WhatsApp-Image-2024-09-20-at-19.44.32-2-768x576.jpeg 768w, https:\/\/temucotelevision.cl\/web\/wp-content\/uploads\/2024\/09\/WhatsApp-Image-2024-09-20-at-19.44.32-2-1536x1152.jpeg 1536w, https:\/\/temucotelevision.cl\/web\/wp-content\/uploads\/2024\/09\/WhatsApp-Image-2024-09-20-at-19.44.32-2-2048x1536.jpeg 2048w\" sizes=\"auto, (max-width: 1000px) 100vw, 1000px\" \/><\/figure>\n\n\n\n<p><\/p>\n","protected":false},"excerpt":{"rendered":"<div class=\"pvc_clear\"><\/div>\n<p id=\"pvc_stats_52633\" class=\"pvc_stats total_only  \" data-element-id=\"52633\" style=\"\"><i class=\"pvc-stats-icon large\" aria-hidden=\"true\"><svg aria-hidden=\"true\" focusable=\"false\" data-prefix=\"far\" data-icon=\"chart-bar\" role=\"img\" xmlns=\"http:\/\/www.w3.org\/2000\/svg\" viewBox=\"0 0 512 512\" class=\"svg-inline--fa fa-chart-bar fa-w-16 fa-2x\"><path fill=\"currentColor\" d=\"M396.8 352h22.4c6.4 0 12.8-6.4 12.8-12.8V108.8c0-6.4-6.4-12.8-12.8-12.8h-22.4c-6.4 0-12.8 6.4-12.8 12.8v230.4c0 6.4 6.4 12.8 12.8 12.8zm-192 0h22.4c6.4 0 12.8-6.4 12.8-12.8V140.8c0-6.4-6.4-12.8-12.8-12.8h-22.4c-6.4 0-12.8 6.4-12.8 12.8v198.4c0 6.4 6.4 12.8 12.8 12.8zm96 0h22.4c6.4 0 12.8-6.4 12.8-12.8V204.8c0-6.4-6.4-12.8-12.8-12.8h-22.4c-6.4 0-12.8 6.4-12.8 12.8v134.4c0 6.4 6.4 12.8 12.8 12.8zM496 400H48V80c0-8.84-7.16-16-16-16H16C7.16 64 0 71.16 0 80v336c0 17.67 14.33 32 32 32h464c8.84 0 16-7.16 16-16v-16c0-8.84-7.16-16-16-16zm-387.2-48h22.4c6.4 0 12.8-6.4 12.8-12.8v-70.4c0-6.4-6.4-12.8-12.8-12.8h-22.4c-6.4 0-12.8 6.4-12.8 12.8v70.4c0 6.4 6.4 12.8 12.8 12.8z\" class=\"\"><\/path><\/svg><\/i> <img loading=\"lazy\" decoding=\"async\" width=\"16\" height=\"16\" alt=\"Loading\" src=\"https:\/\/temucotelevision.cl\/web\/wp-content\/plugins\/page-views-count\/ajax-loader-2x.gif\" border=0 \/><\/p>\n<div class=\"pvc_clear\"><\/div>\n<p>Un ciudadano colombiano fue detenido. Olfato del perro policial \u201cDubai\u201d fue fundamental para detectar la droga que era traslada por<\/p>\n","protected":false},"author":1,"featured_media":52634,"comment_status":"open","ping_status":"open","sticky":false,"template":"","format":"standard","meta":{"colormag_page_container_layout":"default_layout","colormag_page_sidebar_layout":"default_layout","footnotes":""},"categories":[16],"tags":[618],"class_list":["post-52633","post","type-post","status-publish","format-standard","has-post-thumbnail","hentry","category-policial","tag-marihuana"],"a3_pvc":{"activated":true,"total_views":8029,"today_views":0},"_links":{"self":[{"href":"https:\/\/temucotelevision.cl\/web\/wp-json\/wp\/v2\/posts\/52633","targetHints":{"allow":["GET"]}}],"collection":[{"href":"https:\/\/temucotelevision.cl\/web\/wp-json\/wp\/v2\/posts"}],"about":[{"href":"https:\/\/temucotelevision.cl\/web\/wp-json\/wp\/v2\/types\/post"}],"author":[{"embeddable":true,"href":"https:\/\/temucotelevision.cl\/web\/wp-json\/wp\/v2\/users\/1"}],"replies":[{"embeddable":true,"href":"https:\/\/temucotelevision.cl\/web\/wp-json\/wp\/v2\/comments?post=52633"}],"version-history":[{"count":3,"href":"https:\/\/temucotelevision.cl\/web\/wp-json\/wp\/v2\/posts\/52633\/revisions"}],"predecessor-version":[{"id":52640,"href":"https:\/\/temucotelevision.cl\/web\/wp-json\/wp\/v2\/posts\/52633\/revisions\/52640"}],"wp:featuredmedia":[{"embeddable":true,"href":"https:\/\/temucotelevision.cl\/web\/wp-json\/wp\/v2\/media\/52634"}],"wp:attachment":[{"href":"https:\/\/temucotelevision.cl\/web\/wp-json\/wp\/v2\/media?parent=52633"}],"wp:term":[{"taxonomy":"category","embeddable":true,"href":"https:\/\/temucotelevision.cl\/web\/wp-json\/wp\/v2\/categories?post=52633"},{"taxonomy":"post_tag","embeddable":true,"href":"https:\/\/temucotelevision.cl\/web\/wp-json\/wp\/v2\/tags?post=52633"}],"curies":[{"name":"wp","href":"https:\/\/api.w.org\/{rel}","templated":true}]}}