{"id":52629,"date":"2024-09-20T15:25:37","date_gmt":"2024-09-20T18:25:37","guid":{"rendered":"https:\/\/temucotelevision.cl\/web\/?p=52629"},"modified":"2024-09-21T00:16:37","modified_gmt":"2024-09-21T03:16:37","slug":"ballet-costa-araucania-triunfa-en-china-y-apunta-al-podio-en-competencia-internacional-en-corea","status":"publish","type":"post","link":"https:\/\/temucotelevision.cl\/web\/2024\/09\/20\/ballet-costa-araucania-triunfa-en-china-y-apunta-al-podio-en-competencia-internacional-en-corea\/","title":{"rendered":"\u201cBallet Costa Araucan\u00eda triunfa en China y apunta al podio en competencia internacional en Corea\u201d"},"content":{"rendered":"<div class=\"pvc_clear\"><\/div><p id=\"pvc_stats_52629\" class=\"pvc_stats total_only  \" data-element-id=\"52629\" style=\"\"><i class=\"pvc-stats-icon large\" aria-hidden=\"true\"><svg aria-hidden=\"true\" focusable=\"false\" data-prefix=\"far\" data-icon=\"chart-bar\" role=\"img\" xmlns=\"http:\/\/www.w3.org\/2000\/svg\" viewBox=\"0 0 512 512\" class=\"svg-inline--fa fa-chart-bar fa-w-16 fa-2x\"><path fill=\"currentColor\" d=\"M396.8 352h22.4c6.4 0 12.8-6.4 12.8-12.8V108.8c0-6.4-6.4-12.8-12.8-12.8h-22.4c-6.4 0-12.8 6.4-12.8 12.8v230.4c0 6.4 6.4 12.8 12.8 12.8zm-192 0h22.4c6.4 0 12.8-6.4 12.8-12.8V140.8c0-6.4-6.4-12.8-12.8-12.8h-22.4c-6.4 0-12.8 6.4-12.8 12.8v198.4c0 6.4 6.4 12.8 12.8 12.8zm96 0h22.4c6.4 0 12.8-6.4 12.8-12.8V204.8c0-6.4-6.4-12.8-12.8-12.8h-22.4c-6.4 0-12.8 6.4-12.8 12.8v134.4c0 6.4 6.4 12.8 12.8 12.8zM496 400H48V80c0-8.84-7.16-16-16-16H16C7.16 64 0 71.16 0 80v336c0 17.67 14.33 32 32 32h464c8.84 0 16-7.16 16-16v-16c0-8.84-7.16-16-16-16zm-387.2-48h22.4c6.4 0 12.8-6.4 12.8-12.8v-70.4c0-6.4-6.4-12.8-12.8-12.8h-22.4c-6.4 0-12.8 6.4-12.8 12.8v70.4c0 6.4 6.4 12.8 12.8 12.8z\" class=\"\"><\/path><\/svg><\/i> <img loading=\"lazy\" decoding=\"async\" width=\"16\" height=\"16\" alt=\"Loading\" src=\"https:\/\/temucotelevision.cl\/web\/wp-content\/plugins\/page-views-count\/ajax-loader-2x.gif\" border=0 \/><\/p><div class=\"pvc_clear\"><\/div>\n<p>El Ballet Costa Araucan\u00eda brill\u00f3 en el prestigioso Festival de Turismo de Shangh\u00e1i y se prepara para competir en Corea tras una exitosa presentaci\u00f3n en Beijing<\/p>\n\n\n\n<p>El Ballet Costa Araucan\u00eda ha dejado su huella en el aclamado Festival de Turismo de Shangh\u00e1i (STF), uno de los eventos culturales m\u00e1s influyentes de China. Desde 1990, este festival organizado por el Gobierno Popular Municipal de Shangh\u00e1i y realizado por la Administraci\u00f3n Municipal de Turismo de Shangh\u00e1i ha reunido a m\u00e1s de 400 conjuntos art\u00edsticos de todo el mundo, ofreciendo una plataforma \u00fanica para el intercambio cultural.<\/p>\n\n\n\n<p>Durante su participaci\u00f3n, el Ballet Costa Araucan\u00eda deslumbr\u00f3 al p\u00fablico local e internacional con presentaciones que destacaron la riqueza cultural y las tradiciones de Chile. El festival, que comenz\u00f3 con un impresionante desfile nocturno en la famosa calle Huaihai Road, fue transmitido por televisi\u00f3n y radio, alcanzando a una audiencia de m\u00e1s de 200 millones de espectadores.<\/p>\n\n\n\n<p>Gracias al apoyo de la Embajada de Chile en China, el Ballet Costa Araucan\u00eda tambi\u00e9n tuvo la oportunidad de celebrar las Fiestas Patrias el 18 de septiembre con una funci\u00f3n de gala en la ciudad de Beijing. Esta presentaci\u00f3n especial permiti\u00f3 a la compa\u00f1\u00eda compartir las tradiciones chilenas en un evento que reuni\u00f3 a la comunidad chilena en China y a autoridades locales, convirti\u00e9ndose en una emotiva celebraci\u00f3n de la cultura nacional.<\/p>\n\n\n\n<p>Tras esta exitosa gira en China, el Ballet Costa Araucan\u00eda se encuentra ahora en camino a Corea del Sur para competir en la competencia de danza internacional m\u00e1s grande del mundo. Con un profundo compromiso y dedicaci\u00f3n, la compa\u00f1\u00eda tiene como objetivo alcanzar el podio uno de los tres primeros lugares, llevando el talento y la pasi\u00f3n de Chile a un escenario Internacional.<\/p>\n\n\n\n<p>\u201cParticipar en el Festival de Turismo de Shangh\u00e1i y celebrar el 18 de septiembre en Beijing ha sido una experiencia inolvidable. Ahora estamos enfocados en nuestro pr\u00f3ximo desaf\u00edo en Corea, donde daremos lo mejor de nosotros para representar a Chile y a nuestra querida regi\u00f3n de La Araucan\u00eda\u201d, coment\u00f3 Evelyn D\u00edaz, presidenta del Ballet Costa Araucan\u00eda.<\/p>\n\n\n\n<p>El Ballet Costa Araucan\u00eda continuar\u00e1 su gira internacional con la misi\u00f3n de compartir la riqueza cultural de Chile y promover el desarrollo art\u00edstico y tur\u00edstico de la regi\u00f3n. A medida que se acercan a la competencia en Corea, la compa\u00f1\u00eda invita a todos a seguir apoyando su esfuerzo por llevar la danza chilena al m\u00e1s alto nivel.<\/p>\n\n\n\n<figure class=\"wp-block-image size-large\"><img loading=\"lazy\" decoding=\"async\" width=\"1000\" height=\"598\" src=\"https:\/\/temucotelevision.cl\/web\/wp-content\/uploads\/2024\/09\/Captura-de-Pantalla-2024-09-20-a-las-15.23.48-1000x598.png\" alt=\"\" class=\"wp-image-52631\" srcset=\"https:\/\/temucotelevision.cl\/web\/wp-content\/uploads\/2024\/09\/Captura-de-Pantalla-2024-09-20-a-las-15.23.48-1000x598.png 1000w, https:\/\/temucotelevision.cl\/web\/wp-content\/uploads\/2024\/09\/Captura-de-Pantalla-2024-09-20-a-las-15.23.48-768x459.png 768w, https:\/\/temucotelevision.cl\/web\/wp-content\/uploads\/2024\/09\/Captura-de-Pantalla-2024-09-20-a-las-15.23.48.png 1364w\" sizes=\"auto, (max-width: 1000px) 100vw, 1000px\" \/><\/figure>\n\n\n\n<p>\u00a0<\/p>\n","protected":false},"excerpt":{"rendered":"<div class=\"pvc_clear\"><\/div>\n<p id=\"pvc_stats_52629\" class=\"pvc_stats total_only  \" data-element-id=\"52629\" style=\"\"><i class=\"pvc-stats-icon large\" aria-hidden=\"true\"><svg aria-hidden=\"true\" focusable=\"false\" data-prefix=\"far\" data-icon=\"chart-bar\" role=\"img\" xmlns=\"http:\/\/www.w3.org\/2000\/svg\" viewBox=\"0 0 512 512\" class=\"svg-inline--fa fa-chart-bar fa-w-16 fa-2x\"><path fill=\"currentColor\" d=\"M396.8 352h22.4c6.4 0 12.8-6.4 12.8-12.8V108.8c0-6.4-6.4-12.8-12.8-12.8h-22.4c-6.4 0-12.8 6.4-12.8 12.8v230.4c0 6.4 6.4 12.8 12.8 12.8zm-192 0h22.4c6.4 0 12.8-6.4 12.8-12.8V140.8c0-6.4-6.4-12.8-12.8-12.8h-22.4c-6.4 0-12.8 6.4-12.8 12.8v198.4c0 6.4 6.4 12.8 12.8 12.8zm96 0h22.4c6.4 0 12.8-6.4 12.8-12.8V204.8c0-6.4-6.4-12.8-12.8-12.8h-22.4c-6.4 0-12.8 6.4-12.8 12.8v134.4c0 6.4 6.4 12.8 12.8 12.8zM496 400H48V80c0-8.84-7.16-16-16-16H16C7.16 64 0 71.16 0 80v336c0 17.67 14.33 32 32 32h464c8.84 0 16-7.16 16-16v-16c0-8.84-7.16-16-16-16zm-387.2-48h22.4c6.4 0 12.8-6.4 12.8-12.8v-70.4c0-6.4-6.4-12.8-12.8-12.8h-22.4c-6.4 0-12.8 6.4-12.8 12.8v70.4c0 6.4 6.4 12.8 12.8 12.8z\" class=\"\"><\/path><\/svg><\/i> <img loading=\"lazy\" decoding=\"async\" width=\"16\" height=\"16\" alt=\"Loading\" src=\"https:\/\/temucotelevision.cl\/web\/wp-content\/plugins\/page-views-count\/ajax-loader-2x.gif\" border=0 \/><\/p>\n<div class=\"pvc_clear\"><\/div>\n<p>El Ballet Costa Araucan\u00eda brill\u00f3 en el prestigioso Festival de Turismo de Shangh\u00e1i y se prepara para competir en Corea<\/p>\n","protected":false},"author":1,"featured_media":52630,"comment_status":"open","ping_status":"open","sticky":false,"template":"","format":"standard","meta":{"colormag_page_container_layout":"default_layout","colormag_page_sidebar_layout":"default_layout","footnotes":""},"categories":[14],"tags":[1903],"class_list":["post-52629","post","type-post","status-publish","format-standard","has-post-thumbnail","hentry","category-temuco","tag-ballet"],"a3_pvc":{"activated":true,"total_views":1681,"today_views":0},"_links":{"self":[{"href":"https:\/\/temucotelevision.cl\/web\/wp-json\/wp\/v2\/posts\/52629","targetHints":{"allow":["GET"]}}],"collection":[{"href":"https:\/\/temucotelevision.cl\/web\/wp-json\/wp\/v2\/posts"}],"about":[{"href":"https:\/\/temucotelevision.cl\/web\/wp-json\/wp\/v2\/types\/post"}],"author":[{"embeddable":true,"href":"https:\/\/temucotelevision.cl\/web\/wp-json\/wp\/v2\/users\/1"}],"replies":[{"embeddable":true,"href":"https:\/\/temucotelevision.cl\/web\/wp-json\/wp\/v2\/comments?post=52629"}],"version-history":[{"count":1,"href":"https:\/\/temucotelevision.cl\/web\/wp-json\/wp\/v2\/posts\/52629\/revisions"}],"predecessor-version":[{"id":52632,"href":"https:\/\/temucotelevision.cl\/web\/wp-json\/wp\/v2\/posts\/52629\/revisions\/52632"}],"wp:featuredmedia":[{"embeddable":true,"href":"https:\/\/temucotelevision.cl\/web\/wp-json\/wp\/v2\/media\/52630"}],"wp:attachment":[{"href":"https:\/\/temucotelevision.cl\/web\/wp-json\/wp\/v2\/media?parent=52629"}],"wp:term":[{"taxonomy":"category","embeddable":true,"href":"https:\/\/temucotelevision.cl\/web\/wp-json\/wp\/v2\/categories?post=52629"},{"taxonomy":"post_tag","embeddable":true,"href":"https:\/\/temucotelevision.cl\/web\/wp-json\/wp\/v2\/tags?post=52629"}],"curies":[{"name":"wp","href":"https:\/\/api.w.org\/{rel}","templated":true}]}}