{"id":52624,"date":"2024-09-20T15:17:19","date_gmt":"2024-09-20T18:17:19","guid":{"rendered":"https:\/\/temucotelevision.cl\/web\/?p=52624"},"modified":"2024-09-20T15:17:20","modified_gmt":"2024-09-20T18:17:20","slug":"intensa-busqueda-en-el-rio-cautin-seguridad-publica-y-gope-se-unen-para-encontrar-a-menor-desaparecido","status":"publish","type":"post","link":"https:\/\/temucotelevision.cl\/web\/2024\/09\/20\/intensa-busqueda-en-el-rio-cautin-seguridad-publica-y-gope-se-unen-para-encontrar-a-menor-desaparecido\/","title":{"rendered":"Intensa b\u00fasqueda en el r\u00edo Caut\u00edn: Seguridad P\u00fablica y GOPE se unen para encontrar a menor desaparecido"},"content":{"rendered":"<div class=\"pvc_clear\"><\/div><p id=\"pvc_stats_52624\" class=\"pvc_stats total_only  \" data-element-id=\"52624\" style=\"\"><i class=\"pvc-stats-icon large\" aria-hidden=\"true\"><svg aria-hidden=\"true\" focusable=\"false\" data-prefix=\"far\" data-icon=\"chart-bar\" role=\"img\" xmlns=\"http:\/\/www.w3.org\/2000\/svg\" viewBox=\"0 0 512 512\" class=\"svg-inline--fa fa-chart-bar fa-w-16 fa-2x\"><path fill=\"currentColor\" d=\"M396.8 352h22.4c6.4 0 12.8-6.4 12.8-12.8V108.8c0-6.4-6.4-12.8-12.8-12.8h-22.4c-6.4 0-12.8 6.4-12.8 12.8v230.4c0 6.4 6.4 12.8 12.8 12.8zm-192 0h22.4c6.4 0 12.8-6.4 12.8-12.8V140.8c0-6.4-6.4-12.8-12.8-12.8h-22.4c-6.4 0-12.8 6.4-12.8 12.8v198.4c0 6.4 6.4 12.8 12.8 12.8zm96 0h22.4c6.4 0 12.8-6.4 12.8-12.8V204.8c0-6.4-6.4-12.8-12.8-12.8h-22.4c-6.4 0-12.8 6.4-12.8 12.8v134.4c0 6.4 6.4 12.8 12.8 12.8zM496 400H48V80c0-8.84-7.16-16-16-16H16C7.16 64 0 71.16 0 80v336c0 17.67 14.33 32 32 32h464c8.84 0 16-7.16 16-16v-16c0-8.84-7.16-16-16-16zm-387.2-48h22.4c6.4 0 12.8-6.4 12.8-12.8v-70.4c0-6.4-6.4-12.8-12.8-12.8h-22.4c-6.4 0-12.8 6.4-12.8 12.8v70.4c0 6.4 6.4 12.8 12.8 12.8z\" class=\"\"><\/path><\/svg><\/i> <img loading=\"lazy\" decoding=\"async\" width=\"16\" height=\"16\" alt=\"Loading\" src=\"https:\/\/temucotelevision.cl\/web\/wp-content\/plugins\/page-views-count\/ajax-loader-2x.gif\" border=0 \/><\/p><div class=\"pvc_clear\"><\/div>\n<p>Este viernes, la Patrulladron de Seguridad P\u00fablica de Temuco, junto a buzos del Grupo de Operaciones Policiales Especiales (GOPE) de Carabineros, han retomado la b\u00fasqueda de un menor de edad desaparecido en la ribera del r\u00edo Caut\u00edn. La operaci\u00f3n se intensific\u00f3 luego de que se encontrara ropa perteneciente al menor en las cercan\u00edas del cauce, lo que ha generado preocupaci\u00f3n entre las autoridades y la comunidad local.<\/p>\n\n\n\n<p>El equipo de b\u00fasqueda cuenta desde hoy con el apoyo de la 4\u00aa y 5\u00aa Compa\u00f1\u00eda del Cuerpo de Bomberos de Temuco, que se ha sumado al esfuerzo de localizar al menor lo antes posible. Los buzos de GOPE han estado trabajando incansablemente desde el inicio del operativo, inspeccionando zonas de dif\u00edcil acceso y realizando labores de rastreo subacu\u00e1tico.<\/p>\n\n\n\n<p>La desaparici\u00f3n del menor ha causado gran conmoci\u00f3n en la ciudad, especialmente entre los vecinos de los sectores cercanos al r\u00edo Caut\u00edn, quienes han seguido de cerca el avance de las operaciones de rescate. Las autoridades han solicitado que cualquier persona con informaci\u00f3n relevante se comunique de inmediato con Carabineros para colaborar en la localizaci\u00f3n del menor.<\/p>\n\n\n\n<p>El Delegado Presidencial de La Araucan\u00eda, Jos\u00e9 Montalva, expres\u00f3 su solidaridad con la familia afectada y destac\u00f3 el trabajo coordinado de las distintas instituciones que participan en el operativo. &#8220;Estamos haciendo todo lo posible para encontrar al menor, y agradecemos la labor que realizan tanto Seguridad P\u00fablica como Bomberos y Carabineros&#8221;, se\u00f1al\u00f3.<\/p>\n\n\n\n<p>El operativo contin\u00faa desarroll\u00e1ndose a lo largo de la jornada con la esperanza de lograr avances significativos en las pr\u00f3ximas horas. Las autoridades no descartan ampliar el radio de b\u00fasqueda si las condiciones lo permiten, y se mantienen atentos a cualquier nueva pista que pueda surgir en el curso de la investigaci\u00f3n.<\/p>\n\n\n\n<figure class=\"wp-block-image size-large\"><img loading=\"lazy\" decoding=\"async\" width=\"1000\" height=\"750\" src=\"https:\/\/temucotelevision.cl\/web\/wp-content\/uploads\/2024\/09\/eb2a1631-193a-401c-b078-54bae5cc1611-1000x750.jpg\" alt=\"\" class=\"wp-image-52627\" srcset=\"https:\/\/temucotelevision.cl\/web\/wp-content\/uploads\/2024\/09\/eb2a1631-193a-401c-b078-54bae5cc1611-1000x750.jpg 1000w, https:\/\/temucotelevision.cl\/web\/wp-content\/uploads\/2024\/09\/eb2a1631-193a-401c-b078-54bae5cc1611-768x576.jpg 768w, https:\/\/temucotelevision.cl\/web\/wp-content\/uploads\/2024\/09\/eb2a1631-193a-401c-b078-54bae5cc1611.jpg 1280w\" sizes=\"auto, (max-width: 1000px) 100vw, 1000px\" \/><\/figure>\n\n\n\n<figure class=\"wp-block-image size-large\"><img loading=\"lazy\" decoding=\"async\" width=\"1000\" height=\"750\" src=\"https:\/\/temucotelevision.cl\/web\/wp-content\/uploads\/2024\/09\/2b407170-d9ac-4eef-98fc-906abb264339-1000x750.jpg\" alt=\"\" class=\"wp-image-52626\" srcset=\"https:\/\/temucotelevision.cl\/web\/wp-content\/uploads\/2024\/09\/2b407170-d9ac-4eef-98fc-906abb264339-1000x750.jpg 1000w, https:\/\/temucotelevision.cl\/web\/wp-content\/uploads\/2024\/09\/2b407170-d9ac-4eef-98fc-906abb264339-768x576.jpg 768w, https:\/\/temucotelevision.cl\/web\/wp-content\/uploads\/2024\/09\/2b407170-d9ac-4eef-98fc-906abb264339-1536x1152.jpg 1536w, https:\/\/temucotelevision.cl\/web\/wp-content\/uploads\/2024\/09\/2b407170-d9ac-4eef-98fc-906abb264339.jpg 1600w\" sizes=\"auto, (max-width: 1000px) 100vw, 1000px\" \/><\/figure>\n","protected":false},"excerpt":{"rendered":"<div class=\"pvc_clear\"><\/div>\n<p id=\"pvc_stats_52624\" class=\"pvc_stats total_only  \" data-element-id=\"52624\" style=\"\"><i class=\"pvc-stats-icon large\" aria-hidden=\"true\"><svg aria-hidden=\"true\" focusable=\"false\" data-prefix=\"far\" data-icon=\"chart-bar\" role=\"img\" xmlns=\"http:\/\/www.w3.org\/2000\/svg\" viewBox=\"0 0 512 512\" class=\"svg-inline--fa fa-chart-bar fa-w-16 fa-2x\"><path fill=\"currentColor\" d=\"M396.8 352h22.4c6.4 0 12.8-6.4 12.8-12.8V108.8c0-6.4-6.4-12.8-12.8-12.8h-22.4c-6.4 0-12.8 6.4-12.8 12.8v230.4c0 6.4 6.4 12.8 12.8 12.8zm-192 0h22.4c6.4 0 12.8-6.4 12.8-12.8V140.8c0-6.4-6.4-12.8-12.8-12.8h-22.4c-6.4 0-12.8 6.4-12.8 12.8v198.4c0 6.4 6.4 12.8 12.8 12.8zm96 0h22.4c6.4 0 12.8-6.4 12.8-12.8V204.8c0-6.4-6.4-12.8-12.8-12.8h-22.4c-6.4 0-12.8 6.4-12.8 12.8v134.4c0 6.4 6.4 12.8 12.8 12.8zM496 400H48V80c0-8.84-7.16-16-16-16H16C7.16 64 0 71.16 0 80v336c0 17.67 14.33 32 32 32h464c8.84 0 16-7.16 16-16v-16c0-8.84-7.16-16-16-16zm-387.2-48h22.4c6.4 0 12.8-6.4 12.8-12.8v-70.4c0-6.4-6.4-12.8-12.8-12.8h-22.4c-6.4 0-12.8 6.4-12.8 12.8v70.4c0 6.4 6.4 12.8 12.8 12.8z\" class=\"\"><\/path><\/svg><\/i> <img loading=\"lazy\" decoding=\"async\" width=\"16\" height=\"16\" alt=\"Loading\" src=\"https:\/\/temucotelevision.cl\/web\/wp-content\/plugins\/page-views-count\/ajax-loader-2x.gif\" border=0 \/><\/p>\n<div class=\"pvc_clear\"><\/div>\n<p>Este viernes, la Patrulladron de Seguridad P\u00fablica de Temuco, junto a buzos del Grupo de Operaciones Policiales Especiales (GOPE) de<\/p>\n","protected":false},"author":1,"featured_media":52625,"comment_status":"open","ping_status":"open","sticky":false,"template":"","format":"standard","meta":{"colormag_page_container_layout":"default_layout","colormag_page_sidebar_layout":"default_layout","footnotes":""},"categories":[15],"tags":[1500],"class_list":["post-52624","post","type-post","status-publish","format-standard","has-post-thumbnail","hentry","category-la-araucania","tag-busqueda"],"a3_pvc":{"activated":true,"total_views":5886,"today_views":0},"_links":{"self":[{"href":"https:\/\/temucotelevision.cl\/web\/wp-json\/wp\/v2\/posts\/52624","targetHints":{"allow":["GET"]}}],"collection":[{"href":"https:\/\/temucotelevision.cl\/web\/wp-json\/wp\/v2\/posts"}],"about":[{"href":"https:\/\/temucotelevision.cl\/web\/wp-json\/wp\/v2\/types\/post"}],"author":[{"embeddable":true,"href":"https:\/\/temucotelevision.cl\/web\/wp-json\/wp\/v2\/users\/1"}],"replies":[{"embeddable":true,"href":"https:\/\/temucotelevision.cl\/web\/wp-json\/wp\/v2\/comments?post=52624"}],"version-history":[{"count":1,"href":"https:\/\/temucotelevision.cl\/web\/wp-json\/wp\/v2\/posts\/52624\/revisions"}],"predecessor-version":[{"id":52628,"href":"https:\/\/temucotelevision.cl\/web\/wp-json\/wp\/v2\/posts\/52624\/revisions\/52628"}],"wp:featuredmedia":[{"embeddable":true,"href":"https:\/\/temucotelevision.cl\/web\/wp-json\/wp\/v2\/media\/52625"}],"wp:attachment":[{"href":"https:\/\/temucotelevision.cl\/web\/wp-json\/wp\/v2\/media?parent=52624"}],"wp:term":[{"taxonomy":"category","embeddable":true,"href":"https:\/\/temucotelevision.cl\/web\/wp-json\/wp\/v2\/categories?post=52624"},{"taxonomy":"post_tag","embeddable":true,"href":"https:\/\/temucotelevision.cl\/web\/wp-json\/wp\/v2\/tags?post=52624"}],"curies":[{"name":"wp","href":"https:\/\/api.w.org\/{rel}","templated":true}]}}