{"id":52616,"date":"2024-09-19T19:49:50","date_gmt":"2024-09-19T22:49:50","guid":{"rendered":"https:\/\/temucotelevision.cl\/web\/?p=52616"},"modified":"2024-09-19T19:49:50","modified_gmt":"2024-09-19T22:49:50","slug":"familiares-reconocen-ropa-a-orillas-del-rio-patrulladron-y-gope-en-intensa-busqueda-de-adolescente","status":"publish","type":"post","link":"https:\/\/temucotelevision.cl\/web\/2024\/09\/19\/familiares-reconocen-ropa-a-orillas-del-rio-patrulladron-y-gope-en-intensa-busqueda-de-adolescente\/","title":{"rendered":"Familiares reconocen ropa a orillas del r\u00edo: Patrulladron y GOPE en intensa b\u00fasqueda de adolescente"},"content":{"rendered":"<div class=\"pvc_clear\"><\/div><p id=\"pvc_stats_52616\" class=\"pvc_stats total_only  \" data-element-id=\"52616\" style=\"\"><i class=\"pvc-stats-icon large\" aria-hidden=\"true\"><svg aria-hidden=\"true\" focusable=\"false\" data-prefix=\"far\" data-icon=\"chart-bar\" role=\"img\" xmlns=\"http:\/\/www.w3.org\/2000\/svg\" viewBox=\"0 0 512 512\" class=\"svg-inline--fa fa-chart-bar fa-w-16 fa-2x\"><path fill=\"currentColor\" d=\"M396.8 352h22.4c6.4 0 12.8-6.4 12.8-12.8V108.8c0-6.4-6.4-12.8-12.8-12.8h-22.4c-6.4 0-12.8 6.4-12.8 12.8v230.4c0 6.4 6.4 12.8 12.8 12.8zm-192 0h22.4c6.4 0 12.8-6.4 12.8-12.8V140.8c0-6.4-6.4-12.8-12.8-12.8h-22.4c-6.4 0-12.8 6.4-12.8 12.8v198.4c0 6.4 6.4 12.8 12.8 12.8zm96 0h22.4c6.4 0 12.8-6.4 12.8-12.8V204.8c0-6.4-6.4-12.8-12.8-12.8h-22.4c-6.4 0-12.8 6.4-12.8 12.8v134.4c0 6.4 6.4 12.8 12.8 12.8zM496 400H48V80c0-8.84-7.16-16-16-16H16C7.16 64 0 71.16 0 80v336c0 17.67 14.33 32 32 32h464c8.84 0 16-7.16 16-16v-16c0-8.84-7.16-16-16-16zm-387.2-48h22.4c6.4 0 12.8-6.4 12.8-12.8v-70.4c0-6.4-6.4-12.8-12.8-12.8h-22.4c-6.4 0-12.8 6.4-12.8 12.8v70.4c0 6.4 6.4 12.8 12.8 12.8z\" class=\"\"><\/path><\/svg><\/i> <img loading=\"lazy\" decoding=\"async\" width=\"16\" height=\"16\" alt=\"Loading\" src=\"https:\/\/temucotelevision.cl\/web\/wp-content\/plugins\/page-views-count\/ajax-loader-2x.gif\" border=0 \/><\/p><div class=\"pvc_clear\"><\/div>\n<p>El operativo en conjunto entre el municipio y Carabineros, se inici\u00f3 esta tarde luego que las vestimentas del menor de edad fueran divisadas en la orilla del caudal.<\/p>\n\n\n\n<p>La patrulladron de la direcci\u00f3n de Seguridad P\u00fablica de la municipalidad de Temuco est\u00e1 colaborando con buzos del GOPE de Carabineros en la b\u00fasqueda de una persona en las aguas del r\u00edo Caut\u00edn luego que sus familiares reconocieran sus vestimentas a orillas del cauce a la altura de la poblaci\u00f3n San Antonio.<\/p>\n\n\n\n<p>Seg\u00fan sus familiares, quienes presentaron la denuncia ante Carabineros por presunta desgracia, M. A. N. F de 17 a\u00f1os est\u00e1 desaparecido desde la noche del domingo cuando sali\u00f3 de su hogar en direcci\u00f3n desconocida, sin haber retornado.<\/p>\n\n\n\n<p>La direcci\u00f3n de Seguridad P\u00fablica dispuso de personal de la Secci\u00f3n Motorizada y patrullas para recorrer el borde del r\u00edo para apoyar con el paradero del adolescente mientras que la patrulladron sobrevuela el caudal para tener una panor\u00e1mica a\u00e9rea m\u00e1s amplia de la zona.<\/p>\n\n\n\n<div class=\"wp-block-media-text is-stacked-on-mobile\" style=\"grid-template-columns:29% auto\"><figure class=\"wp-block-media-text__media\"><img loading=\"lazy\" decoding=\"async\" width=\"450\" height=\"1000\" src=\"https:\/\/temucotelevision.cl\/web\/wp-content\/uploads\/2024\/09\/WhatsApp-Image-2024-09-19-at-19.13.51-450x1000.jpeg\" alt=\"\" class=\"wp-image-52618 size-full\" srcset=\"https:\/\/temucotelevision.cl\/web\/wp-content\/uploads\/2024\/09\/WhatsApp-Image-2024-09-19-at-19.13.51-450x1000.jpeg 450w, https:\/\/temucotelevision.cl\/web\/wp-content\/uploads\/2024\/09\/WhatsApp-Image-2024-09-19-at-19.13.51-692x1536.jpeg 692w, https:\/\/temucotelevision.cl\/web\/wp-content\/uploads\/2024\/09\/WhatsApp-Image-2024-09-19-at-19.13.51.jpeg 720w\" sizes=\"auto, (max-width: 450px) 100vw, 450px\" \/><\/figure><div class=\"wp-block-media-text__content\">\n<p>Israel Campusano, director de Seguridad P\u00fablica de Temuco, detall\u00f3 que el municipio &#8220;junto al GOPE de Carabineros, estamos llevando a cabo un operativo en el r\u00edo Caut\u00edn para localizar a un adolescente de 17 a\u00f1os, cuya ropa fue encontrada en la orilla del r\u00edo cerca de la poblaci\u00f3n San Antonio. El joven est\u00e1 desaparecido desde el domingo, seg\u00fan informaron sus familiares. Las unidades de la Secci\u00f3n Motorizada y patrullas est\u00e1n recorriendo la ribera, mientras que la patrulladron sobrevuela el \u00e1rea para obtener una vista m\u00e1s amplia del terreno y apoyar en la b\u00fasqueda&#8221;, concluy\u00f3.<\/p>\n<\/div><\/div>\n\n\n\n<p><\/p>\n","protected":false},"excerpt":{"rendered":"<div class=\"pvc_clear\"><\/div>\n<p id=\"pvc_stats_52616\" class=\"pvc_stats total_only  \" data-element-id=\"52616\" style=\"\"><i class=\"pvc-stats-icon large\" aria-hidden=\"true\"><svg aria-hidden=\"true\" focusable=\"false\" data-prefix=\"far\" data-icon=\"chart-bar\" role=\"img\" xmlns=\"http:\/\/www.w3.org\/2000\/svg\" viewBox=\"0 0 512 512\" class=\"svg-inline--fa fa-chart-bar fa-w-16 fa-2x\"><path fill=\"currentColor\" d=\"M396.8 352h22.4c6.4 0 12.8-6.4 12.8-12.8V108.8c0-6.4-6.4-12.8-12.8-12.8h-22.4c-6.4 0-12.8 6.4-12.8 12.8v230.4c0 6.4 6.4 12.8 12.8 12.8zm-192 0h22.4c6.4 0 12.8-6.4 12.8-12.8V140.8c0-6.4-6.4-12.8-12.8-12.8h-22.4c-6.4 0-12.8 6.4-12.8 12.8v198.4c0 6.4 6.4 12.8 12.8 12.8zm96 0h22.4c6.4 0 12.8-6.4 12.8-12.8V204.8c0-6.4-6.4-12.8-12.8-12.8h-22.4c-6.4 0-12.8 6.4-12.8 12.8v134.4c0 6.4 6.4 12.8 12.8 12.8zM496 400H48V80c0-8.84-7.16-16-16-16H16C7.16 64 0 71.16 0 80v336c0 17.67 14.33 32 32 32h464c8.84 0 16-7.16 16-16v-16c0-8.84-7.16-16-16-16zm-387.2-48h22.4c6.4 0 12.8-6.4 12.8-12.8v-70.4c0-6.4-6.4-12.8-12.8-12.8h-22.4c-6.4 0-12.8 6.4-12.8 12.8v70.4c0 6.4 6.4 12.8 12.8 12.8z\" class=\"\"><\/path><\/svg><\/i> <img loading=\"lazy\" decoding=\"async\" width=\"16\" height=\"16\" alt=\"Loading\" src=\"https:\/\/temucotelevision.cl\/web\/wp-content\/plugins\/page-views-count\/ajax-loader-2x.gif\" border=0 \/><\/p>\n<div class=\"pvc_clear\"><\/div>\n<p>El operativo en conjunto entre el municipio y Carabineros, se inici\u00f3 esta tarde luego que las vestimentas del menor de<\/p>\n","protected":false},"author":1,"featured_media":52617,"comment_status":"open","ping_status":"open","sticky":false,"template":"","format":"standard","meta":{"colormag_page_container_layout":"default_layout","colormag_page_sidebar_layout":"default_layout","footnotes":""},"categories":[16,14],"tags":[1500],"class_list":["post-52616","post","type-post","status-publish","format-standard","has-post-thumbnail","hentry","category-policial","category-temuco","tag-busqueda"],"a3_pvc":{"activated":true,"total_views":8731,"today_views":0},"_links":{"self":[{"href":"https:\/\/temucotelevision.cl\/web\/wp-json\/wp\/v2\/posts\/52616","targetHints":{"allow":["GET"]}}],"collection":[{"href":"https:\/\/temucotelevision.cl\/web\/wp-json\/wp\/v2\/posts"}],"about":[{"href":"https:\/\/temucotelevision.cl\/web\/wp-json\/wp\/v2\/types\/post"}],"author":[{"embeddable":true,"href":"https:\/\/temucotelevision.cl\/web\/wp-json\/wp\/v2\/users\/1"}],"replies":[{"embeddable":true,"href":"https:\/\/temucotelevision.cl\/web\/wp-json\/wp\/v2\/comments?post=52616"}],"version-history":[{"count":1,"href":"https:\/\/temucotelevision.cl\/web\/wp-json\/wp\/v2\/posts\/52616\/revisions"}],"predecessor-version":[{"id":52619,"href":"https:\/\/temucotelevision.cl\/web\/wp-json\/wp\/v2\/posts\/52616\/revisions\/52619"}],"wp:featuredmedia":[{"embeddable":true,"href":"https:\/\/temucotelevision.cl\/web\/wp-json\/wp\/v2\/media\/52617"}],"wp:attachment":[{"href":"https:\/\/temucotelevision.cl\/web\/wp-json\/wp\/v2\/media?parent=52616"}],"wp:term":[{"taxonomy":"category","embeddable":true,"href":"https:\/\/temucotelevision.cl\/web\/wp-json\/wp\/v2\/categories?post=52616"},{"taxonomy":"post_tag","embeddable":true,"href":"https:\/\/temucotelevision.cl\/web\/wp-json\/wp\/v2\/tags?post=52616"}],"curies":[{"name":"wp","href":"https:\/\/api.w.org\/{rel}","templated":true}]}}