{"id":52611,"date":"2024-09-19T18:47:18","date_gmt":"2024-09-19T21:47:18","guid":{"rendered":"https:\/\/temucotelevision.cl\/web\/?p=52611"},"modified":"2024-09-19T18:47:19","modified_gmt":"2024-09-19T21:47:19","slug":"operativos-de-seguridad-publica-logran-recuperacion-de-auto-robado-y-detencion-de-ladron-en-isla-cautin","status":"publish","type":"post","link":"https:\/\/temucotelevision.cl\/web\/2024\/09\/19\/operativos-de-seguridad-publica-logran-recuperacion-de-auto-robado-y-detencion-de-ladron-en-isla-cautin\/","title":{"rendered":"Operativos de Seguridad P\u00fablica logran recuperaci\u00f3n de auto robado y detenci\u00f3n de ladr\u00f3n en Isla Caut\u00edn"},"content":{"rendered":"<div class=\"pvc_clear\"><\/div><p id=\"pvc_stats_52611\" class=\"pvc_stats total_only  \" data-element-id=\"52611\" style=\"\"><i class=\"pvc-stats-icon large\" aria-hidden=\"true\"><svg aria-hidden=\"true\" focusable=\"false\" data-prefix=\"far\" data-icon=\"chart-bar\" role=\"img\" xmlns=\"http:\/\/www.w3.org\/2000\/svg\" viewBox=\"0 0 512 512\" class=\"svg-inline--fa fa-chart-bar fa-w-16 fa-2x\"><path fill=\"currentColor\" d=\"M396.8 352h22.4c6.4 0 12.8-6.4 12.8-12.8V108.8c0-6.4-6.4-12.8-12.8-12.8h-22.4c-6.4 0-12.8 6.4-12.8 12.8v230.4c0 6.4 6.4 12.8 12.8 12.8zm-192 0h22.4c6.4 0 12.8-6.4 12.8-12.8V140.8c0-6.4-6.4-12.8-12.8-12.8h-22.4c-6.4 0-12.8 6.4-12.8 12.8v198.4c0 6.4 6.4 12.8 12.8 12.8zm96 0h22.4c6.4 0 12.8-6.4 12.8-12.8V204.8c0-6.4-6.4-12.8-12.8-12.8h-22.4c-6.4 0-12.8 6.4-12.8 12.8v134.4c0 6.4 6.4 12.8 12.8 12.8zM496 400H48V80c0-8.84-7.16-16-16-16H16C7.16 64 0 71.16 0 80v336c0 17.67 14.33 32 32 32h464c8.84 0 16-7.16 16-16v-16c0-8.84-7.16-16-16-16zm-387.2-48h22.4c6.4 0 12.8-6.4 12.8-12.8v-70.4c0-6.4-6.4-12.8-12.8-12.8h-22.4c-6.4 0-12.8 6.4-12.8 12.8v70.4c0 6.4 6.4 12.8 12.8 12.8z\" class=\"\"><\/path><\/svg><\/i> <img loading=\"lazy\" decoding=\"async\" width=\"16\" height=\"16\" alt=\"Loading\" src=\"https:\/\/temucotelevision.cl\/web\/wp-content\/plugins\/page-views-count\/ajax-loader-2x.gif\" border=0 \/><\/p><div class=\"pvc_clear\"><\/div>\n<p>Los permanentes sobrevuelos de la patrulladron y patrullaje preventivos permitieron los exitosos procedimientos en el contesta de Fiestas Patrias.<\/p>\n\n\n\n<p>En medio del despliegue especial de la direcci\u00f3n de Seguridad P\u00fablica de la municipalidad de Temuco por Fiestas Patrias, en un primer procedimiento, en la ma\u00f1ana de este mi\u00e9rcoles, el recorrido de una patrulla municipal en el macrosector Amanecer, permiti\u00f3 hallar un veh\u00edculo que fue robado anoche en la misma zona.<\/p>\n\n\n\n<p>Una vez reportada la situaci\u00f3n a personal de Carabineros, constat\u00f3 que el autom\u00f3vil ten\u00eda encargo vigente por robo desde anoche. El procedimiento fue adoptado por la instituci\u00f3n uniformada.<\/p>\n\n\n\n<p>Luego, en la tarde, una vigilancia a\u00e9rea de la patrulladron identific\u00f3 a un individuo que estaba sustrayendo especies desde el interior de automoviles estacionados en la Isla Caut\u00edn. El hombre fue r\u00e1pidamente detenido por funcionarios de la Secci\u00f3n Motorizada de Seguridad P\u00fablica -por el delito de robo de especies desde el interior de veh\u00edculo motorizado en car\u00e1cter de frustrado- y entregado a Carabineros.<\/p>\n\n\n\n<p>Las especies fueron recuperadas como tambi\u00e9n el elemento para abrir los veh\u00edculos.<\/p>\n\n\n\n<p>El director de Seguridad P\u00fablica de Temuco, Israel Campusano, asegur\u00f3 que el municipio continuar\u00e1 &#8220;realizando un trabajo preventivo riguroso para garantizar la seguridad de todos durante las celebraciones. Nuestro compromiso es seguir protegiendo a la comunidad, actuando con rapidez y eficacia ante cualquier situaci\u00f3n que lo requiera&#8221;.<\/p>\n\n\n\n<p>Foto Seguridad P\u00fablica<\/p>\n\n\n\n<figure class=\"wp-block-image size-large\"><img loading=\"lazy\" decoding=\"async\" width=\"1000\" height=\"563\" src=\"https:\/\/temucotelevision.cl\/web\/wp-content\/uploads\/2024\/09\/WhatsApp-Image-2024-09-19-at-18.03.06-2-1000x563.jpeg\" alt=\"\" class=\"wp-image-52614\" srcset=\"https:\/\/temucotelevision.cl\/web\/wp-content\/uploads\/2024\/09\/WhatsApp-Image-2024-09-19-at-18.03.06-2-1000x563.jpeg 1000w, https:\/\/temucotelevision.cl\/web\/wp-content\/uploads\/2024\/09\/WhatsApp-Image-2024-09-19-at-18.03.06-2-768x432.jpeg 768w, https:\/\/temucotelevision.cl\/web\/wp-content\/uploads\/2024\/09\/WhatsApp-Image-2024-09-19-at-18.03.06-2-1536x864.jpeg 1536w, https:\/\/temucotelevision.cl\/web\/wp-content\/uploads\/2024\/09\/WhatsApp-Image-2024-09-19-at-18.03.06-2.jpeg 1600w\" sizes=\"auto, (max-width: 1000px) 100vw, 1000px\" \/><\/figure>\n\n\n\n<figure class=\"wp-block-image size-large\"><img loading=\"lazy\" decoding=\"async\" width=\"1000\" height=\"519\" src=\"https:\/\/temucotelevision.cl\/web\/wp-content\/uploads\/2024\/09\/WhatsApp-Image-2024-09-19-at-18.03.06-1000x519.jpeg\" alt=\"\" class=\"wp-image-52613\" srcset=\"https:\/\/temucotelevision.cl\/web\/wp-content\/uploads\/2024\/09\/WhatsApp-Image-2024-09-19-at-18.03.06-1000x519.jpeg 1000w, https:\/\/temucotelevision.cl\/web\/wp-content\/uploads\/2024\/09\/WhatsApp-Image-2024-09-19-at-18.03.06-768x398.jpeg 768w, https:\/\/temucotelevision.cl\/web\/wp-content\/uploads\/2024\/09\/WhatsApp-Image-2024-09-19-at-18.03.06-1536x797.jpeg 1536w, https:\/\/temucotelevision.cl\/web\/wp-content\/uploads\/2024\/09\/WhatsApp-Image-2024-09-19-at-18.03.06.jpeg 1581w\" sizes=\"auto, (max-width: 1000px) 100vw, 1000px\" \/><\/figure>\n","protected":false},"excerpt":{"rendered":"<div class=\"pvc_clear\"><\/div>\n<p id=\"pvc_stats_52611\" class=\"pvc_stats total_only  \" data-element-id=\"52611\" style=\"\"><i class=\"pvc-stats-icon large\" aria-hidden=\"true\"><svg aria-hidden=\"true\" focusable=\"false\" data-prefix=\"far\" data-icon=\"chart-bar\" role=\"img\" xmlns=\"http:\/\/www.w3.org\/2000\/svg\" viewBox=\"0 0 512 512\" class=\"svg-inline--fa fa-chart-bar fa-w-16 fa-2x\"><path fill=\"currentColor\" d=\"M396.8 352h22.4c6.4 0 12.8-6.4 12.8-12.8V108.8c0-6.4-6.4-12.8-12.8-12.8h-22.4c-6.4 0-12.8 6.4-12.8 12.8v230.4c0 6.4 6.4 12.8 12.8 12.8zm-192 0h22.4c6.4 0 12.8-6.4 12.8-12.8V140.8c0-6.4-6.4-12.8-12.8-12.8h-22.4c-6.4 0-12.8 6.4-12.8 12.8v198.4c0 6.4 6.4 12.8 12.8 12.8zm96 0h22.4c6.4 0 12.8-6.4 12.8-12.8V204.8c0-6.4-6.4-12.8-12.8-12.8h-22.4c-6.4 0-12.8 6.4-12.8 12.8v134.4c0 6.4 6.4 12.8 12.8 12.8zM496 400H48V80c0-8.84-7.16-16-16-16H16C7.16 64 0 71.16 0 80v336c0 17.67 14.33 32 32 32h464c8.84 0 16-7.16 16-16v-16c0-8.84-7.16-16-16-16zm-387.2-48h22.4c6.4 0 12.8-6.4 12.8-12.8v-70.4c0-6.4-6.4-12.8-12.8-12.8h-22.4c-6.4 0-12.8 6.4-12.8 12.8v70.4c0 6.4 6.4 12.8 12.8 12.8z\" class=\"\"><\/path><\/svg><\/i> <img loading=\"lazy\" decoding=\"async\" width=\"16\" height=\"16\" alt=\"Loading\" src=\"https:\/\/temucotelevision.cl\/web\/wp-content\/plugins\/page-views-count\/ajax-loader-2x.gif\" border=0 \/><\/p>\n<div class=\"pvc_clear\"><\/div>\n<p>Los permanentes sobrevuelos de la patrulladron y patrullaje preventivos permitieron los exitosos procedimientos en el contesta de Fiestas Patrias. En<\/p>\n","protected":false},"author":1,"featured_media":52612,"comment_status":"open","ping_status":"open","sticky":false,"template":"","format":"standard","meta":{"colormag_page_container_layout":"default_layout","colormag_page_sidebar_layout":"default_layout","footnotes":""},"categories":[15,16],"tags":[949],"class_list":["post-52611","post","type-post","status-publish","format-standard","has-post-thumbnail","hentry","category-la-araucania","category-policial","tag-ladron"],"a3_pvc":{"activated":true,"total_views":4577,"today_views":0},"_links":{"self":[{"href":"https:\/\/temucotelevision.cl\/web\/wp-json\/wp\/v2\/posts\/52611","targetHints":{"allow":["GET"]}}],"collection":[{"href":"https:\/\/temucotelevision.cl\/web\/wp-json\/wp\/v2\/posts"}],"about":[{"href":"https:\/\/temucotelevision.cl\/web\/wp-json\/wp\/v2\/types\/post"}],"author":[{"embeddable":true,"href":"https:\/\/temucotelevision.cl\/web\/wp-json\/wp\/v2\/users\/1"}],"replies":[{"embeddable":true,"href":"https:\/\/temucotelevision.cl\/web\/wp-json\/wp\/v2\/comments?post=52611"}],"version-history":[{"count":1,"href":"https:\/\/temucotelevision.cl\/web\/wp-json\/wp\/v2\/posts\/52611\/revisions"}],"predecessor-version":[{"id":52615,"href":"https:\/\/temucotelevision.cl\/web\/wp-json\/wp\/v2\/posts\/52611\/revisions\/52615"}],"wp:featuredmedia":[{"embeddable":true,"href":"https:\/\/temucotelevision.cl\/web\/wp-json\/wp\/v2\/media\/52612"}],"wp:attachment":[{"href":"https:\/\/temucotelevision.cl\/web\/wp-json\/wp\/v2\/media?parent=52611"}],"wp:term":[{"taxonomy":"category","embeddable":true,"href":"https:\/\/temucotelevision.cl\/web\/wp-json\/wp\/v2\/categories?post=52611"},{"taxonomy":"post_tag","embeddable":true,"href":"https:\/\/temucotelevision.cl\/web\/wp-json\/wp\/v2\/tags?post=52611"}],"curies":[{"name":"wp","href":"https:\/\/api.w.org\/{rel}","templated":true}]}}