{"id":52401,"date":"2024-09-07T23:23:19","date_gmt":"2024-09-08T02:23:19","guid":{"rendered":"https:\/\/temucotelevision.cl\/web\/?p=52401"},"modified":"2024-09-07T23:23:20","modified_gmt":"2024-09-08T02:23:20","slug":"consumo-sera-el-principal-uso-que-los-trabajadores-le-daran-al-aguinaldo-de-fiestas-patrias","status":"publish","type":"post","link":"https:\/\/temucotelevision.cl\/web\/2024\/09\/07\/consumo-sera-el-principal-uso-que-los-trabajadores-le-daran-al-aguinaldo-de-fiestas-patrias\/","title":{"rendered":"Consumo ser\u00e1 el principal uso que los trabajadores le dar\u00e1n al aguinaldo de Fiestas Patrias"},"content":{"rendered":"<div class=\"pvc_clear\"><\/div><p id=\"pvc_stats_52401\" class=\"pvc_stats total_only  \" data-element-id=\"52401\" style=\"\"><i class=\"pvc-stats-icon large\" aria-hidden=\"true\"><svg aria-hidden=\"true\" focusable=\"false\" data-prefix=\"far\" data-icon=\"chart-bar\" role=\"img\" xmlns=\"http:\/\/www.w3.org\/2000\/svg\" viewBox=\"0 0 512 512\" class=\"svg-inline--fa fa-chart-bar fa-w-16 fa-2x\"><path fill=\"currentColor\" d=\"M396.8 352h22.4c6.4 0 12.8-6.4 12.8-12.8V108.8c0-6.4-6.4-12.8-12.8-12.8h-22.4c-6.4 0-12.8 6.4-12.8 12.8v230.4c0 6.4 6.4 12.8 12.8 12.8zm-192 0h22.4c6.4 0 12.8-6.4 12.8-12.8V140.8c0-6.4-6.4-12.8-12.8-12.8h-22.4c-6.4 0-12.8 6.4-12.8 12.8v198.4c0 6.4 6.4 12.8 12.8 12.8zm96 0h22.4c6.4 0 12.8-6.4 12.8-12.8V204.8c0-6.4-6.4-12.8-12.8-12.8h-22.4c-6.4 0-12.8 6.4-12.8 12.8v134.4c0 6.4 6.4 12.8 12.8 12.8zM496 400H48V80c0-8.84-7.16-16-16-16H16C7.16 64 0 71.16 0 80v336c0 17.67 14.33 32 32 32h464c8.84 0 16-7.16 16-16v-16c0-8.84-7.16-16-16-16zm-387.2-48h22.4c6.4 0 12.8-6.4 12.8-12.8v-70.4c0-6.4-6.4-12.8-12.8-12.8h-22.4c-6.4 0-12.8 6.4-12.8 12.8v70.4c0 6.4 6.4 12.8 12.8 12.8z\" class=\"\"><\/path><\/svg><\/i> <img loading=\"lazy\" decoding=\"async\" width=\"16\" height=\"16\" alt=\"Loading\" src=\"https:\/\/temucotelevision.cl\/web\/wp-content\/plugins\/page-views-count\/ajax-loader-2x.gif\" border=0 \/><\/p><div class=\"pvc_clear\"><\/div>\n<p>Resultados muestran un cambio de perspectivas con relaci\u00f3n a 2023, cuando la prioridad era el pago de deudas y el ahorro o inversi\u00f3n.<\/p>\n\n\n\n<p><a><\/a><a><\/a><a><\/a><strong>Santiago, agosto de 2024 \u2013&nbsp;<\/strong>El 54% de los trabajadores chilenos usar\u00e1 su aguinaldo de Fiestas Patrias para celebrar las extensas celebraciones del 18 de septiembre, seg\u00fan una encuesta realizada por la consultora&nbsp;<a href=\"http:\/\/www.roberthalf.cl\/\">Robert Half<\/a>.<\/p>\n\n\n\n<p>El sondeo revel\u00f3, adem\u00e1s, que el 72% de los encuestados recibir\u00e1 el tradicional aguinaldo. Y con relaci\u00f3n a los montos que recibir\u00e1n, el 74% asegura que ser\u00e1 igual al recibido el a\u00f1o pasado, un 20% mayor y apenas un 6% dijo no haberlo recibido en 2023.<\/p>\n\n\n\n<p>Casi la mitad de los trabajadores consultados (46%) manifest\u00f3 que el valor a recibir oscilar\u00e1 entre los $50.000 y los $100.000. El 22% revel\u00f3 que recibir\u00e1 m\u00e1s de $150.000, mientras que un 17% tendr\u00e1 un aguinaldo de menos de $50.000 y un 15%, una cifra entre los $100.000 y los $150.000.<\/p>\n\n\n\n<p><strong>Otros usos<\/strong><\/p>\n\n\n\n<p>El a\u00f1o pasado el principal destino del aguinaldo fue pagar deudas, invertir o ahorrar, esta vez la cosa ser\u00e1 distinta. Mientras la amplia mayor\u00eda lo usar\u00e1 para los gastos generados durante el extenso feriado de Fiestas Patrias, un 17% lo usar\u00e1 para pagar cuentas. El mismo porcentaje dice que espera usarlo para inversi\u00f3n o ahorro y solo un 7% lo pretende destinar para viajar. Finalmente, un 4% lo destinar\u00e1 a otro tipo de usos.<\/p>\n\n\n\n<p>En la visi\u00f3n del 74% de los encuestados, el no entregar aguinaldo es una decisi\u00f3n que puede provocar alg\u00fan conflicto o afectar el clima laboral de la empresa. En esa l\u00ednea,&nbsp;el director asociado de Robert Half Chile, Caio Arnaes, dijo que \u201caunque no es obligatorio, forma parte de la cultura laboral del pa\u00eds y se trata de un incentivo que genera un clima de expectaci\u00f3n y motivaci\u00f3n muy positivo, tanto para los trabajadores como para las empresas\u201d.<\/p>\n\n\n\n<p>Sobre Robert Half<\/p>\n\n\n\n<p>Es la primera y mayor empresa de reclutamiento especializado del mundo. Fundada en 1948, la empresa opera en Chile seleccionando profesionales permanentes y para proyectos especializados en las&nbsp;\u00e1reas de finanzas, contabilidad, mercado financiero, ingenier\u00eda, tecnolog\u00eda,&nbsp;recursos humanos, marketing y ventas.<\/p>\n\n\n\n<p>Con presencia global y actuaci\u00f3n en Norte Am\u00e9rica, Europa, Asia, Sudam\u00e9rica y Ocean\u00eda, Robert Half aparece en listas de empresa m\u00e1s admiradas del mundo. La compa\u00f1\u00eda tambi\u00e9n es reconocida por su compromiso de promover la igualdad y proporcionar una cultura que apoya la diversidad.<\/p>\n\n\n\n<p>Este mensaje contiene informaciones confidenciales y privilegiadas. Caso no seas el destinatario deseado, no podr\u00e1s difundir, distribuir, reproducir o utilizar de cualquier otro modo este mensaje o sus anexos. Caso hayas recibido este mensaje por error, por favor informa al remitente inmediatamente, envi\u00e1ndole una respuesta a este mensaje y elim\u00ednalo de tu computador. Gracias por tu colaboraci\u00f3n.<\/p>\n\n\n\n<p><\/p>\n","protected":false},"excerpt":{"rendered":"<div class=\"pvc_clear\"><\/div>\n<p id=\"pvc_stats_52401\" class=\"pvc_stats total_only  \" data-element-id=\"52401\" style=\"\"><i class=\"pvc-stats-icon large\" aria-hidden=\"true\"><svg aria-hidden=\"true\" focusable=\"false\" data-prefix=\"far\" data-icon=\"chart-bar\" role=\"img\" xmlns=\"http:\/\/www.w3.org\/2000\/svg\" viewBox=\"0 0 512 512\" class=\"svg-inline--fa fa-chart-bar fa-w-16 fa-2x\"><path fill=\"currentColor\" d=\"M396.8 352h22.4c6.4 0 12.8-6.4 12.8-12.8V108.8c0-6.4-6.4-12.8-12.8-12.8h-22.4c-6.4 0-12.8 6.4-12.8 12.8v230.4c0 6.4 6.4 12.8 12.8 12.8zm-192 0h22.4c6.4 0 12.8-6.4 12.8-12.8V140.8c0-6.4-6.4-12.8-12.8-12.8h-22.4c-6.4 0-12.8 6.4-12.8 12.8v198.4c0 6.4 6.4 12.8 12.8 12.8zm96 0h22.4c6.4 0 12.8-6.4 12.8-12.8V204.8c0-6.4-6.4-12.8-12.8-12.8h-22.4c-6.4 0-12.8 6.4-12.8 12.8v134.4c0 6.4 6.4 12.8 12.8 12.8zM496 400H48V80c0-8.84-7.16-16-16-16H16C7.16 64 0 71.16 0 80v336c0 17.67 14.33 32 32 32h464c8.84 0 16-7.16 16-16v-16c0-8.84-7.16-16-16-16zm-387.2-48h22.4c6.4 0 12.8-6.4 12.8-12.8v-70.4c0-6.4-6.4-12.8-12.8-12.8h-22.4c-6.4 0-12.8 6.4-12.8 12.8v70.4c0 6.4 6.4 12.8 12.8 12.8z\" class=\"\"><\/path><\/svg><\/i> <img loading=\"lazy\" decoding=\"async\" width=\"16\" height=\"16\" alt=\"Loading\" src=\"https:\/\/temucotelevision.cl\/web\/wp-content\/plugins\/page-views-count\/ajax-loader-2x.gif\" border=0 \/><\/p>\n<div class=\"pvc_clear\"><\/div>\n<p>Resultados muestran un cambio de perspectivas con relaci\u00f3n a 2023, cuando la prioridad era el pago de deudas y el<\/p>\n","protected":false},"author":1,"featured_media":5566,"comment_status":"open","ping_status":"open","sticky":false,"template":"","format":"standard","meta":{"colormag_page_container_layout":"default_layout","colormag_page_sidebar_layout":"default_layout","footnotes":""},"categories":[101],"tags":[2884],"class_list":["post-52401","post","type-post","status-publish","format-standard","has-post-thumbnail","hentry","category-actualidad","tag-fiestas-patrias"],"a3_pvc":{"activated":true,"total_views":962,"today_views":0},"_links":{"self":[{"href":"https:\/\/temucotelevision.cl\/web\/wp-json\/wp\/v2\/posts\/52401","targetHints":{"allow":["GET"]}}],"collection":[{"href":"https:\/\/temucotelevision.cl\/web\/wp-json\/wp\/v2\/posts"}],"about":[{"href":"https:\/\/temucotelevision.cl\/web\/wp-json\/wp\/v2\/types\/post"}],"author":[{"embeddable":true,"href":"https:\/\/temucotelevision.cl\/web\/wp-json\/wp\/v2\/users\/1"}],"replies":[{"embeddable":true,"href":"https:\/\/temucotelevision.cl\/web\/wp-json\/wp\/v2\/comments?post=52401"}],"version-history":[{"count":1,"href":"https:\/\/temucotelevision.cl\/web\/wp-json\/wp\/v2\/posts\/52401\/revisions"}],"predecessor-version":[{"id":52402,"href":"https:\/\/temucotelevision.cl\/web\/wp-json\/wp\/v2\/posts\/52401\/revisions\/52402"}],"wp:featuredmedia":[{"embeddable":true,"href":"https:\/\/temucotelevision.cl\/web\/wp-json\/wp\/v2\/media\/5566"}],"wp:attachment":[{"href":"https:\/\/temucotelevision.cl\/web\/wp-json\/wp\/v2\/media?parent=52401"}],"wp:term":[{"taxonomy":"category","embeddable":true,"href":"https:\/\/temucotelevision.cl\/web\/wp-json\/wp\/v2\/categories?post=52401"},{"taxonomy":"post_tag","embeddable":true,"href":"https:\/\/temucotelevision.cl\/web\/wp-json\/wp\/v2\/tags?post=52401"}],"curies":[{"name":"wp","href":"https:\/\/api.w.org\/{rel}","templated":true}]}}