{"id":52392,"date":"2024-09-07T19:45:50","date_gmt":"2024-09-07T22:45:50","guid":{"rendered":"https:\/\/temucotelevision.cl\/web\/?p=52392"},"modified":"2024-09-07T19:45:51","modified_gmt":"2024-09-07T22:45:51","slug":"amanda-miguel-sorprende-a-sus-fans-en-guadalajara-una-noche-inolvidable-en-sala-de-despecho","status":"publish","type":"post","link":"https:\/\/temucotelevision.cl\/web\/2024\/09\/07\/amanda-miguel-sorprende-a-sus-fans-en-guadalajara-una-noche-inolvidable-en-sala-de-despecho\/","title":{"rendered":"Amanda Miguel sorprende a sus fans en Guadalajara: una noche inolvidable en Sala de Despecho"},"content":{"rendered":"<div class=\"pvc_clear\"><\/div><p id=\"pvc_stats_52392\" class=\"pvc_stats total_only  \" data-element-id=\"52392\" style=\"\"><i class=\"pvc-stats-icon large\" aria-hidden=\"true\"><svg aria-hidden=\"true\" focusable=\"false\" data-prefix=\"far\" data-icon=\"chart-bar\" role=\"img\" xmlns=\"http:\/\/www.w3.org\/2000\/svg\" viewBox=\"0 0 512 512\" class=\"svg-inline--fa fa-chart-bar fa-w-16 fa-2x\"><path fill=\"currentColor\" d=\"M396.8 352h22.4c6.4 0 12.8-6.4 12.8-12.8V108.8c0-6.4-6.4-12.8-12.8-12.8h-22.4c-6.4 0-12.8 6.4-12.8 12.8v230.4c0 6.4 6.4 12.8 12.8 12.8zm-192 0h22.4c6.4 0 12.8-6.4 12.8-12.8V140.8c0-6.4-6.4-12.8-12.8-12.8h-22.4c-6.4 0-12.8 6.4-12.8 12.8v198.4c0 6.4 6.4 12.8 12.8 12.8zm96 0h22.4c6.4 0 12.8-6.4 12.8-12.8V204.8c0-6.4-6.4-12.8-12.8-12.8h-22.4c-6.4 0-12.8 6.4-12.8 12.8v134.4c0 6.4 6.4 12.8 12.8 12.8zM496 400H48V80c0-8.84-7.16-16-16-16H16C7.16 64 0 71.16 0 80v336c0 17.67 14.33 32 32 32h464c8.84 0 16-7.16 16-16v-16c0-8.84-7.16-16-16-16zm-387.2-48h22.4c6.4 0 12.8-6.4 12.8-12.8v-70.4c0-6.4-6.4-12.8-12.8-12.8h-22.4c-6.4 0-12.8 6.4-12.8 12.8v70.4c0 6.4 6.4 12.8 12.8 12.8z\" class=\"\"><\/path><\/svg><\/i> <img loading=\"lazy\" decoding=\"async\" width=\"16\" height=\"16\" alt=\"Loading\" src=\"https:\/\/temucotelevision.cl\/web\/wp-content\/plugins\/page-views-count\/ajax-loader-2x.gif\" border=0 \/><\/p><div class=\"pvc_clear\"><\/div>\n<p>Anoche, en el coraz\u00f3n de Guadalajara, Jalisco, los clientes del popular restaurante-bar SALA DE DESPECHO vivieron una experiencia que jam\u00e1s olvidar\u00e1n. Lo que parec\u00eda una noche tranquila de cena y buena m\u00fasica se convirti\u00f3 en un momento \u00e9pico cuando los primeros acordes de \u201cAs\u00ed no te amar\u00e1 jam\u00e1s\u201d comenzaron a sonar. La atm\u00f3sfera en el lugar se llen\u00f3 de energ\u00eda cuando, de repente, Amanda Miguel, la ic\u00f3nica cantautora argentina, apareci\u00f3 en el escenario para interpretar su \u00e9xito en vivo.<\/p>\n\n\n\n<p>La reacci\u00f3n del p\u00fablico no se hizo esperar. Cientos de personas se pusieron de pie, emocionadas y sorprendidas por la inesperada aparici\u00f3n de la legendaria artista. Entre gritos, aplausos y coreando cada palabra de la canci\u00f3n, los presentes no pod\u00edan creer que estaban siendo testigos de un momento tan especial. Amanda Miguel, siempre conectada con su p\u00fablico, cant\u00f3 con la pasi\u00f3n y fuerza que la caracteriza, ofreciendo una breve pero inolvidable interpretaci\u00f3n.<\/p>\n\n\n\n<p>La sorpresa no dur\u00f3 mucho, ya que Amanda, tras terminar la canci\u00f3n, se despidi\u00f3 r\u00e1pidamente para descansar antes de su esperado concierto en el Auditorio Telmex, programado para hoy viernes 6 de septiembre, con entradas agotadas. Sin embargo, el impacto del momento fue tan fuerte que, en cuesti\u00f3n de horas, el video del evento ya se hab\u00eda vuelto viral en redes sociales, convirti\u00e9ndose en tendencia en toda la capital tapat\u00eda.<\/p>\n\n\n\n<p>Este gesto de Amanda Miguel no solo demuestra su incre\u00edble talento, sino tambi\u00e9n la humildad y cercan\u00eda que tiene con su p\u00fablico. En su cuenta de Instagram, la cantante comparti\u00f3 un video del emotivo momento, agradeciendo a sus fans por el cari\u00f1o que le brindan en cada presentaci\u00f3n.<\/p>\n\n\n\n<p>Amanda Miguel ha dejado una huella imborrable en la m\u00fasica en espa\u00f1ol, y noches como esta reafirman su lugar en el coraz\u00f3n de sus seguidores. Sin duda, un ejemplo de c\u00f3mo la sencillez y la gratitud pueden engrandecer a\u00fan m\u00e1s a una artista.<\/p>\n\n\n\n<p><strong>Redes sociales de Amanda Miguel:<\/strong><\/p>\n\n\n\n<ul class=\"wp-block-list\">\n<li>Instagram: <a href=\"https:\/\/www.instagram.com\/yoamandamiguel\/\">@yoamandamiguel<\/a><\/li>\n\n\n\n<li>Facebook: <a href=\"https:\/\/www.facebook.com\/AmandaMiguels\">@AmandaMiguels<\/a><\/li>\n\n\n\n<li>Twitter: <a href=\"https:\/\/twitter.com\/amandamiguels\">@amandamiguels<\/a><\/li>\n\n\n\n<li>YouTube: <a href=\"https:\/\/www.youtube.com\/channel\/UCYHEvT_CRpUSx2E7Qfw52wA\">Amanda Miguel<\/a><\/li>\n<\/ul>\n\n\n\n<p>Adem\u00e1s, puedes seguir sus pr\u00f3ximos eventos en su sitio web oficial:<br><a href=\"https:\/\/amandamiguel.com\/events\">Amanda Miguel &#8211; Pr\u00f3ximos eventos<\/a><\/p>\n\n\n\n<figure class=\"wp-block-image size-large\"><img loading=\"lazy\" decoding=\"async\" width=\"1000\" height=\"568\" src=\"https:\/\/temucotelevision.cl\/web\/wp-content\/uploads\/2024\/09\/Amanda-Miguel3-1000x568.jpg\" alt=\"\" class=\"wp-image-52395\" srcset=\"https:\/\/temucotelevision.cl\/web\/wp-content\/uploads\/2024\/09\/Amanda-Miguel3-1000x568.jpg 1000w, https:\/\/temucotelevision.cl\/web\/wp-content\/uploads\/2024\/09\/Amanda-Miguel3-768x436.jpg 768w, https:\/\/temucotelevision.cl\/web\/wp-content\/uploads\/2024\/09\/Amanda-Miguel3-1536x872.jpg 1536w, https:\/\/temucotelevision.cl\/web\/wp-content\/uploads\/2024\/09\/Amanda-Miguel3.jpg 1600w\" sizes=\"auto, (max-width: 1000px) 100vw, 1000px\" \/><\/figure>\n\n\n\n<figure class=\"wp-block-image size-large\"><img loading=\"lazy\" decoding=\"async\" width=\"563\" height=\"1000\" src=\"https:\/\/temucotelevision.cl\/web\/wp-content\/uploads\/2024\/09\/Amanda-Miguel2-563x1000.jpg\" alt=\"\" class=\"wp-image-52394\" srcset=\"https:\/\/temucotelevision.cl\/web\/wp-content\/uploads\/2024\/09\/Amanda-Miguel2-563x1000.jpg 563w, https:\/\/temucotelevision.cl\/web\/wp-content\/uploads\/2024\/09\/Amanda-Miguel2-768x1365.jpg 768w, https:\/\/temucotelevision.cl\/web\/wp-content\/uploads\/2024\/09\/Amanda-Miguel2-864x1536.jpg 864w, https:\/\/temucotelevision.cl\/web\/wp-content\/uploads\/2024\/09\/Amanda-Miguel2.jpg 900w\" sizes=\"auto, (max-width: 563px) 100vw, 563px\" \/><\/figure>\n","protected":false},"excerpt":{"rendered":"<div class=\"pvc_clear\"><\/div>\n<p id=\"pvc_stats_52392\" class=\"pvc_stats total_only  \" data-element-id=\"52392\" style=\"\"><i class=\"pvc-stats-icon large\" aria-hidden=\"true\"><svg aria-hidden=\"true\" focusable=\"false\" data-prefix=\"far\" data-icon=\"chart-bar\" role=\"img\" xmlns=\"http:\/\/www.w3.org\/2000\/svg\" viewBox=\"0 0 512 512\" class=\"svg-inline--fa fa-chart-bar fa-w-16 fa-2x\"><path fill=\"currentColor\" d=\"M396.8 352h22.4c6.4 0 12.8-6.4 12.8-12.8V108.8c0-6.4-6.4-12.8-12.8-12.8h-22.4c-6.4 0-12.8 6.4-12.8 12.8v230.4c0 6.4 6.4 12.8 12.8 12.8zm-192 0h22.4c6.4 0 12.8-6.4 12.8-12.8V140.8c0-6.4-6.4-12.8-12.8-12.8h-22.4c-6.4 0-12.8 6.4-12.8 12.8v198.4c0 6.4 6.4 12.8 12.8 12.8zm96 0h22.4c6.4 0 12.8-6.4 12.8-12.8V204.8c0-6.4-6.4-12.8-12.8-12.8h-22.4c-6.4 0-12.8 6.4-12.8 12.8v134.4c0 6.4 6.4 12.8 12.8 12.8zM496 400H48V80c0-8.84-7.16-16-16-16H16C7.16 64 0 71.16 0 80v336c0 17.67 14.33 32 32 32h464c8.84 0 16-7.16 16-16v-16c0-8.84-7.16-16-16-16zm-387.2-48h22.4c6.4 0 12.8-6.4 12.8-12.8v-70.4c0-6.4-6.4-12.8-12.8-12.8h-22.4c-6.4 0-12.8 6.4-12.8 12.8v70.4c0 6.4 6.4 12.8 12.8 12.8z\" class=\"\"><\/path><\/svg><\/i> <img loading=\"lazy\" decoding=\"async\" width=\"16\" height=\"16\" alt=\"Loading\" src=\"https:\/\/temucotelevision.cl\/web\/wp-content\/plugins\/page-views-count\/ajax-loader-2x.gif\" border=0 \/><\/p>\n<div class=\"pvc_clear\"><\/div>\n<p>Anoche, en el coraz\u00f3n de Guadalajara, Jalisco, los clientes del popular restaurante-bar SALA DE DESPECHO vivieron una experiencia que jam\u00e1s<\/p>\n","protected":false},"author":1,"featured_media":52393,"comment_status":"open","ping_status":"open","sticky":false,"template":"","format":"standard","meta":{"colormag_page_container_layout":"default_layout","colormag_page_sidebar_layout":"default_layout","footnotes":""},"categories":[369],"tags":[801],"class_list":["post-52392","post","type-post","status-publish","format-standard","has-post-thumbnail","hentry","category-musica","tag-cantante"],"a3_pvc":{"activated":true,"total_views":8287,"today_views":0},"_links":{"self":[{"href":"https:\/\/temucotelevision.cl\/web\/wp-json\/wp\/v2\/posts\/52392","targetHints":{"allow":["GET"]}}],"collection":[{"href":"https:\/\/temucotelevision.cl\/web\/wp-json\/wp\/v2\/posts"}],"about":[{"href":"https:\/\/temucotelevision.cl\/web\/wp-json\/wp\/v2\/types\/post"}],"author":[{"embeddable":true,"href":"https:\/\/temucotelevision.cl\/web\/wp-json\/wp\/v2\/users\/1"}],"replies":[{"embeddable":true,"href":"https:\/\/temucotelevision.cl\/web\/wp-json\/wp\/v2\/comments?post=52392"}],"version-history":[{"count":1,"href":"https:\/\/temucotelevision.cl\/web\/wp-json\/wp\/v2\/posts\/52392\/revisions"}],"predecessor-version":[{"id":52396,"href":"https:\/\/temucotelevision.cl\/web\/wp-json\/wp\/v2\/posts\/52392\/revisions\/52396"}],"wp:featuredmedia":[{"embeddable":true,"href":"https:\/\/temucotelevision.cl\/web\/wp-json\/wp\/v2\/media\/52393"}],"wp:attachment":[{"href":"https:\/\/temucotelevision.cl\/web\/wp-json\/wp\/v2\/media?parent=52392"}],"wp:term":[{"taxonomy":"category","embeddable":true,"href":"https:\/\/temucotelevision.cl\/web\/wp-json\/wp\/v2\/categories?post=52392"},{"taxonomy":"post_tag","embeddable":true,"href":"https:\/\/temucotelevision.cl\/web\/wp-json\/wp\/v2\/tags?post=52392"}],"curies":[{"name":"wp","href":"https:\/\/api.w.org\/{rel}","templated":true}]}}