{"id":52389,"date":"2024-09-07T19:36:26","date_gmt":"2024-09-07T22:36:26","guid":{"rendered":"https:\/\/temucotelevision.cl\/web\/?p=52389"},"modified":"2024-09-07T19:36:27","modified_gmt":"2024-09-07T22:36:27","slug":"junto-a-mas-de-100-influencers-teleton-lanza-gen-t-su-nueva-comunidad-para-movilizar-a-los-jovenes-por-la-causa-de-la-inclusion-en-chile","status":"publish","type":"post","link":"https:\/\/temucotelevision.cl\/web\/2024\/09\/07\/junto-a-mas-de-100-influencers-teleton-lanza-gen-t-su-nueva-comunidad-para-movilizar-a-los-jovenes-por-la-causa-de-la-inclusion-en-chile\/","title":{"rendered":"Junto a m\u00e1s de 100 influencers: Telet\u00f3n lanza Gen-T, su nueva comunidad para movilizar a los j\u00f3venes por la causa de la inclusi\u00f3n en Chile"},"content":{"rendered":"<div class=\"pvc_clear\"><\/div><p id=\"pvc_stats_52389\" class=\"pvc_stats total_only  \" data-element-id=\"52389\" style=\"\"><i class=\"pvc-stats-icon large\" aria-hidden=\"true\"><svg aria-hidden=\"true\" focusable=\"false\" data-prefix=\"far\" data-icon=\"chart-bar\" role=\"img\" xmlns=\"http:\/\/www.w3.org\/2000\/svg\" viewBox=\"0 0 512 512\" class=\"svg-inline--fa fa-chart-bar fa-w-16 fa-2x\"><path fill=\"currentColor\" d=\"M396.8 352h22.4c6.4 0 12.8-6.4 12.8-12.8V108.8c0-6.4-6.4-12.8-12.8-12.8h-22.4c-6.4 0-12.8 6.4-12.8 12.8v230.4c0 6.4 6.4 12.8 12.8 12.8zm-192 0h22.4c6.4 0 12.8-6.4 12.8-12.8V140.8c0-6.4-6.4-12.8-12.8-12.8h-22.4c-6.4 0-12.8 6.4-12.8 12.8v198.4c0 6.4 6.4 12.8 12.8 12.8zm96 0h22.4c6.4 0 12.8-6.4 12.8-12.8V204.8c0-6.4-6.4-12.8-12.8-12.8h-22.4c-6.4 0-12.8 6.4-12.8 12.8v134.4c0 6.4 6.4 12.8 12.8 12.8zM496 400H48V80c0-8.84-7.16-16-16-16H16C7.16 64 0 71.16 0 80v336c0 17.67 14.33 32 32 32h464c8.84 0 16-7.16 16-16v-16c0-8.84-7.16-16-16-16zm-387.2-48h22.4c6.4 0 12.8-6.4 12.8-12.8v-70.4c0-6.4-6.4-12.8-12.8-12.8h-22.4c-6.4 0-12.8 6.4-12.8 12.8v70.4c0 6.4 6.4 12.8 12.8 12.8z\" class=\"\"><\/path><\/svg><\/i> <img loading=\"lazy\" decoding=\"async\" width=\"16\" height=\"16\" alt=\"Loading\" src=\"https:\/\/temucotelevision.cl\/web\/wp-content\/plugins\/page-views-count\/ajax-loader-2x.gif\" border=0 \/><\/p><div class=\"pvc_clear\"><\/div>\n<ul class=\"wp-block-list\">\n<li>Esta nueva comunidad permitir\u00e1, mediante inscripci\u00f3n en su p\u00e1gina web, participar en experiencias y panoramas de corte inclusivo, entre ellas conciertos y actividades de Telet\u00f3n con influencers y artistas.<\/li>\n\n\n\n<li>En el evento se estren\u00f3 el videoclip oficial del himno Telet\u00f3n 2024, interpretado por Kidd Voodoo, La Combo Tortuga, Pablito Pesadilla y Leo Muena.<\/li>\n<\/ul>\n\n\n\n<p>M\u00e1s de 100 influencers fueron parte del lanzamiento de&nbsp;<strong>&#8220;Gen-T&#8221;,<\/strong>&nbsp;la nueva comunidad de Telet\u00f3n que busca involucrar a las nuevas generaciones con la inclusi\u00f3n y su causa solidaria, y que tendr\u00e1 su campa\u00f1a anual de recaudaci\u00f3n este 8 y 9 de noviembre.&nbsp;<\/p>\n\n\n\n<p>El evento, realizado en el Karting Speed Park de Huechuraba y que fue animado por Juan Pablo Queralt\u00f3, comenz\u00f3 con la presentaci\u00f3n del&nbsp;<strong>videoclip oficial del himno Telet\u00f3n<\/strong>, que este a\u00f1o mezcla el ritmo urbano con el tropical gracias a la colaboraci\u00f3n de Kidd Voodoo, La Combo Tortuga, Pablito Pesadilla y la voz de Leo Muena, ex paciente del Instituto Telet\u00f3n de Santiago.&nbsp;<\/p>\n\n\n\n<p>Este nuevo colectivo o comunidad est\u00e1 abierto a la participaci\u00f3n de todas las personas, aunque con especial foco en el rango etario de 13 a 30 a\u00f1os: la llamada \u201cGeneraci\u00f3n Z\u201d.&nbsp;<\/p>\n\n\n\n<p>La comunidad cuenta con una plataforma web que ofrece la posibilidad de participar en actividades y panoramas de corte inclusivo, entre ellas conciertos, actividades con influencers y artistas, y beneficios como prioridad para la entrega de entradas para el programa Telet\u00f3n 2024, entre otras.&nbsp;<\/p>\n\n\n\n<p>&#8220;Gen-T es una comunidad que busca tener conexi\u00f3n con la inclusi\u00f3n a trav\u00e9s de distintas actividades o experiencias que vamos a ir publicando en el sitio web. Esto es parte de un esfuerzo que estamos realizando como Telet\u00f3n para conectarnos con las nuevas generaciones, para que se sientan convocados por la obra de la Telet\u00f3n y podamos continuar con esta causa solidaria por muchos a\u00f1os m\u00e1s&#8221;, detall\u00f3 Benjam\u00edn D\u00edaz, director ejecutivo de Fundaci\u00f3n Telet\u00f3n.&nbsp;<\/p>\n\n\n\n<p>Uno de los embajadores de la comunidad Gen-T es&nbsp;<strong>Joseph Rivas<\/strong>&nbsp;(\u201cchico el\u00e9ctrico\u201d), cuya historia se conoci\u00f3 en la Telet\u00f3n de 2022. \u201cEstoy muy emocionado por ser embajador de Gen-T. Esta iniciativa busca que todos los j\u00f3venes podamos ser parte de Telet\u00f3n, pero de una forma divertida, donde podr\u00e1n ir ganando entradas y otras experiencias\u201d<strong>,&nbsp;<\/strong>expres\u00f3 Rivas.&nbsp;<\/p>\n\n\n\n<p>Joseph, quien hoy es influencer y da sus primeros pasos en el&nbsp;<em>stand-up comedy<\/em>, record\u00f3 su propia experiencia de rehabilitaci\u00f3n en Telet\u00f3n tras sufrir una inflamaci\u00f3n cerebral que lo dej\u00f3 con diversas secuelas, entre ellas temblores corporales. \u201cEn mi caso, yo conoc\u00ed la Telet\u00f3n cuando la necesit\u00e9, antes no la conoc\u00eda. No sab\u00eda los valores que entregaba y el trabajo que se realizaba en los institutos. Es por eso que Gen-T busca que los j\u00f3venes se unan a Telet\u00f3n y as\u00ed, desde los m\u00e1s chicos a los m\u00e1s grandes, vayamos haciendo de Chile un pa\u00eds m\u00e1s inclusivo\u201d, explic\u00f3.<\/p>\n\n\n\n<p>Adem\u00e1s de \u201cchico el\u00e9ctrico\u201d, en el lanzamiento de Gen-T participaron otros influencers de diversas comunidades, como el mundo gamer, deportivo, musical, lifestyle, foodie y pet friendly, quienes decidieron unirse al desaf\u00edo y convertirse en \u201cembajadores Gen-T&#8221;, para motivar a sus seguidores a ser parte de este colectivo, difundiendo las actividades de Telet\u00f3n a trav\u00e9s de sus redes sociales. Algunos de los embajadores son Maxi Bustos, Camila Herrera, Oliver Borner, Tati Fern\u00e1ndez, Francisca Carvajal (Pancha Sky), entre otros.<\/p>\n\n\n\n<p>En la actividad tambi\u00e9n se realiz\u00f3 el lanzamiento oficial del torneo de&nbsp;<strong>E-Sports<\/strong>, que finalizar\u00e1 durante el programa Telet\u00f3n y una competencia de karting inclusivo, inaugurada por \u00d3scar \u00c1lvarez, \u201cOscarito\u201d, quien lleg\u00f3 caracterizado como \u201cDon Francisco\u201d.&nbsp;<\/p>\n\n\n\n<p>El evento fue transmitido en vivo a trav\u00e9s de&nbsp;<strong>Twitch y Youtube<\/strong>, lo que permiti\u00f3 a miles de espectadores conectarse y disfrutar de la acci\u00f3n.<\/p>\n\n\n\n<p><strong>\u00bfC\u00f3mo puedo inscribirme en Gen-T?<\/strong><\/p>\n\n\n\n<p>Para sumarse a esta nueva comunidad solo es necesario registrarse en&nbsp;<a href=\"http:\/\/www.gent.cl\/\"><u>www.gent.cl<\/u><\/a>. Una vez dentro, los miembros podr\u00e1n obtener puntos realizando distintas tareas y acciones en la misma plataforma. De hecho, registrarse, iniciar sesi\u00f3n, completar su perfil o compartir contenido en redes sociales entregan puntos para cambiar por experiencias Gen-T, y cada semana la plataforma contar\u00e1 con nuevas actividades y beneficios.&nbsp;<\/p>\n\n\n\n<p>Con este lanzamiento, la Telet\u00f3n reafirma su compromiso con la inclusi\u00f3n y la solidaridad, integrando y sensibilizando a las nuevas generaciones con la hist\u00f3rica campa\u00f1a que durante 46 a\u00f1os ha movilizado y unido a todo un pa\u00eds.<\/p>\n","protected":false},"excerpt":{"rendered":"<div class=\"pvc_clear\"><\/div>\n<p id=\"pvc_stats_52389\" class=\"pvc_stats total_only  \" data-element-id=\"52389\" style=\"\"><i class=\"pvc-stats-icon large\" aria-hidden=\"true\"><svg aria-hidden=\"true\" focusable=\"false\" data-prefix=\"far\" data-icon=\"chart-bar\" role=\"img\" xmlns=\"http:\/\/www.w3.org\/2000\/svg\" viewBox=\"0 0 512 512\" class=\"svg-inline--fa fa-chart-bar fa-w-16 fa-2x\"><path fill=\"currentColor\" d=\"M396.8 352h22.4c6.4 0 12.8-6.4 12.8-12.8V108.8c0-6.4-6.4-12.8-12.8-12.8h-22.4c-6.4 0-12.8 6.4-12.8 12.8v230.4c0 6.4 6.4 12.8 12.8 12.8zm-192 0h22.4c6.4 0 12.8-6.4 12.8-12.8V140.8c0-6.4-6.4-12.8-12.8-12.8h-22.4c-6.4 0-12.8 6.4-12.8 12.8v198.4c0 6.4 6.4 12.8 12.8 12.8zm96 0h22.4c6.4 0 12.8-6.4 12.8-12.8V204.8c0-6.4-6.4-12.8-12.8-12.8h-22.4c-6.4 0-12.8 6.4-12.8 12.8v134.4c0 6.4 6.4 12.8 12.8 12.8zM496 400H48V80c0-8.84-7.16-16-16-16H16C7.16 64 0 71.16 0 80v336c0 17.67 14.33 32 32 32h464c8.84 0 16-7.16 16-16v-16c0-8.84-7.16-16-16-16zm-387.2-48h22.4c6.4 0 12.8-6.4 12.8-12.8v-70.4c0-6.4-6.4-12.8-12.8-12.8h-22.4c-6.4 0-12.8 6.4-12.8 12.8v70.4c0 6.4 6.4 12.8 12.8 12.8z\" class=\"\"><\/path><\/svg><\/i> <img loading=\"lazy\" decoding=\"async\" width=\"16\" height=\"16\" alt=\"Loading\" src=\"https:\/\/temucotelevision.cl\/web\/wp-content\/plugins\/page-views-count\/ajax-loader-2x.gif\" border=0 \/><\/p>\n<div class=\"pvc_clear\"><\/div>\n<p>M\u00e1s de 100 influencers fueron parte del lanzamiento de&nbsp;&#8220;Gen-T&#8221;,&nbsp;la nueva comunidad de Telet\u00f3n que busca involucrar a las nuevas generaciones<\/p>\n","protected":false},"author":1,"featured_media":52390,"comment_status":"open","ping_status":"open","sticky":false,"template":"","format":"standard","meta":{"colormag_page_container_layout":"default_layout","colormag_page_sidebar_layout":"default_layout","footnotes":""},"categories":[101],"tags":[],"class_list":["post-52389","post","type-post","status-publish","format-standard","has-post-thumbnail","hentry","category-actualidad"],"a3_pvc":{"activated":true,"total_views":957,"today_views":0},"_links":{"self":[{"href":"https:\/\/temucotelevision.cl\/web\/wp-json\/wp\/v2\/posts\/52389","targetHints":{"allow":["GET"]}}],"collection":[{"href":"https:\/\/temucotelevision.cl\/web\/wp-json\/wp\/v2\/posts"}],"about":[{"href":"https:\/\/temucotelevision.cl\/web\/wp-json\/wp\/v2\/types\/post"}],"author":[{"embeddable":true,"href":"https:\/\/temucotelevision.cl\/web\/wp-json\/wp\/v2\/users\/1"}],"replies":[{"embeddable":true,"href":"https:\/\/temucotelevision.cl\/web\/wp-json\/wp\/v2\/comments?post=52389"}],"version-history":[{"count":1,"href":"https:\/\/temucotelevision.cl\/web\/wp-json\/wp\/v2\/posts\/52389\/revisions"}],"predecessor-version":[{"id":52391,"href":"https:\/\/temucotelevision.cl\/web\/wp-json\/wp\/v2\/posts\/52389\/revisions\/52391"}],"wp:featuredmedia":[{"embeddable":true,"href":"https:\/\/temucotelevision.cl\/web\/wp-json\/wp\/v2\/media\/52390"}],"wp:attachment":[{"href":"https:\/\/temucotelevision.cl\/web\/wp-json\/wp\/v2\/media?parent=52389"}],"wp:term":[{"taxonomy":"category","embeddable":true,"href":"https:\/\/temucotelevision.cl\/web\/wp-json\/wp\/v2\/categories?post=52389"},{"taxonomy":"post_tag","embeddable":true,"href":"https:\/\/temucotelevision.cl\/web\/wp-json\/wp\/v2\/tags?post=52389"}],"curies":[{"name":"wp","href":"https:\/\/api.w.org\/{rel}","templated":true}]}}