{"id":52383,"date":"2024-09-07T17:14:48","date_gmt":"2024-09-07T20:14:48","guid":{"rendered":"https:\/\/temucotelevision.cl\/web\/?p=52383"},"modified":"2024-09-07T19:46:57","modified_gmt":"2024-09-07T22:46:57","slug":"juegofrio-banda-tributo-de-coldplay-en-chile-festejara-en-sala-metronomo-el-nuevo-album-de-los-musicos-britanicos","status":"publish","type":"post","link":"https:\/\/temucotelevision.cl\/web\/2024\/09\/07\/juegofrio-banda-tributo-de-coldplay-en-chile-festejara-en-sala-metronomo-el-nuevo-album-de-los-musicos-britanicos\/","title":{"rendered":"JuegoFr\u00edo banda tributo de Coldplay en Chile festejar\u00e1 en Sala Metr\u00f3nomo el nuevo \u00e1lbum de los m\u00fasicos brit\u00e1nicos"},"content":{"rendered":"<div class=\"pvc_clear\"><\/div><p id=\"pvc_stats_52383\" class=\"pvc_stats total_only  \" data-element-id=\"52383\" style=\"\"><i class=\"pvc-stats-icon large\" aria-hidden=\"true\"><svg aria-hidden=\"true\" focusable=\"false\" data-prefix=\"far\" data-icon=\"chart-bar\" role=\"img\" xmlns=\"http:\/\/www.w3.org\/2000\/svg\" viewBox=\"0 0 512 512\" class=\"svg-inline--fa fa-chart-bar fa-w-16 fa-2x\"><path fill=\"currentColor\" d=\"M396.8 352h22.4c6.4 0 12.8-6.4 12.8-12.8V108.8c0-6.4-6.4-12.8-12.8-12.8h-22.4c-6.4 0-12.8 6.4-12.8 12.8v230.4c0 6.4 6.4 12.8 12.8 12.8zm-192 0h22.4c6.4 0 12.8-6.4 12.8-12.8V140.8c0-6.4-6.4-12.8-12.8-12.8h-22.4c-6.4 0-12.8 6.4-12.8 12.8v198.4c0 6.4 6.4 12.8 12.8 12.8zm96 0h22.4c6.4 0 12.8-6.4 12.8-12.8V204.8c0-6.4-6.4-12.8-12.8-12.8h-22.4c-6.4 0-12.8 6.4-12.8 12.8v134.4c0 6.4 6.4 12.8 12.8 12.8zM496 400H48V80c0-8.84-7.16-16-16-16H16C7.16 64 0 71.16 0 80v336c0 17.67 14.33 32 32 32h464c8.84 0 16-7.16 16-16v-16c0-8.84-7.16-16-16-16zm-387.2-48h22.4c6.4 0 12.8-6.4 12.8-12.8v-70.4c0-6.4-6.4-12.8-12.8-12.8h-22.4c-6.4 0-12.8 6.4-12.8 12.8v70.4c0 6.4 6.4 12.8 12.8 12.8z\" class=\"\"><\/path><\/svg><\/i> <img loading=\"lazy\" decoding=\"async\" width=\"16\" height=\"16\" alt=\"Loading\" src=\"https:\/\/temucotelevision.cl\/web\/wp-content\/plugins\/page-views-count\/ajax-loader-2x.gif\" border=0 \/><\/p><div class=\"pvc_clear\"><\/div>\n<p class=\"has-medium-font-size\"><strong>La gira \u201cFeelsLikeTheMoon\u201d que visitar\u00e1 distintos escenarios nacionales, llega en el marco de la celebraci\u00f3n del nuevo \u00e1lbum de la banda brit\u00e1nica \u201cMoon Music\u201d, junto a importantes invitadas, como Maria Colores y Blue Mary.<\/strong><\/p>\n\n\n\n<p><a href=\"http:\/\/%20https\/\/www.instagram.com\/juegofriocoldplaytributo?igsh=MXE3NnlrcnFieGN1eA==\" target=\"_blank\" rel=\"noreferrer noopener\">JuegoFr\u00edo<\/a>&nbsp;la banda tributo m\u00e1s antigua en<strong>&nbsp;Chile de Coldplay,<\/strong>&nbsp;anunci\u00f3 un destellante show de larga duraci\u00f3n en&nbsp;<a href=\"https:\/\/salametronomo.com\/pages\/pr?event-id=33972\" target=\"_blank\" rel=\"noreferrer noopener\">Sala Metr\u00f3nomo<\/a>&nbsp;de Santiago, como parte de su gira nacional, que los llevar\u00e1 a presentarse en destacados escenarios de Chile, celebrando el lanzamiento mundial del nuevo \u00e1lbum&nbsp;<strong>\u201cMoon Music\u201d&nbsp;<\/strong>de la reconocida agrupaci\u00f3n brit\u00e1nica.<\/p>\n\n\n\n<p>En la ocasi\u00f3n, subir\u00e1&nbsp;al escenario la&nbsp;destacada cantante nacional&nbsp;<a href=\"https:\/\/www.instagram.com\/mariacoloresoficial?igsh=bTFvZ3hkY3V3cjI2\" target=\"_blank\" rel=\"noreferrer noopener\">Maria Colores<\/a>, quien telone\u00f3&nbsp;el&nbsp;show de<strong>&nbsp;Coldplay en&nbsp;Chile<\/strong>&nbsp;en el a\u00f1o 2016 y junto a ella la reconocida cantante&nbsp;<a href=\"http:\/\/%20https\/\/www.instagram.com\/bluemaryoficial?igsh=YXk3d29ydnNmc2Zm\" target=\"_blank\" rel=\"noreferrer noopener\">Blue Mary<\/a>,&nbsp;encender\u00e1n&nbsp;<a href=\"https:\/\/www.instagram.com\/salametronomo?igsh=dnBiZmdhaGhpejhq\" target=\"_blank\" rel=\"noreferrer noopener\">Sala Metr\u00f3nomo<\/a>&nbsp;interpretando los grandes&nbsp;\u00e9xitos de&nbsp;<strong>los m\u00fasicos brit\u00e1nicos.<\/strong><\/p>\n\n\n\n<p><strong>\u201cFeelsLikeTheMoon<\/strong>\u201d se titula la gira&nbsp; que comenzar\u00e1&nbsp;los primeros d\u00edas de septiembre en el sur del pa\u00eds, en la que los fan\u00e1ticos de&nbsp;<strong>Coldplay<\/strong>&nbsp;ser\u00e1n testigos de una sorprendente y \u00fanica experiencia musical que los transportar\u00e1, sin duda, a ser parte de una de las mejores vivencias sonoras, junto a las grandes canciones que han acompa\u00f1ado la playlist de muchos seguidores de<strong>&nbsp;Chris Martin<\/strong>&nbsp;y compa\u00f1\u00eda, desde el pendrive hasta Spotify.<\/p>\n\n\n\n<p><a href=\"http:\/\/%20https\/\/www.instagram.com\/juegofriocoldplaytributo?igsh=MXE3NnlrcnFieGN1eA==\" target=\"_blank\" rel=\"noreferrer noopener\">\u201cJuegoFr\u00edo\u201d<\/a>&nbsp;formados en el a\u00f1o 2007, cuenta con m\u00e1s de 17 a\u00f1os de trayectoria, en los que han recorrido escenarios a lo largo del pa\u00eds. La banda est\u00e1 integrada por los chilenos&nbsp;<strong>Andr\u00e9s Ahumada<\/strong>,<strong>&nbsp;Sebasti\u00e1n Molina, Jaime Pozas y Carlos Ramirez.<\/strong><\/p>\n\n\n\n<p>Los m\u00fasicos de&nbsp;<a href=\"http:\/\/%20https\/\/www.instagram.com\/juegofriocoldplaytributo?igsh=MXE3NnlrcnFieGN1eA==\" target=\"_blank\" rel=\"noreferrer noopener\">JuegoFr\u00edo<\/a>, destacan por recrear&nbsp;<strong>con los mismos instrumentos, precisi\u00f3n y fidelidad<\/strong>&nbsp;los conciertos que el conjunto brit\u00e1nico ofrece hasta hoy en distintos escenarios del mundo, los que&nbsp;han convertido a&nbsp;<strong>Coldplay<\/strong>&nbsp;en un referente de la m\u00fasica internacional.<\/p>\n\n\n\n<p>Durante el concierto en&nbsp;<a href=\"http:\/\/xn--sala%20metrnomo%20-gvb\/\" target=\"_blank\" rel=\"noreferrer noopener\">Sala Metr\u00f3nomo,<\/a>&nbsp;los fan\u00e1ticos podr\u00e1n disfrutar de canciones como&nbsp;<strong>\u201cFeelsLikeImFallingInLove\u201d<\/strong>,<strong>&nbsp;\u201cColoratura\u201d, \u201cViva la Vida\u201d,<\/strong>&nbsp;entre otras. Adem\u00e1s,&nbsp;se realizara&nbsp;una escucha&nbsp;completa del nuevo \u00e1lbum&nbsp;<strong>\u201cMoon Music\u201d con un sonido de primer nivel, en la previa de los shows en vivo.<\/strong><\/p>\n\n\n\n<p><a href=\"http:\/\/ https:\/\/www.instagram.com\/juegofriocoldplaytributo?igsh=MXE3NnlrcnFieGN1eA==\" target=\"_blank\" rel=\"noreferrer noopener\">JuegoFr\u00edo<\/a> invita a toda la comunidad Coldplay en Chile a celebrar juntos el estreno mundial de<strong> \u201cMoon Music\u201d,\u00a0<\/strong>en un show dedicado para\u00a0toda la familia, con\u00a0las invitadas estelares <a href=\"https:\/\/www.instagram.com\/mariacoloresoficial?igsh=bTFvZ3hkY3V3cjI2\" target=\"_blank\" rel=\"noreferrer noopener\">Maria Colores<\/a> y\u00a0<a href=\"http:\/\/ https:\/\/www.instagram.com\/bluemaryoficial?igsh=YXk3d29ydnNmc2Zm\" target=\"_blank\" rel=\"noreferrer noopener\">Blue Mary<\/a>, adem\u00e1s,\u00a0las canciones\u00a0de la agrupaci\u00f3n nacional\u00a0<strong>\u201cJumper joys\u201d <\/strong>prometensorprender al p\u00fablico.\u00a0<\/p>\n\n\n\n<p>Para abrir jornada, a La\u00a0banda de rock alternativo <strong>Radioedith<\/strong>,\u00a0\u00a0encender\u00e1n los motores en el escenario de\u00a0<a href=\"https:\/\/www.instagram.com\/salametronomo?igsh=dnBiZmdhaGhpejhq\" target=\"_blank\" rel=\"noreferrer noopener\">Sala Metr\u00f3nomo,<\/a>\u00a0con una propuesta \u00fanica y llena de energ\u00eda,\u00a0 con su espectacular sonido y repertorio.\u00a0<\/p>\n\n\n\n<p>Las coordenadas en&nbsp;<a href=\"https:\/\/www.instagram.com\/salametronomo?igsh=dnBiZmdhaGhpejhq\" target=\"_blank\" rel=\"noreferrer noopener\">Sala Metr\u00f3nomo,<\/a>&nbsp;son para el domingo&nbsp;<strong>6 de octubre desde las 17:00 hrs.<\/strong>&nbsp;con una previa en la que el p\u00fablico asistente, podr\u00e1 escuchar el nuevo disco completo en alta fidelidad, a trav\u00e9s del sistema de sonido funktion one.<\/p>\n\n\n\n<p class=\"has-text-align-center has-medium-font-size\"><strong>Venta de entradas&nbsp;v\u00eda&nbsp;<a href=\"https:\/\/salametronomo.com\/pages\/pr?event-id=33972\" target=\"_blank\" rel=\"noreferrer noopener\">www.salametronomo.com&nbsp;<\/a><\/strong><\/p>\n","protected":false},"excerpt":{"rendered":"<div class=\"pvc_clear\"><\/div>\n<p id=\"pvc_stats_52383\" class=\"pvc_stats total_only  \" data-element-id=\"52383\" style=\"\"><i class=\"pvc-stats-icon large\" aria-hidden=\"true\"><svg aria-hidden=\"true\" focusable=\"false\" data-prefix=\"far\" data-icon=\"chart-bar\" role=\"img\" xmlns=\"http:\/\/www.w3.org\/2000\/svg\" viewBox=\"0 0 512 512\" class=\"svg-inline--fa fa-chart-bar fa-w-16 fa-2x\"><path fill=\"currentColor\" d=\"M396.8 352h22.4c6.4 0 12.8-6.4 12.8-12.8V108.8c0-6.4-6.4-12.8-12.8-12.8h-22.4c-6.4 0-12.8 6.4-12.8 12.8v230.4c0 6.4 6.4 12.8 12.8 12.8zm-192 0h22.4c6.4 0 12.8-6.4 12.8-12.8V140.8c0-6.4-6.4-12.8-12.8-12.8h-22.4c-6.4 0-12.8 6.4-12.8 12.8v198.4c0 6.4 6.4 12.8 12.8 12.8zm96 0h22.4c6.4 0 12.8-6.4 12.8-12.8V204.8c0-6.4-6.4-12.8-12.8-12.8h-22.4c-6.4 0-12.8 6.4-12.8 12.8v134.4c0 6.4 6.4 12.8 12.8 12.8zM496 400H48V80c0-8.84-7.16-16-16-16H16C7.16 64 0 71.16 0 80v336c0 17.67 14.33 32 32 32h464c8.84 0 16-7.16 16-16v-16c0-8.84-7.16-16-16-16zm-387.2-48h22.4c6.4 0 12.8-6.4 12.8-12.8v-70.4c0-6.4-6.4-12.8-12.8-12.8h-22.4c-6.4 0-12.8 6.4-12.8 12.8v70.4c0 6.4 6.4 12.8 12.8 12.8z\" class=\"\"><\/path><\/svg><\/i> <img loading=\"lazy\" decoding=\"async\" width=\"16\" height=\"16\" alt=\"Loading\" src=\"https:\/\/temucotelevision.cl\/web\/wp-content\/plugins\/page-views-count\/ajax-loader-2x.gif\" border=0 \/><\/p>\n<div class=\"pvc_clear\"><\/div>\n<p>La gira \u201cFeelsLikeTheMoon\u201d que visitar\u00e1 distintos escenarios nacionales, llega en el marco de la celebraci\u00f3n del nuevo \u00e1lbum de la<\/p>\n","protected":false},"author":143,"featured_media":52384,"comment_status":"open","ping_status":"open","sticky":false,"template":"","format":"standard","meta":{"colormag_page_container_layout":"default_layout","colormag_page_sidebar_layout":"default_layout","footnotes":""},"categories":[369,18,86],"tags":[],"class_list":["post-52383","post","type-post","status-publish","format-standard","has-post-thumbnail","hentry","category-musica","category-nacional","category-panoramas"],"a3_pvc":{"activated":true,"total_views":642,"today_views":0},"_links":{"self":[{"href":"https:\/\/temucotelevision.cl\/web\/wp-json\/wp\/v2\/posts\/52383","targetHints":{"allow":["GET"]}}],"collection":[{"href":"https:\/\/temucotelevision.cl\/web\/wp-json\/wp\/v2\/posts"}],"about":[{"href":"https:\/\/temucotelevision.cl\/web\/wp-json\/wp\/v2\/types\/post"}],"author":[{"embeddable":true,"href":"https:\/\/temucotelevision.cl\/web\/wp-json\/wp\/v2\/users\/143"}],"replies":[{"embeddable":true,"href":"https:\/\/temucotelevision.cl\/web\/wp-json\/wp\/v2\/comments?post=52383"}],"version-history":[{"count":3,"href":"https:\/\/temucotelevision.cl\/web\/wp-json\/wp\/v2\/posts\/52383\/revisions"}],"predecessor-version":[{"id":52388,"href":"https:\/\/temucotelevision.cl\/web\/wp-json\/wp\/v2\/posts\/52383\/revisions\/52388"}],"wp:featuredmedia":[{"embeddable":true,"href":"https:\/\/temucotelevision.cl\/web\/wp-json\/wp\/v2\/media\/52384"}],"wp:attachment":[{"href":"https:\/\/temucotelevision.cl\/web\/wp-json\/wp\/v2\/media?parent=52383"}],"wp:term":[{"taxonomy":"category","embeddable":true,"href":"https:\/\/temucotelevision.cl\/web\/wp-json\/wp\/v2\/categories?post=52383"},{"taxonomy":"post_tag","embeddable":true,"href":"https:\/\/temucotelevision.cl\/web\/wp-json\/wp\/v2\/tags?post=52383"}],"curies":[{"name":"wp","href":"https:\/\/api.w.org\/{rel}","templated":true}]}}