{"id":52367,"date":"2024-09-07T14:13:03","date_gmt":"2024-09-07T17:13:03","guid":{"rendered":"https:\/\/temucotelevision.cl\/web\/?p=52367"},"modified":"2024-09-07T14:14:30","modified_gmt":"2024-09-07T17:14:30","slug":"hombre-con-amplio-historial-delictivo-detenido-por-golpear-a-guardia-en-el-cesfam-amanecer-de-temuco","status":"publish","type":"post","link":"https:\/\/temucotelevision.cl\/web\/2024\/09\/07\/hombre-con-amplio-historial-delictivo-detenido-por-golpear-a-guardia-en-el-cesfam-amanecer-de-temuco\/","title":{"rendered":"Hombre con amplio historial delictivo detenido por golpear a guardia en el Cesfam Amanecer de Temuco"},"content":{"rendered":"<div class=\"pvc_clear\"><\/div><p id=\"pvc_stats_52367\" class=\"pvc_stats total_only  \" data-element-id=\"52367\" style=\"\"><i class=\"pvc-stats-icon large\" aria-hidden=\"true\"><svg aria-hidden=\"true\" focusable=\"false\" data-prefix=\"far\" data-icon=\"chart-bar\" role=\"img\" xmlns=\"http:\/\/www.w3.org\/2000\/svg\" viewBox=\"0 0 512 512\" class=\"svg-inline--fa fa-chart-bar fa-w-16 fa-2x\"><path fill=\"currentColor\" d=\"M396.8 352h22.4c6.4 0 12.8-6.4 12.8-12.8V108.8c0-6.4-6.4-12.8-12.8-12.8h-22.4c-6.4 0-12.8 6.4-12.8 12.8v230.4c0 6.4 6.4 12.8 12.8 12.8zm-192 0h22.4c6.4 0 12.8-6.4 12.8-12.8V140.8c0-6.4-6.4-12.8-12.8-12.8h-22.4c-6.4 0-12.8 6.4-12.8 12.8v198.4c0 6.4 6.4 12.8 12.8 12.8zm96 0h22.4c6.4 0 12.8-6.4 12.8-12.8V204.8c0-6.4-6.4-12.8-12.8-12.8h-22.4c-6.4 0-12.8 6.4-12.8 12.8v134.4c0 6.4 6.4 12.8 12.8 12.8zM496 400H48V80c0-8.84-7.16-16-16-16H16C7.16 64 0 71.16 0 80v336c0 17.67 14.33 32 32 32h464c8.84 0 16-7.16 16-16v-16c0-8.84-7.16-16-16-16zm-387.2-48h22.4c6.4 0 12.8-6.4 12.8-12.8v-70.4c0-6.4-6.4-12.8-12.8-12.8h-22.4c-6.4 0-12.8 6.4-12.8 12.8v70.4c0 6.4 6.4 12.8 12.8 12.8z\" class=\"\"><\/path><\/svg><\/i> <img loading=\"lazy\" decoding=\"async\" width=\"16\" height=\"16\" alt=\"Loading\" src=\"https:\/\/temucotelevision.cl\/web\/wp-content\/plugins\/page-views-count\/ajax-loader-2x.gif\" border=0 \/><\/p><div class=\"pvc_clear\"><\/div>\n<p>Carabineros de la 2\u00aa Comisar\u00eda de Temuco detuvieron a un hombre de 36 a\u00f1os acusado de agredir a un guardia de seguridad en el Centro de Salud Familiar (Cesfam) Amanecer. El incidente ocurri\u00f3 cuando el sujeto, impaciente por recibir atenci\u00f3n m\u00e9dica, atac\u00f3 al guardia con golpes y una patada, lo que provoc\u00f3 que la v\u00edctima cayera al suelo en la entrada del recinto.<\/p>\n\n\n\n<p>Tras la agresi\u00f3n, el atacante huy\u00f3 del lugar. Sin embargo, el personal de la Secci\u00f3n de Investigaci\u00f3n Policial (SIP) de la 2\u00aa Comisar\u00eda, tras realizar r\u00e1pidas diligencias, logr\u00f3 dar con su paradero y proceder a su detenci\u00f3n. &#8220;Carabineros concurre al Cesfam Amanecer ya que en el lugar se estaba gestando una agresi\u00f3n a un guardia de seguridad. <\/p>\n\n\n\n<p>El autor de la agresi\u00f3n huye en forma inmediata del lugar y con los antecedentes del hecho, personal SIP efect\u00faa diligencias investigativas en virtud de la flagrancia, logrando encontrar y detener a una persona adulta de 36 a\u00f1os&#8221;, inform\u00f3 el Comandante Felipe Cerda, de la Prefectura Caut\u00edn.<\/p>\n\n\n\n<p>El detenido cuenta con un amplio historial delictivo, registrando 12 detenciones anteriores por delitos como maltrato de obra a Carabineros, robo con intimidaci\u00f3n, amenazas y porte de arma blanca.<\/p>\n\n\n\n<div class=\"wp-block-media-text is-stacked-on-mobile\"><figure class=\"wp-block-media-text__media\"><video controls src=\"https:\/\/temucotelevision.cl\/web\/wp-content\/uploads\/2024\/09\/Agresion-Guardia-Cesfam.mp4\"><\/video><\/figure><div class=\"wp-block-media-text__content\">\n<p>A ra\u00edz de este violento hecho, el Cesfam suspendi\u00f3 temporalmente su atenci\u00f3n al p\u00fablico. El agresor ser\u00e1 puesto a disposici\u00f3n de la justicia y pasar\u00e1 a control de detenci\u00f3n este s\u00e1bado, seg\u00fan instruy\u00f3 el fiscal de primeras diligencias.<\/p>\n<\/div><\/div>\n","protected":false},"excerpt":{"rendered":"<div class=\"pvc_clear\"><\/div>\n<p id=\"pvc_stats_52367\" class=\"pvc_stats total_only  \" data-element-id=\"52367\" style=\"\"><i class=\"pvc-stats-icon large\" aria-hidden=\"true\"><svg aria-hidden=\"true\" focusable=\"false\" data-prefix=\"far\" data-icon=\"chart-bar\" role=\"img\" xmlns=\"http:\/\/www.w3.org\/2000\/svg\" viewBox=\"0 0 512 512\" class=\"svg-inline--fa fa-chart-bar fa-w-16 fa-2x\"><path fill=\"currentColor\" d=\"M396.8 352h22.4c6.4 0 12.8-6.4 12.8-12.8V108.8c0-6.4-6.4-12.8-12.8-12.8h-22.4c-6.4 0-12.8 6.4-12.8 12.8v230.4c0 6.4 6.4 12.8 12.8 12.8zm-192 0h22.4c6.4 0 12.8-6.4 12.8-12.8V140.8c0-6.4-6.4-12.8-12.8-12.8h-22.4c-6.4 0-12.8 6.4-12.8 12.8v198.4c0 6.4 6.4 12.8 12.8 12.8zm96 0h22.4c6.4 0 12.8-6.4 12.8-12.8V204.8c0-6.4-6.4-12.8-12.8-12.8h-22.4c-6.4 0-12.8 6.4-12.8 12.8v134.4c0 6.4 6.4 12.8 12.8 12.8zM496 400H48V80c0-8.84-7.16-16-16-16H16C7.16 64 0 71.16 0 80v336c0 17.67 14.33 32 32 32h464c8.84 0 16-7.16 16-16v-16c0-8.84-7.16-16-16-16zm-387.2-48h22.4c6.4 0 12.8-6.4 12.8-12.8v-70.4c0-6.4-6.4-12.8-12.8-12.8h-22.4c-6.4 0-12.8 6.4-12.8 12.8v70.4c0 6.4 6.4 12.8 12.8 12.8z\" class=\"\"><\/path><\/svg><\/i> <img loading=\"lazy\" decoding=\"async\" width=\"16\" height=\"16\" alt=\"Loading\" src=\"https:\/\/temucotelevision.cl\/web\/wp-content\/plugins\/page-views-count\/ajax-loader-2x.gif\" border=0 \/><\/p>\n<div class=\"pvc_clear\"><\/div>\n<p>Carabineros de la 2\u00aa Comisar\u00eda de Temuco detuvieron a un hombre de 36 a\u00f1os acusado de agredir a un guardia<\/p>\n","protected":false},"author":1,"featured_media":52368,"comment_status":"open","ping_status":"open","sticky":false,"template":"","format":"standard","meta":{"colormag_page_container_layout":"default_layout","colormag_page_sidebar_layout":"default_layout","footnotes":""},"categories":[15,16],"tags":[927],"class_list":["post-52367","post","type-post","status-publish","format-standard","has-post-thumbnail","hentry","category-la-araucania","category-policial","tag-agresion"],"a3_pvc":{"activated":true,"total_views":5168,"today_views":0},"_links":{"self":[{"href":"https:\/\/temucotelevision.cl\/web\/wp-json\/wp\/v2\/posts\/52367","targetHints":{"allow":["GET"]}}],"collection":[{"href":"https:\/\/temucotelevision.cl\/web\/wp-json\/wp\/v2\/posts"}],"about":[{"href":"https:\/\/temucotelevision.cl\/web\/wp-json\/wp\/v2\/types\/post"}],"author":[{"embeddable":true,"href":"https:\/\/temucotelevision.cl\/web\/wp-json\/wp\/v2\/users\/1"}],"replies":[{"embeddable":true,"href":"https:\/\/temucotelevision.cl\/web\/wp-json\/wp\/v2\/comments?post=52367"}],"version-history":[{"count":2,"href":"https:\/\/temucotelevision.cl\/web\/wp-json\/wp\/v2\/posts\/52367\/revisions"}],"predecessor-version":[{"id":52372,"href":"https:\/\/temucotelevision.cl\/web\/wp-json\/wp\/v2\/posts\/52367\/revisions\/52372"}],"wp:featuredmedia":[{"embeddable":true,"href":"https:\/\/temucotelevision.cl\/web\/wp-json\/wp\/v2\/media\/52368"}],"wp:attachment":[{"href":"https:\/\/temucotelevision.cl\/web\/wp-json\/wp\/v2\/media?parent=52367"}],"wp:term":[{"taxonomy":"category","embeddable":true,"href":"https:\/\/temucotelevision.cl\/web\/wp-json\/wp\/v2\/categories?post=52367"},{"taxonomy":"post_tag","embeddable":true,"href":"https:\/\/temucotelevision.cl\/web\/wp-json\/wp\/v2\/tags?post=52367"}],"curies":[{"name":"wp","href":"https:\/\/api.w.org\/{rel}","templated":true}]}}