{"id":52347,"date":"2024-09-06T17:08:02","date_gmt":"2024-09-06T20:08:02","guid":{"rendered":"https:\/\/temucotelevision.cl\/web\/?p=52347"},"modified":"2024-09-06T17:08:02","modified_gmt":"2024-09-06T20:08:02","slug":"chile-en-los-oscar-de-la-inclusion-proyectos-finalistas-competiran-en-viena-2025","status":"publish","type":"post","link":"https:\/\/temucotelevision.cl\/web\/2024\/09\/06\/chile-en-los-oscar-de-la-inclusion-proyectos-finalistas-competiran-en-viena-2025\/","title":{"rendered":"Chile en los \u201c\u00d3scar de la Inclusi\u00f3n\u201d: Proyectos finalistas competir\u00e1n en Viena 2025"},"content":{"rendered":"<div class=\"pvc_clear\"><\/div><p id=\"pvc_stats_52347\" class=\"pvc_stats total_only  \" data-element-id=\"52347\" style=\"\"><i class=\"pvc-stats-icon large\" aria-hidden=\"true\"><svg aria-hidden=\"true\" focusable=\"false\" data-prefix=\"far\" data-icon=\"chart-bar\" role=\"img\" xmlns=\"http:\/\/www.w3.org\/2000\/svg\" viewBox=\"0 0 512 512\" class=\"svg-inline--fa fa-chart-bar fa-w-16 fa-2x\"><path fill=\"currentColor\" d=\"M396.8 352h22.4c6.4 0 12.8-6.4 12.8-12.8V108.8c0-6.4-6.4-12.8-12.8-12.8h-22.4c-6.4 0-12.8 6.4-12.8 12.8v230.4c0 6.4 6.4 12.8 12.8 12.8zm-192 0h22.4c6.4 0 12.8-6.4 12.8-12.8V140.8c0-6.4-6.4-12.8-12.8-12.8h-22.4c-6.4 0-12.8 6.4-12.8 12.8v198.4c0 6.4 6.4 12.8 12.8 12.8zm96 0h22.4c6.4 0 12.8-6.4 12.8-12.8V204.8c0-6.4-6.4-12.8-12.8-12.8h-22.4c-6.4 0-12.8 6.4-12.8 12.8v134.4c0 6.4 6.4 12.8 12.8 12.8zM496 400H48V80c0-8.84-7.16-16-16-16H16C7.16 64 0 71.16 0 80v336c0 17.67 14.33 32 32 32h464c8.84 0 16-7.16 16-16v-16c0-8.84-7.16-16-16-16zm-387.2-48h22.4c6.4 0 12.8-6.4 12.8-12.8v-70.4c0-6.4-6.4-12.8-12.8-12.8h-22.4c-6.4 0-12.8 6.4-12.8 12.8v70.4c0 6.4 6.4 12.8 12.8 12.8z\" class=\"\"><\/path><\/svg><\/i> <img loading=\"lazy\" decoding=\"async\" width=\"16\" height=\"16\" alt=\"Loading\" src=\"https:\/\/temucotelevision.cl\/web\/wp-content\/plugins\/page-views-count\/ajax-loader-2x.gif\" border=0 \/><\/p><div class=\"pvc_clear\"><\/div>\n<p>\u00b7&nbsp;&nbsp;&nbsp;&nbsp;&nbsp;&nbsp;&nbsp;&nbsp;&nbsp;<strong>Los ganadores del prestigioso premio Zero Project -que este a\u00f1o tuvo su versi\u00f3n para Am\u00e9rica Latina e Hispanoam\u00e9rica en Chile- ser\u00e1n reconocidos en la sede de las Naciones Unidas, en Viena en febrero del pr\u00f3ximo a\u00f1o.<\/strong><\/p>\n\n\n\n<p>El Instituto Nacional de Rehabilitaci\u00f3n Pedro Aguirre Cerda, la Municipalidad de La Serena, Kyklos, SOFAN y la Biblioteca del Congreso Nacional son las cinco iniciativas chilenas que han sido preseleccionadas para un prestigioso premio internacional que reconoce las mejores pr\u00e1cticas en inclusi\u00f3n de personas con discapacidad. Este reconocimiento que hace Zero Project, busca identificar proyectos que a nivel mundial contribuyan de manera significativa a la inclusi\u00f3n de personas con discapacidad, colocando esta misi\u00f3n en el centro de sus objetivos. Las iniciativas destacadas reflejan el compromiso de Chile en este \u00e1mbito, con propuestas que abarcan desde la rehabilitaci\u00f3n hasta la educaci\u00f3n y el fortalecimiento institucional.<\/p>\n\n\n\n<p>Las convocatorias cambian de tem\u00e1tica a\u00f1o a a\u00f1o y en esta ocasi\u00f3n el foco fueron soluciones que destacaban por su innovaci\u00f3n en materia de inclusi\u00f3n laboral y TIC. Se recibieron 552 postulaciones de 90 pa\u00edses. De ellas, 160 fueron preseleccionadas y est\u00e1n a un paso de obtener el m\u00e1ximo reconocimiento que entrega Zero Project.<\/p>\n\n\n\n<p>\u201cNos llena de orgullo tener, nuevamente, programas innovadores chilenos en esta etapa. A su vez, estamos muy contentos que este a\u00f1o Zero Project recibiera postulaciones de 90 pa\u00edses, destacando, entre otras, las iniciativas que llegaron desde Uruguay, Guinea y Guyana, naciones que participaron por primera vez de este proceso\u201d, asegura Mar\u00eda Ignacia Rodr\u00edguez, coordinadora de Zero Project para Iberoam\u00e9rica, quien releva la importancia que tiene para Chile que haya proyectos participando en este reconocimiento de nivel mundial: \u201cYa no es sorpresa que nuestro pa\u00eds destaque en esta prestigiosa selecci\u00f3n, lo que viene a demostrar que, si bien a\u00fan nos falta mucho camino por recorrer, cada vez son m\u00e1s las organizaciones en todo Chile que est\u00e1n comprometi\u00e9ndose con la inclusi\u00f3n de personas con discapacidad en los distintos \u00e1mbitos de la sociedad\u201d.<\/p>\n\n\n\n<p>Precisamente en el anterior ciclo de Zero Project, Chile tuvo un papel protagonista no s\u00f3lo por los programas que fueron seleccionados, sino adem\u00e1s porque este a\u00f1o Santiago fue sede, por primera vez, de la Conferencia Anual para Am\u00e9rica Latina y el mundo Hispanoparlante, instancia que reuni\u00f3 en nuestro pa\u00eds a los principales referentes en materia de inclusi\u00f3n a nivel mundial. Todo esto, organizado por Fundaci\u00f3n Desc\u00fabreme, organizaci\u00f3n que desde 2019 es representante de Zero Project para Am\u00e9rica Latina y el mundo Hispanoparlante.<\/p>\n\n\n\n<p>Ahora la red global de Zero Project votar\u00e1 para seleccionar a los premiados, quienes ser\u00e1n anunciados el 3 de diciembre de 2024, en el marco del D\u00eda Internacional de las Personas con Discapacidad. Una vez conocidos, ellos presentar\u00e1n sus innovaciones en la conferencia anual que se llevar\u00e1 a cabo el pr\u00f3ximo a\u00f1o en la sede de las Naciones Unidas, en Viena, Austria, lugar hasta donde este a\u00f1o llegaron las soluciones chilenas que fueron reconocidas en el ciclo anterior.<\/p>\n\n\n\n<p>*Para ver un mapa interactivo con todos los preseleccionados haz click en el siguiente enlace&nbsp;<a href=\"https:\/\/www.google.com\/maps\/d\/viewer?hl=en&amp;ll=-3.81666561775622e-14%2C37.098884388447686&amp;z=1&amp;mid=1Xg4uVAK-PMnp2spCFS0wQJihgBW9g-U\" target=\"_blank\" rel=\"noreferrer noopener\">#ZeroCall25 Shortlisted Nominations &#8211; Google My Maps<\/a><\/p>\n\n\n\n<figure class=\"wp-block-image size-large\"><img loading=\"lazy\" decoding=\"async\" width=\"1000\" height=\"667\" src=\"https:\/\/temucotelevision.cl\/web\/wp-content\/uploads\/2024\/09\/Inclusion2-1000x667.jpg\" alt=\"\" class=\"wp-image-52349\" srcset=\"https:\/\/temucotelevision.cl\/web\/wp-content\/uploads\/2024\/09\/Inclusion2-1000x667.jpg 1000w, https:\/\/temucotelevision.cl\/web\/wp-content\/uploads\/2024\/09\/Inclusion2-768x512.jpg 768w, https:\/\/temucotelevision.cl\/web\/wp-content\/uploads\/2024\/09\/Inclusion2-1536x1024.jpg 1536w, https:\/\/temucotelevision.cl\/web\/wp-content\/uploads\/2024\/09\/Inclusion2-2048x1366.jpg 2048w\" sizes=\"auto, (max-width: 1000px) 100vw, 1000px\" \/><\/figure>\n","protected":false},"excerpt":{"rendered":"<div class=\"pvc_clear\"><\/div>\n<p id=\"pvc_stats_52347\" class=\"pvc_stats total_only  \" data-element-id=\"52347\" style=\"\"><i class=\"pvc-stats-icon large\" aria-hidden=\"true\"><svg aria-hidden=\"true\" focusable=\"false\" data-prefix=\"far\" data-icon=\"chart-bar\" role=\"img\" xmlns=\"http:\/\/www.w3.org\/2000\/svg\" viewBox=\"0 0 512 512\" class=\"svg-inline--fa fa-chart-bar fa-w-16 fa-2x\"><path fill=\"currentColor\" d=\"M396.8 352h22.4c6.4 0 12.8-6.4 12.8-12.8V108.8c0-6.4-6.4-12.8-12.8-12.8h-22.4c-6.4 0-12.8 6.4-12.8 12.8v230.4c0 6.4 6.4 12.8 12.8 12.8zm-192 0h22.4c6.4 0 12.8-6.4 12.8-12.8V140.8c0-6.4-6.4-12.8-12.8-12.8h-22.4c-6.4 0-12.8 6.4-12.8 12.8v198.4c0 6.4 6.4 12.8 12.8 12.8zm96 0h22.4c6.4 0 12.8-6.4 12.8-12.8V204.8c0-6.4-6.4-12.8-12.8-12.8h-22.4c-6.4 0-12.8 6.4-12.8 12.8v134.4c0 6.4 6.4 12.8 12.8 12.8zM496 400H48V80c0-8.84-7.16-16-16-16H16C7.16 64 0 71.16 0 80v336c0 17.67 14.33 32 32 32h464c8.84 0 16-7.16 16-16v-16c0-8.84-7.16-16-16-16zm-387.2-48h22.4c6.4 0 12.8-6.4 12.8-12.8v-70.4c0-6.4-6.4-12.8-12.8-12.8h-22.4c-6.4 0-12.8 6.4-12.8 12.8v70.4c0 6.4 6.4 12.8 12.8 12.8z\" class=\"\"><\/path><\/svg><\/i> <img loading=\"lazy\" decoding=\"async\" width=\"16\" height=\"16\" alt=\"Loading\" src=\"https:\/\/temucotelevision.cl\/web\/wp-content\/plugins\/page-views-count\/ajax-loader-2x.gif\" border=0 \/><\/p>\n<div class=\"pvc_clear\"><\/div>\n<p>\u00b7&nbsp;&nbsp;&nbsp;&nbsp;&nbsp;&nbsp;&nbsp;&nbsp;&nbsp;Los ganadores del prestigioso premio Zero Project -que este a\u00f1o tuvo su versi\u00f3n para Am\u00e9rica Latina e Hispanoam\u00e9rica en Chile-<\/p>\n","protected":false},"author":1,"featured_media":52348,"comment_status":"open","ping_status":"open","sticky":false,"template":"","format":"standard","meta":{"colormag_page_container_layout":"default_layout","colormag_page_sidebar_layout":"default_layout","footnotes":""},"categories":[101],"tags":[155],"class_list":["post-52347","post","type-post","status-publish","format-standard","has-post-thumbnail","hentry","category-actualidad","tag-proyecto"],"a3_pvc":{"activated":true,"total_views":1169,"today_views":0},"_links":{"self":[{"href":"https:\/\/temucotelevision.cl\/web\/wp-json\/wp\/v2\/posts\/52347","targetHints":{"allow":["GET"]}}],"collection":[{"href":"https:\/\/temucotelevision.cl\/web\/wp-json\/wp\/v2\/posts"}],"about":[{"href":"https:\/\/temucotelevision.cl\/web\/wp-json\/wp\/v2\/types\/post"}],"author":[{"embeddable":true,"href":"https:\/\/temucotelevision.cl\/web\/wp-json\/wp\/v2\/users\/1"}],"replies":[{"embeddable":true,"href":"https:\/\/temucotelevision.cl\/web\/wp-json\/wp\/v2\/comments?post=52347"}],"version-history":[{"count":1,"href":"https:\/\/temucotelevision.cl\/web\/wp-json\/wp\/v2\/posts\/52347\/revisions"}],"predecessor-version":[{"id":52350,"href":"https:\/\/temucotelevision.cl\/web\/wp-json\/wp\/v2\/posts\/52347\/revisions\/52350"}],"wp:featuredmedia":[{"embeddable":true,"href":"https:\/\/temucotelevision.cl\/web\/wp-json\/wp\/v2\/media\/52348"}],"wp:attachment":[{"href":"https:\/\/temucotelevision.cl\/web\/wp-json\/wp\/v2\/media?parent=52347"}],"wp:term":[{"taxonomy":"category","embeddable":true,"href":"https:\/\/temucotelevision.cl\/web\/wp-json\/wp\/v2\/categories?post=52347"},{"taxonomy":"post_tag","embeddable":true,"href":"https:\/\/temucotelevision.cl\/web\/wp-json\/wp\/v2\/tags?post=52347"}],"curies":[{"name":"wp","href":"https:\/\/api.w.org\/{rel}","templated":true}]}}