{"id":52341,"date":"2024-09-06T16:12:15","date_gmt":"2024-09-06T19:12:15","guid":{"rendered":"https:\/\/temucotelevision.cl\/web\/?p=52341"},"modified":"2024-09-06T16:12:16","modified_gmt":"2024-09-06T19:12:16","slug":"el-caso-hermosilla-y-la-percepcion-publica-corrupcion-y-abuso-de-poder-en-el-debate-social","status":"publish","type":"post","link":"https:\/\/temucotelevision.cl\/web\/2024\/09\/06\/el-caso-hermosilla-y-la-percepcion-publica-corrupcion-y-abuso-de-poder-en-el-debate-social\/","title":{"rendered":"El Caso Hermosilla y la Percepci\u00f3n P\u00fablica: Corrupci\u00f3n y abuso de poder en el debate social"},"content":{"rendered":"<div class=\"pvc_clear\"><\/div><p id=\"pvc_stats_52341\" class=\"pvc_stats total_only  \" data-element-id=\"52341\" style=\"\"><i class=\"pvc-stats-icon large\" aria-hidden=\"true\"><svg aria-hidden=\"true\" focusable=\"false\" data-prefix=\"far\" data-icon=\"chart-bar\" role=\"img\" xmlns=\"http:\/\/www.w3.org\/2000\/svg\" viewBox=\"0 0 512 512\" class=\"svg-inline--fa fa-chart-bar fa-w-16 fa-2x\"><path fill=\"currentColor\" d=\"M396.8 352h22.4c6.4 0 12.8-6.4 12.8-12.8V108.8c0-6.4-6.4-12.8-12.8-12.8h-22.4c-6.4 0-12.8 6.4-12.8 12.8v230.4c0 6.4 6.4 12.8 12.8 12.8zm-192 0h22.4c6.4 0 12.8-6.4 12.8-12.8V140.8c0-6.4-6.4-12.8-12.8-12.8h-22.4c-6.4 0-12.8 6.4-12.8 12.8v198.4c0 6.4 6.4 12.8 12.8 12.8zm96 0h22.4c6.4 0 12.8-6.4 12.8-12.8V204.8c0-6.4-6.4-12.8-12.8-12.8h-22.4c-6.4 0-12.8 6.4-12.8 12.8v134.4c0 6.4 6.4 12.8 12.8 12.8zM496 400H48V80c0-8.84-7.16-16-16-16H16C7.16 64 0 71.16 0 80v336c0 17.67 14.33 32 32 32h464c8.84 0 16-7.16 16-16v-16c0-8.84-7.16-16-16-16zm-387.2-48h22.4c6.4 0 12.8-6.4 12.8-12.8v-70.4c0-6.4-6.4-12.8-12.8-12.8h-22.4c-6.4 0-12.8 6.4-12.8 12.8v70.4c0 6.4 6.4 12.8 12.8 12.8z\" class=\"\"><\/path><\/svg><\/i> <img loading=\"lazy\" decoding=\"async\" width=\"16\" height=\"16\" alt=\"Loading\" src=\"https:\/\/temucotelevision.cl\/web\/wp-content\/plugins\/page-views-count\/ajax-loader-2x.gif\" border=0 \/><\/p><div class=\"pvc_clear\"><\/div>\n<ul class=\"wp-block-list\">\n<li><strong>La plataforma CIVICA, un proyecto de la empresa DataQu, realiz\u00f3 el seguimiento e identific\u00f3 los sentimientos dominantes en redes sociales acerca de la situaci\u00f3n del abogado Luis Hermosilla y sus m\u00faltiples implicancias.\u00a0<\/strong><\/li>\n<\/ul>\n\n\n\n<p>La situaci\u00f3n del abogado Luis Hermosilla ha dominado la agenda p\u00fablica durante los \u00faltimos meses, considerando la relevancia de la informaci\u00f3n difundida por los medios de comunicaci\u00f3n, la cual tiene un impacto directo en diversos \u00e1mbitos incluyendo el judicial, legislativo, pol\u00edtico, econ\u00f3mico y empresarial.<\/p>\n\n\n\n<p><a><\/a>La relevancia, impacto e implicancias multisectoriales del llamado com\u00fanmente \u201ccaso Hermosilla\u201d o \u201ccaso Audios\u201d se ha expresado claramente en redes sociales a trav\u00e9s del seguimiento en detalle de su desarrollo; las conversaciones y reacciones sobre las nuevas revelaciones; y, particularmente, en los puntos de vista y sentimientos expresados por los usuarios.<\/p>\n\n\n\n<p>Como aporte al an\u00e1lisis en profundidad de este fen\u00f3meno, la plataforma tecnol\u00f3gica CIVICA, proyecto de la empresa DataQu, desarroll\u00f3 un seguimiento en redes sociales del caso durante agosto pasado para identificar reacciones y sentimientos ante la informaci\u00f3n circulante.<\/p>\n\n\n\n<p>Este proceso implic\u00f3 la revisi\u00f3n de 2.972 noticias difundidas a trav\u00e9s de redes sociales y m\u00e1s de 87.000 comentarios relacionadas con ellas, magnitud que se explica por las implicancias del \u201ccaso Hermosilla\u201d en las distintas dimensiones.<\/p>\n\n\n\n<p>A partir del estudio realizado, se determin\u00f3 que el 78,3% de los comentarios sobre el caso fueron negativos y neutros, mientras que s\u00f3lo el 21,7% tuvo car\u00e1cter positivo. En tanto, entre las palabras m\u00e1s usadas en estas expresiones se incluyen \u201cjusticia\u201d, \u201cderecho\u201d, \u201cc\u00e1rcel\u201d, \u201cdelito fiscal\u201d y \u201cpol\u00edtico\u201d.<\/p>\n\n\n\n<p>Relacionado con lo anterior, los sentimientos predominantes en las valoraciones negativas, neutras y positivas fueron:<\/p>\n\n\n\n<p><strong>Negativos<\/strong>: Expresiones de rechazo a la figura de Hermosilla y su conducta, destacando sentimientos de indignaci\u00f3n y decepci\u00f3n.<\/p>\n\n\n\n<p><strong>Neutros<\/strong>: Resalta el pedido de cautela frente al proceso judicial y la necesidad de que se aclaren los hechos denunciados.<\/p>\n\n\n\n<p><strong>Positivos<\/strong>: En menor medida, algunos usuarios respaldaron al abogado resaltando su trayectoria profesional y advirtieron sobre la posibilidad de que las acusaciones podr\u00edan tener \u201cmotivaciones ocultas\u201d.<\/p>\n\n\n\n<p>Desde una perspectiva general, los comentarios se concentran en asuntos como:<\/p>\n\n\n\n<p><strong>Corrupci\u00f3n<br><\/strong>Muchos usuarios han expresado su indignaci\u00f3n ante las acusaciones de que Hermosilla utilizaba su influencia para obtener favores y beneficios para sus clientes a trav\u00e9s de sobornos. Estos comentarios a menudo enfatizan la percepci\u00f3n de que Hermosilla representa una \u00e9lite que opera al margen de la ley.<\/p>\n\n\n\n<p><strong>Abuso de Poder<br><\/strong>Los cr\u00edticos tambi\u00e9n se\u00f1alan que la situaci\u00f3n es un ejemplo claro de abuso de poder, donde los abogados de la \u00e9lite pueden manipular el sistema a su favor. Este tipo de comentarios subraya la creencia de que las reglas del juego no se aplican de manera equitativa, lo que ha sido un tema recurrente en el debate p\u00fablico en Chile.<\/p>\n\n\n\n<p><strong>Desconfianza en el Sistema Judicial<br><\/strong>Esta ha sido una acusaci\u00f3n predominante, con muchos usuarios afirmando que &#8220;no va a pasar nada&#8221; en t\u00e9rminos de consecuencias legales para Hermosilla.&nbsp;<\/p>\n\n\n\n<p><strong>Cr\u00edticas a la \u00c9tica Profesional<br><\/strong>Los comentarios tambi\u00e9n han cuestionado la \u00e9tica profesional de Hermosilla, sugiriendo que sus pr\u00e1cticas no son solo irregulares, sino que son parte de una cultura m\u00e1s amplia de corrupci\u00f3n en el \u00e1mbito legal.<\/p>\n\n\n\n<p>Al describir sus funciones y aportes, Carlos Flores, cofundador y gerente general de DataQu, resalt\u00f3 que CIVICA se ha desarrollado como una iniciativa que \u201capoya y facilita la toma de decisiones en funci\u00f3n del registro de cambios y tendencias en la cobertura noticiosa, y en la percepci\u00f3n p\u00fablica a lo largo del tiempo, especialmente a partir de hitos tan relevantes como el caso analizado en agosto pasado\u201d.<\/p>\n\n\n\n<p>Lo anterior, explic\u00f3, considerando que esta plataforma \u201caplica modelos de procesamiento de lenguaje natural (NLP) que analizan las opiniones a nivel de frases y comentarios, permitiendo categorizar los diversos sentimientos asociados a comentarios sobre temas y conceptos espec\u00edficos\u201d.&nbsp;<\/p>\n\n\n\n<p>Otra de las tareas realizadas por CIVICA fue identificar las publicaciones en redes sociales que alcanzaron mayor impacto. Entre ellas, destacan:<\/p>\n\n\n\n<ul class=\"wp-block-list\">\n<li><strong>Soborno reiterado y blanqueo de capitales: los delitos por los que formalizar\u00e1n a Luis Hermosilla<\/strong>\u00a0(B\u00edo B\u00edo, 13 de agosto 2024).\u00a0<br><a href=\"https:\/\/www.instagram.com\/p\/C-nDElPtQRr\/\">https:\/\/www.instagram.com\/p\/C-nDElPtQRr\/<\/a><\/li>\n<\/ul>\n\n\n\n<ul class=\"wp-block-list\">\n<li><strong>Secretarias de Hermosilla declaran que el abogado recib\u00eda sobres con efectivo y se guardaban en una caja fuerte<\/strong>\u00a0(CIPER Chile, 16 de agosto 2024).\u00a0<br><a href=\"https:\/\/www.instagram.com\/p\/C-v4AnmuvGe\/\">https:\/\/www.instagram.com\/p\/C-v4AnmuvGe\/<\/a><\/li>\n<\/ul>\n\n\n\n<ul class=\"wp-block-list\">\n<li><strong>Caso Audios: Luis Hermosilla conocer\u00e1 este jueves si queda en prisi\u00f3n preventiva<\/strong>\u00a0(El Desconcierto, 21 de agosto 2024).<br><a href=\"https:\/\/www.instagram.com\/p\/C-8ZMKRiYws\/\">https:\/\/www.instagram.com\/p\/C-8ZMKRiYws\/<\/a><\/li>\n<\/ul>\n\n\n\n<ul class=\"wp-block-list\">\n<li><strong>La Fiscal\u00eda Metropolitana Oriente investiga el origen y justificaci\u00f3n de m\u00e1s de $190 millones de pesos que recibi\u00f3 Andr\u00e9s Chadwick por parte de Luis Hermosilla<\/strong>\u00a0(El Ciudadano, 23 de agosto 2024).<br><a href=\"https:\/\/www.instagram.com\/p\/C_BvOz8x8s8\/\">https:\/\/www.instagram.com\/p\/C_BvOz8x8s8\/<\/a><\/li>\n<\/ul>\n\n\n\n<ul class=\"wp-block-list\">\n<li><strong>La Fiscal\u00eda Oriente detall\u00f3 que Luis Hermosilla y Leonarda Villalobos podr\u00edan ser condenados a 18 a\u00f1os de pena efectiva por los delitos de soborno reiterado, lavado de activos y delitos tributarios.<\/strong>\u00a0(CNN Chile, 23 de agosto 2024).\u00a0<br><a href=\"https:\/\/www.instagram.com\/p\/C_BNK4nuALR\/\">https:\/\/www.instagram.com\/p\/C_BNK4nuALR\/<\/a><\/li>\n<\/ul>\n","protected":false},"excerpt":{"rendered":"<div class=\"pvc_clear\"><\/div>\n<p id=\"pvc_stats_52341\" class=\"pvc_stats total_only  \" data-element-id=\"52341\" style=\"\"><i class=\"pvc-stats-icon large\" aria-hidden=\"true\"><svg aria-hidden=\"true\" focusable=\"false\" data-prefix=\"far\" data-icon=\"chart-bar\" role=\"img\" xmlns=\"http:\/\/www.w3.org\/2000\/svg\" viewBox=\"0 0 512 512\" class=\"svg-inline--fa fa-chart-bar fa-w-16 fa-2x\"><path fill=\"currentColor\" d=\"M396.8 352h22.4c6.4 0 12.8-6.4 12.8-12.8V108.8c0-6.4-6.4-12.8-12.8-12.8h-22.4c-6.4 0-12.8 6.4-12.8 12.8v230.4c0 6.4 6.4 12.8 12.8 12.8zm-192 0h22.4c6.4 0 12.8-6.4 12.8-12.8V140.8c0-6.4-6.4-12.8-12.8-12.8h-22.4c-6.4 0-12.8 6.4-12.8 12.8v198.4c0 6.4 6.4 12.8 12.8 12.8zm96 0h22.4c6.4 0 12.8-6.4 12.8-12.8V204.8c0-6.4-6.4-12.8-12.8-12.8h-22.4c-6.4 0-12.8 6.4-12.8 12.8v134.4c0 6.4 6.4 12.8 12.8 12.8zM496 400H48V80c0-8.84-7.16-16-16-16H16C7.16 64 0 71.16 0 80v336c0 17.67 14.33 32 32 32h464c8.84 0 16-7.16 16-16v-16c0-8.84-7.16-16-16-16zm-387.2-48h22.4c6.4 0 12.8-6.4 12.8-12.8v-70.4c0-6.4-6.4-12.8-12.8-12.8h-22.4c-6.4 0-12.8 6.4-12.8 12.8v70.4c0 6.4 6.4 12.8 12.8 12.8z\" class=\"\"><\/path><\/svg><\/i> <img loading=\"lazy\" decoding=\"async\" width=\"16\" height=\"16\" alt=\"Loading\" src=\"https:\/\/temucotelevision.cl\/web\/wp-content\/plugins\/page-views-count\/ajax-loader-2x.gif\" border=0 \/><\/p>\n<div class=\"pvc_clear\"><\/div>\n<p>La situaci\u00f3n del abogado Luis Hermosilla ha dominado la agenda p\u00fablica durante los \u00faltimos meses, considerando la relevancia de la<\/p>\n","protected":false},"author":1,"featured_media":52342,"comment_status":"open","ping_status":"open","sticky":false,"template":"","format":"standard","meta":{"colormag_page_container_layout":"default_layout","colormag_page_sidebar_layout":"default_layout","footnotes":""},"categories":[84],"tags":[412],"class_list":["post-52341","post","type-post","status-publish","format-standard","has-post-thumbnail","hentry","category-politica","tag-caso"],"a3_pvc":{"activated":true,"total_views":3207,"today_views":0},"_links":{"self":[{"href":"https:\/\/temucotelevision.cl\/web\/wp-json\/wp\/v2\/posts\/52341","targetHints":{"allow":["GET"]}}],"collection":[{"href":"https:\/\/temucotelevision.cl\/web\/wp-json\/wp\/v2\/posts"}],"about":[{"href":"https:\/\/temucotelevision.cl\/web\/wp-json\/wp\/v2\/types\/post"}],"author":[{"embeddable":true,"href":"https:\/\/temucotelevision.cl\/web\/wp-json\/wp\/v2\/users\/1"}],"replies":[{"embeddable":true,"href":"https:\/\/temucotelevision.cl\/web\/wp-json\/wp\/v2\/comments?post=52341"}],"version-history":[{"count":1,"href":"https:\/\/temucotelevision.cl\/web\/wp-json\/wp\/v2\/posts\/52341\/revisions"}],"predecessor-version":[{"id":52343,"href":"https:\/\/temucotelevision.cl\/web\/wp-json\/wp\/v2\/posts\/52341\/revisions\/52343"}],"wp:featuredmedia":[{"embeddable":true,"href":"https:\/\/temucotelevision.cl\/web\/wp-json\/wp\/v2\/media\/52342"}],"wp:attachment":[{"href":"https:\/\/temucotelevision.cl\/web\/wp-json\/wp\/v2\/media?parent=52341"}],"wp:term":[{"taxonomy":"category","embeddable":true,"href":"https:\/\/temucotelevision.cl\/web\/wp-json\/wp\/v2\/categories?post=52341"},{"taxonomy":"post_tag","embeddable":true,"href":"https:\/\/temucotelevision.cl\/web\/wp-json\/wp\/v2\/tags?post=52341"}],"curies":[{"name":"wp","href":"https:\/\/api.w.org\/{rel}","templated":true}]}}