{"id":52334,"date":"2024-09-05T19:39:42","date_gmt":"2024-09-05T22:39:42","guid":{"rendered":"https:\/\/temucotelevision.cl\/web\/?p=52334"},"modified":"2024-09-06T17:33:56","modified_gmt":"2024-09-06T20:33:56","slug":"magica-y-emotiva-obra-de-marionetas-realizara-su-esperado-estreno","status":"publish","type":"post","link":"https:\/\/temucotelevision.cl\/web\/2024\/09\/05\/magica-y-emotiva-obra-de-marionetas-realizara-su-esperado-estreno\/","title":{"rendered":"M\u00e1gica y emotiva obra de marionetas realizar\u00e1 su esperado estreno"},"content":{"rendered":"<div class=\"pvc_clear\"><\/div><p id=\"pvc_stats_52334\" class=\"pvc_stats total_only  \" data-element-id=\"52334\" style=\"\"><i class=\"pvc-stats-icon large\" aria-hidden=\"true\"><svg aria-hidden=\"true\" focusable=\"false\" data-prefix=\"far\" data-icon=\"chart-bar\" role=\"img\" xmlns=\"http:\/\/www.w3.org\/2000\/svg\" viewBox=\"0 0 512 512\" class=\"svg-inline--fa fa-chart-bar fa-w-16 fa-2x\"><path fill=\"currentColor\" d=\"M396.8 352h22.4c6.4 0 12.8-6.4 12.8-12.8V108.8c0-6.4-6.4-12.8-12.8-12.8h-22.4c-6.4 0-12.8 6.4-12.8 12.8v230.4c0 6.4 6.4 12.8 12.8 12.8zm-192 0h22.4c6.4 0 12.8-6.4 12.8-12.8V140.8c0-6.4-6.4-12.8-12.8-12.8h-22.4c-6.4 0-12.8 6.4-12.8 12.8v198.4c0 6.4 6.4 12.8 12.8 12.8zm96 0h22.4c6.4 0 12.8-6.4 12.8-12.8V204.8c0-6.4-6.4-12.8-12.8-12.8h-22.4c-6.4 0-12.8 6.4-12.8 12.8v134.4c0 6.4 6.4 12.8 12.8 12.8zM496 400H48V80c0-8.84-7.16-16-16-16H16C7.16 64 0 71.16 0 80v336c0 17.67 14.33 32 32 32h464c8.84 0 16-7.16 16-16v-16c0-8.84-7.16-16-16-16zm-387.2-48h22.4c6.4 0 12.8-6.4 12.8-12.8v-70.4c0-6.4-6.4-12.8-12.8-12.8h-22.4c-6.4 0-12.8 6.4-12.8 12.8v70.4c0 6.4 6.4 12.8 12.8 12.8z\" class=\"\"><\/path><\/svg><\/i> <img loading=\"lazy\" decoding=\"async\" width=\"16\" height=\"16\" alt=\"Loading\" src=\"https:\/\/temucotelevision.cl\/web\/wp-content\/plugins\/page-views-count\/ajax-loader-2x.gif\" border=0 \/><\/p><div class=\"pvc_clear\"><\/div>\n<p class=\"has-medium-font-size\"><strong>Se trata del montaje \u201cAbu y Bu\u201d, proyecto que cuenta con el apoyo de los Fondos de Cultura 2024, del Ministerio de las Culturas, las Artes y el Patrimonio, y que es una creaci\u00f3n en conjunto entre el reconocido titiritero C\u00e9sar Parra y el experimentado marionetista Jordi Regot con m\u00fasica original del destacado compositor Carlos Astete. La primera parada de esta circulaci\u00f3n regional ser\u00e1 el pr\u00f3ximo 10 de septiembre en el Centro Cultural de Curanilahue, luego el 12 de septiembre se presentar\u00e1 en el Centro Cultural de Nacimiento, el 24 de septiembre tendr\u00e1 funci\u00f3n en el auditorio del Centro Cultural Municipal de Los \u00c1ngeles y el 26 de septiembre estar\u00e1 en la Sala de Teatro del Centro de Extensi\u00f3n de la Ucsc. La gira finaliza el 1 de octubre en la Casa de la Cultura de Chiguayante y el 3 de octubre en el Centro Cultural de Arauco.<\/strong><\/p>\n\n\n\n<p>Luego de largas jornadas de fabricaci\u00f3n de la escenograf\u00eda y sus personajes, creaci\u00f3n de su m\u00fasica e intensas sesiones de ensayos, la obra <strong>\u201cAbu y Bu\u201d<\/strong> est\u00e1 lista para realizar su esperado estreno y circulaci\u00f3n por diversos escenarios de las tres provincias de la Regi\u00f3n.<\/p>\n\n\n\n<p>El proyecto esc\u00e9nico, que cuenta con el apoyo financiero de los <strong>Fondos de Cultura 2024 del Ministerio de las Culturas,<\/strong> es una idea original del<strong> titiritero C\u00e9sar Parra Guti\u00e9rrez, de Vagabundo T\u00edteres,<\/strong> trabajada en conjunto con el experimentado marionetista espa\u00f1ol <strong>Jordi Regot,<\/strong> siendo una labor fluida y fruct\u00edfera, un proceso que ha significado todo un reto, <strong>\u201csobre todo en temas de definir el modo en que se combinan las diferentes est\u00e9ticas y t\u00e9cnicas que conforman la obra. El hacer confluir la idea inicial con aquellos peque\u00f1os detalles que a menudo lo cambian todo. El contacto permanente del equipo ha permitido avanzar sin retrocesos en una l\u00ednea creativa que desarrolla una historia compacta, emocionante, distinta, diversa y emotiva\u201d,<\/strong> cuenta Regot.<\/p>\n\n\n\n<p>Un camino en que destaca la complicidad y<strong> <\/strong>fiato creativo junto<strong> a Parra y su compa\u00f1era Karen Z\u00fa\u00f1iga,<\/strong> <strong>\u201cquienes han aportado una est\u00e9tica diferente a todo mi trabajo y que, tal como estaba previsto, crea una atm\u00f3sfera excelente en la escena del sue\u00f1o que se produce debajo del mar\u201d, afirma el espa\u00f1ol. A lo cual a\u00f1ade la labor mancomunada y comprometida de todo el equipo de producci\u00f3n detr\u00e1s del montaje. \u201cLa ilustraci\u00f3n de Daniela Ram\u00edrez, quien ya trabaj\u00f3 para la anterior propuesta del &#8216;Fuego que Habla&#8217; ha dado con la imagen que define la sencilla complejidad del montaje. En la producci\u00f3n Gisel Sparza ha conseguido que todo funcione como un reloj suizo, y en cuanto a la m\u00fasica simplemente excelent\u00edsimo trabajo de Carlos Astete que ha creado una banda sonora espectacular, con una fuerza descriptiva y emocional, digna de la mejor pel\u00edcula postulada a los Oscar. Y por su parte, las int\u00e9rpretes Micaela Orme\u00f1o y Francisca Ovalle se han desempe\u00f1ado con mucho profesionalismo en la manipulaci\u00f3n y juego de personajes, aportando vida y dinamismo a la historia\u201d.<\/strong><\/p>\n\n\n\n<p>As\u00ed esta emotiva y entra\u00f1able historia debutar\u00e1 el 1<strong>0 de septiembre en el Centro Cultural de Curanilahue,<\/strong> posteriormente se presentar\u00e1 el<strong> 12 de septiembre en el Centro Cultural de Nacimiento, 24 de septiembre<\/strong> se trasladar\u00e1 al auditorio <strong>del Centro Cultural Municipal de Los \u00c1ngeles, 26 de septiembre en la Sala de Teatro del Centro de Extensi\u00f3n de la Ucsc, 1 de octubre en la Casa de la Cultura de Chiguayante, y la funci\u00f3n final ser\u00e1 el 3 de octubre en el Centro Cultural de Arauco. <\/strong>Destacar que todas estas presentaciones ser\u00e1n dirigidas a p\u00fablico estudiantil de diferentes establecimientos educacionales de la Regi\u00f3n, muchos de ellos ajenos a presenciar este tipo de propuestas teatrales teniendo como protagonistas a marionetas.<\/p>\n\n\n\n<p><strong>\u201cEspero, y creo, que el p\u00fablico de esta gira inicial, alumnos y profesorado, van a tener la oportunidad de sumergirse en un mundo m\u00e1gico que les va a despertar los mejores sentimientos en favor de un encuentro entre grandes y chicos, donde la vejez es sea percibida de manera m\u00e1s positiva y cercana y no soslayada o como un problema, que es como socialmente se le enfrenta hoy\u201d<\/strong>, se\u00f1ala Regot.<\/p>\n\n\n\n<p>En cuanto a lo que trata en s\u00ed \u201cAbu y Bu\u201d, profundiza en una realidad extendida por nuestro pa\u00eds, que es la de los menores que no viven en compa\u00f1\u00eda de alguno de sus progenitores. En este caso Tom\u00e1s, el ni\u00f1o protagonista del montaje, a quien su padre abandon\u00f3 y nunca reconoci\u00f3, vive con su abuelo materno puesto que su madre debe trabajar lejos para poder mantenerlos. Debido a esto el ni\u00f1o tan solo puede ver a su mam\u00e1 en contadas ocasiones.<\/p>\n\n\n\n<p>As\u00ed la dramaturgia aborda la convivencia de nietos con los abuelos. Esta relaci\u00f3n familiar donde la brecha intergeneracional entre el abuelo que \u201c<strong>sustituye\u201d al padre\/madre<\/strong> (en muchos casos hijos de madres solteras o con maridos ausentes) y el nieto que no conoce al pap\u00e1; constituye un elemento presente en la obra manifest\u00e1ndose como falta de entendimiento por ambas partes debido a la diferencia de las vivencias y actividades propias de cada uno donde, \u201cp<strong>or lo general, los mayores trasladan las vivencias de su infancia a la de sus nietos que poco o nada tienen que ver con ello, todo lo cual termina dificultando la relaci\u00f3n. Aun as\u00ed\u0301, la aparici\u00f3n del \u2018otro\u2019 abuelo de Tom\u00e1s trae consigo un nuevo paradigma y la necesidad del abuelo paterno de enmendar los errores cometidos con la educaci\u00f3n de su propio hijo, le lleva a participar de la realidad del nieto, lo que poco a poco ir\u00e1 transformando al personaje mostr\u00e1ndole la importancia del dialog\u00f3 intergeneracional para lograr acercarse al ni\u00f1o\u201d<\/strong>, explica el espa\u00f1ol.<\/p>\n\n\n\n<p class=\"has-medium-font-size\"><strong>Para saber m\u00e1s detalles del montaje, lugares y fechas donde se presentar\u00e1, entre otras informaciones, seguir o visitar la cuenta de Instagram @jordiregotmarionetas<\/strong><\/p>\n\n\n\n<p><\/p>\n\n\n\n<p><\/p>\n","protected":false},"excerpt":{"rendered":"<div class=\"pvc_clear\"><\/div>\n<p id=\"pvc_stats_52334\" class=\"pvc_stats total_only  \" data-element-id=\"52334\" style=\"\"><i class=\"pvc-stats-icon large\" aria-hidden=\"true\"><svg aria-hidden=\"true\" focusable=\"false\" data-prefix=\"far\" data-icon=\"chart-bar\" role=\"img\" xmlns=\"http:\/\/www.w3.org\/2000\/svg\" viewBox=\"0 0 512 512\" class=\"svg-inline--fa fa-chart-bar fa-w-16 fa-2x\"><path fill=\"currentColor\" d=\"M396.8 352h22.4c6.4 0 12.8-6.4 12.8-12.8V108.8c0-6.4-6.4-12.8-12.8-12.8h-22.4c-6.4 0-12.8 6.4-12.8 12.8v230.4c0 6.4 6.4 12.8 12.8 12.8zm-192 0h22.4c6.4 0 12.8-6.4 12.8-12.8V140.8c0-6.4-6.4-12.8-12.8-12.8h-22.4c-6.4 0-12.8 6.4-12.8 12.8v198.4c0 6.4 6.4 12.8 12.8 12.8zm96 0h22.4c6.4 0 12.8-6.4 12.8-12.8V204.8c0-6.4-6.4-12.8-12.8-12.8h-22.4c-6.4 0-12.8 6.4-12.8 12.8v134.4c0 6.4 6.4 12.8 12.8 12.8zM496 400H48V80c0-8.84-7.16-16-16-16H16C7.16 64 0 71.16 0 80v336c0 17.67 14.33 32 32 32h464c8.84 0 16-7.16 16-16v-16c0-8.84-7.16-16-16-16zm-387.2-48h22.4c6.4 0 12.8-6.4 12.8-12.8v-70.4c0-6.4-6.4-12.8-12.8-12.8h-22.4c-6.4 0-12.8 6.4-12.8 12.8v70.4c0 6.4 6.4 12.8 12.8 12.8z\" class=\"\"><\/path><\/svg><\/i> <img loading=\"lazy\" decoding=\"async\" width=\"16\" height=\"16\" alt=\"Loading\" src=\"https:\/\/temucotelevision.cl\/web\/wp-content\/plugins\/page-views-count\/ajax-loader-2x.gif\" border=0 \/><\/p>\n<div class=\"pvc_clear\"><\/div>\n<p>Se trata del montaje \u201cAbu y Bu\u201d, proyecto que cuenta con el apoyo de los Fondos de Cultura 2024, del<\/p>\n","protected":false},"author":143,"featured_media":52335,"comment_status":"open","ping_status":"open","sticky":false,"template":"","format":"standard","meta":{"colormag_page_container_layout":"default_layout","colormag_page_sidebar_layout":"default_layout","footnotes":""},"categories":[18,86],"tags":[],"class_list":["post-52334","post","type-post","status-publish","format-standard","has-post-thumbnail","hentry","category-nacional","category-panoramas"],"a3_pvc":{"activated":true,"total_views":877,"today_views":0},"_links":{"self":[{"href":"https:\/\/temucotelevision.cl\/web\/wp-json\/wp\/v2\/posts\/52334","targetHints":{"allow":["GET"]}}],"collection":[{"href":"https:\/\/temucotelevision.cl\/web\/wp-json\/wp\/v2\/posts"}],"about":[{"href":"https:\/\/temucotelevision.cl\/web\/wp-json\/wp\/v2\/types\/post"}],"author":[{"embeddable":true,"href":"https:\/\/temucotelevision.cl\/web\/wp-json\/wp\/v2\/users\/143"}],"replies":[{"embeddable":true,"href":"https:\/\/temucotelevision.cl\/web\/wp-json\/wp\/v2\/comments?post=52334"}],"version-history":[{"count":2,"href":"https:\/\/temucotelevision.cl\/web\/wp-json\/wp\/v2\/posts\/52334\/revisions"}],"predecessor-version":[{"id":52337,"href":"https:\/\/temucotelevision.cl\/web\/wp-json\/wp\/v2\/posts\/52334\/revisions\/52337"}],"wp:featuredmedia":[{"embeddable":true,"href":"https:\/\/temucotelevision.cl\/web\/wp-json\/wp\/v2\/media\/52335"}],"wp:attachment":[{"href":"https:\/\/temucotelevision.cl\/web\/wp-json\/wp\/v2\/media?parent=52334"}],"wp:term":[{"taxonomy":"category","embeddable":true,"href":"https:\/\/temucotelevision.cl\/web\/wp-json\/wp\/v2\/categories?post=52334"},{"taxonomy":"post_tag","embeddable":true,"href":"https:\/\/temucotelevision.cl\/web\/wp-json\/wp\/v2\/tags?post=52334"}],"curies":[{"name":"wp","href":"https:\/\/api.w.org\/{rel}","templated":true}]}}