{"id":52171,"date":"2024-08-27T18:40:14","date_gmt":"2024-08-27T21:40:14","guid":{"rendered":"https:\/\/temucotelevision.cl\/web\/?p=52171"},"modified":"2024-08-27T18:40:15","modified_gmt":"2024-08-27T21:40:15","slug":"uno-de-los-paises-mas-avanzados-de-la-region-8-interrogantes-sobre-la-nueva-ley-de-proteccion-de-datos-en-chile","status":"publish","type":"post","link":"https:\/\/temucotelevision.cl\/web\/2024\/08\/27\/uno-de-los-paises-mas-avanzados-de-la-region-8-interrogantes-sobre-la-nueva-ley-de-proteccion-de-datos-en-chile\/","title":{"rendered":"\u201cUno de los pa\u00edses m\u00e1s avanzados de la regi\u00f3n\u201d: 8 interrogantes sobre la nueva ley de protecci\u00f3n de datos en Chile"},"content":{"rendered":"<div class=\"pvc_clear\"><\/div><p id=\"pvc_stats_52171\" class=\"pvc_stats total_only  \" data-element-id=\"52171\" style=\"\"><i class=\"pvc-stats-icon large\" aria-hidden=\"true\"><svg aria-hidden=\"true\" focusable=\"false\" data-prefix=\"far\" data-icon=\"chart-bar\" role=\"img\" xmlns=\"http:\/\/www.w3.org\/2000\/svg\" viewBox=\"0 0 512 512\" class=\"svg-inline--fa fa-chart-bar fa-w-16 fa-2x\"><path fill=\"currentColor\" d=\"M396.8 352h22.4c6.4 0 12.8-6.4 12.8-12.8V108.8c0-6.4-6.4-12.8-12.8-12.8h-22.4c-6.4 0-12.8 6.4-12.8 12.8v230.4c0 6.4 6.4 12.8 12.8 12.8zm-192 0h22.4c6.4 0 12.8-6.4 12.8-12.8V140.8c0-6.4-6.4-12.8-12.8-12.8h-22.4c-6.4 0-12.8 6.4-12.8 12.8v198.4c0 6.4 6.4 12.8 12.8 12.8zm96 0h22.4c6.4 0 12.8-6.4 12.8-12.8V204.8c0-6.4-6.4-12.8-12.8-12.8h-22.4c-6.4 0-12.8 6.4-12.8 12.8v134.4c0 6.4 6.4 12.8 12.8 12.8zM496 400H48V80c0-8.84-7.16-16-16-16H16C7.16 64 0 71.16 0 80v336c0 17.67 14.33 32 32 32h464c8.84 0 16-7.16 16-16v-16c0-8.84-7.16-16-16-16zm-387.2-48h22.4c6.4 0 12.8-6.4 12.8-12.8v-70.4c0-6.4-6.4-12.8-12.8-12.8h-22.4c-6.4 0-12.8 6.4-12.8 12.8v70.4c0 6.4 6.4 12.8 12.8 12.8z\" class=\"\"><\/path><\/svg><\/i> <img loading=\"lazy\" decoding=\"async\" width=\"16\" height=\"16\" alt=\"Loading\" src=\"https:\/\/temucotelevision.cl\/web\/wp-content\/plugins\/page-views-count\/ajax-loader-2x.gif\" border=0 \/><\/p><div class=\"pvc_clear\"><\/div>\n<p><strong><em>Por Fabiana Ram\u00edrez,&nbsp;<\/em><\/strong><strong><em>Investigadora de Seguridad Inform\u00e1tica de ESET Latinoam\u00e9rica.<\/em><\/strong><\/p>\n\n\n\n<p>Los datos personales se convirtieron en un&nbsp;<a href=\"https:\/\/www.welivesecurity.com\/la-es\/2023\/02\/02\/por-que-tus-datos-son-mas-valiosos-de-lo-que-crees\/\" target=\"_blank\" rel=\"noreferrer noopener\">activo de gran valor<\/a>&nbsp;y la conciencia sobre su protecci\u00f3n es<a href=\"https:\/\/www.welivesecurity.com\/la-es\/2022\/05\/26\/razones-gdpr-marco-hito-proteccion-datos\/\" target=\"_blank\" rel=\"noreferrer noopener\">&nbsp;cada vez m\u00e1s relevante.<\/a>&nbsp;Las amenazas a la privacidad son m\u00e1s frecuentes, haciendo necesario actualizar las leyes de datos que rigen en cada pa\u00eds.<\/p>\n\n\n\n<p>Aunque en Latinoam\u00e9rica varios pa\u00edses&nbsp;<a href=\"https:\/\/www.welivesecurity.com\/es\/privacidad\/panorama-proteccion-datos-paises-latam\/\" target=\"_blank\" rel=\"noreferrer noopener\">se encuentran con legislaciones que son del siglo pasado<\/a>, \u2015casi que de los albores de la popularizaci\u00f3n de Internet\u2015, la mayor\u00eda de los Estados se encuentran trabajando para adecuarse a los tiempos modernos, con la Regulaci\u00f3n de Protecci\u00f3n de Datos Personales europea (2016) como faro.<\/p>\n\n\n\n<p>En el caso de Chile, la&nbsp;<a href=\"https:\/\/www.senado.cl\/comunicaciones\/noticias\/proteccion-de-datos-personales-sala-aprueba-informe-de-comision-mixta\" target=\"_blank\" rel=\"noreferrer noopener\">legislaci\u00f3n<\/a>&nbsp;\u201cbusca perfeccionar las normas relativas al tratamiento de los datos personales de las personas naturales, de manera que \u00e9ste se realice con el consentimiento del titular de dichos datos o en los casos que lo autorice la ley, asegurando est\u00e1ndares de calidad, informaci\u00f3n, transparencia y seguridad\u201d.&nbsp;&nbsp;<\/p>\n\n\n\n<p>El reglamento fue aprobado este 27 de agosto y lista para su publicaci\u00f3n y promulgaci\u00f3n, es por ello que a continuaci\u00f3n responderemos algunas de las preguntas que pueden estar rondando la cabeza de los altos mandos en empresas y organismos, como tambi\u00e9n de los ciudadanos.<\/p>\n\n\n\n<h2 class=\"wp-block-heading\"><\/h2>\n\n\n\n<h3 class=\"wp-block-heading\">\u00bfHay sanci\u00f3n para las empresas responsables del uso indebido de los datos previo a la entrada en vigor de la ley?&nbsp;<\/h3>\n\n\n\n<h3 class=\"wp-block-heading\"><\/h3>\n\n\n\n<h3 class=\"wp-block-heading\">Las sanciones no ser\u00e1n aplicadas inmediatamente. De acuerdo con la norma, la misma entrar\u00e1 en vigor el primer d\u00eda del d\u00e9cimo tercer mes posterior a su publicaci\u00f3n. En ese sentido, las bases de datos preexistentes cuentan con un plazo de dieciocho meses para adecuarse a los t\u00e9rminos previstos en ella, contado desde su entrada en vigor. Teniendo en cuenta esto, se podr\u00eda decir que, desde la publicaci\u00f3n de la norma,&nbsp;las empresas tendr\u00e1n un plazo de dos a\u00f1os y seis meses para adaptarse. Sin embargo, los derechos reconocidos por esta para los titulares de datos podr\u00e1n ser ejercidos de acuerdo con sus t\u00e9rminos desde la entrada en vigor.<\/h3>\n\n\n\n<h3 class=\"wp-block-heading\"><\/h3>\n\n\n\n<h3 class=\"wp-block-heading\">\u00bfA qui\u00e9nes impacta la ley? \u00bfA ciudadanos y empresas de todo el mundo o solo de Chile?<\/h3>\n\n\n\n<p>Afectar\u00e1 a&nbsp;<strong>empresas de todos los tama\u00f1os, organismos p\u00fablicos y a la informaci\u00f3n referida a ciudadanos chilenos<\/strong>, por tanto, repercutir\u00e1 en empresas extranjeras que traten datos de ciudadanos o personas que habiten en el pa\u00eds.<\/p>\n\n\n\n<h3 class=\"wp-block-heading\"><\/h3>\n\n\n\n<h3 class=\"wp-block-heading\">\u00bfUn sitio web fuera del territorio chileno al que acceden personas desde el extranjero se ve afectado por la ley?<\/h3>\n\n\n\n<p>Si el sitio web recoge datos personales de personas situadas en Chile y lo hace con el fin de suministrar bienes o servicios, deber\u00e1 cumplir con la ley.&nbsp;&nbsp;<\/p>\n\n\n\n<p><strong>Si una persona fuera de Chile interact\u00faa con un sitio web de una empresa o servicio que se ofrece en el pa\u00eds, \u00bfla ley tiene un impacto en estas personas?<\/strong><\/p>\n\n\n\n<p>En este caso, a pesar de que los datos provengan de personas que no se encuentren en el pa\u00eds, la forma del tratamiento estar\u00eda influida por la norma chilena. Sin embargo, esto colocar\u00eda a la ley chilena en una posici\u00f3n enfrentada a la ley del pa\u00eds en donde se encuentre el individuo y eso ser\u00eda una cuesti\u00f3n para resolver por el organismo tratante de los datos para determinar cu\u00e1l legislaci\u00f3n es aplicable.<\/p>\n\n\n\n<h3 class=\"wp-block-heading\"><\/h3>\n\n\n\n<h3 class=\"wp-block-heading\">\u00bfLas empresas lograr\u00e1n estar preparadas en el periodo establecido?<\/h3>\n\n\n\n<p>Considerando el largo proceso de discusi\u00f3n, que la mayor\u00eda de las disposiciones que se sancionan ya son conocidas p\u00fablicamente y que el plazo otorgado para acomodarse a la misma es bastante amplio,&nbsp;<strong>hay un plazo importante para adecuarse en tiempo y forma.<\/strong>&nbsp;Por esa raz\u00f3n, las organizaciones podr\u00edan empezar desde ahora a evaluar sus sistemas de gesti\u00f3n de la informaci\u00f3n para trabajar en pol\u00edticas correctivas de ser necesario.<\/p>\n\n\n\n<h3 class=\"wp-block-heading\">\u00bfCu\u00e1les son los principales desaf\u00edos para las peque\u00f1as y medianas empresas?<\/h3>\n\n\n\n<p>La necesidad de cumplir con la normativa es independiente al tama\u00f1o de la organizaci\u00f3n. Quiz\u00e1s la diferencia entre unas y otras sea la del presupuesto establecido para la seguridad de la informaci\u00f3n. Usualmente, empresas grandes ya cuentan con \u00e1reas espec\u00edficas que aborden las tem\u00e1ticas, en cambio, aquellas m\u00e1s peque\u00f1as quiz\u00e1s a\u00fan no hayan contemplado esta cuesti\u00f3n. El desaf\u00edo para ambas resulta en&nbsp;<strong>contar con presupuesto y especialistas dedicados.<\/strong><\/p>\n\n\n\n<h3 class=\"wp-block-heading\">\u00bfCu\u00e1l es la autoridad competente para la aplicaci\u00f3n de la ley?<\/h3>\n\n\n\n<p>La autoridad competente para aplicaci\u00f3n y control de cumplimiento de las normas referidas a protecci\u00f3n de datos ser\u00e1 la<strong>Agencia de Protecci\u00f3n de Datos Personales<\/strong>, organismo que se encargar\u00e1 de velar por la efectiva protecci\u00f3n de los derechos que garantizan la vida privada de las personas y de sus datos personales. Tendr\u00e1 potestad para imponer sanciones, multas y de dictar reglamentos para garantizar el cumplimiento de la ley.<\/p>\n\n\n\n<h3 class=\"wp-block-heading\"><\/h3>\n\n\n\n<h3 class=\"wp-block-heading\">\u00bfCu\u00e1les son los principales puntos que las empresas deber\u00edan atender en la implementaci\u00f3n de procesos para cumplir con la nueva ley?<\/h3>\n\n\n\n<p>En primer lugar, si una empresa no est\u00e1 segura deber\u00e1 buscar asesoramiento tanto jur\u00eddico como de especialistas t\u00e9cnicos en el \u00e1mbito de la seguridad de la informaci\u00f3n. Asimismo, para asegurarse deben considerar, al menos, los siguientes pasos:<\/p>\n\n\n\n<ul class=\"wp-block-list\">\n<li>Entender las pol\u00edticas y procedimientos actuales para la recolecci\u00f3n, almacenamiento y venta\/compartici\u00f3n de datos personales.<\/li>\n\n\n\n<li>Hacer una evaluaci\u00f3n del estado actual de la empresa y definir los puntos de mejora para acomodarse a la ley.<\/li>\n\n\n\n<li>Desarrollar una estrategia de pasos a seguir para alcanzar el cumplimiento basada en el an\u00e1lisis de las deficiencias.<\/li>\n\n\n\n<li>Desarrollar actualizaciones y mecanismos para el cumplimiento de la normativa, como pol\u00edticas de privacidad, aceptaci\u00f3n y exclusi\u00f3n voluntaria, actualizaciones de la web, etc.<\/li>\n<\/ul>\n\n\n\n<p>Chile se pondr\u00e1 a la vanguardia por el bien de sus ciudadanos y por el correcto uso de los datos (tambi\u00e9n biom\u00e9tricos).&nbsp;<a href=\"https:\/\/www.camara.cl\/cms\/noticias\/2023\/05\/08\/tratamiento-de-datos-personales-tendra-nuevo-marco-legal\/\" target=\"_blank\" rel=\"noreferrer noopener\">El nuevo proyecto de ley&nbsp;<\/a>requerir\u00e1 que las empresas y organizaciones adecuen sus operaciones y pol\u00edticas de seguridad, evitando el mal uso. Es as\u00ed como se convertir\u00e1&nbsp; en uno de los pa\u00edses de la regi\u00f3n que m\u00e1s ha avanzado en el tratamiento de una normativa que actualice sus leyes de protecci\u00f3n, junto con Brasil, que en 2019 promulg\u00f3 su&nbsp;<a href=\"https:\/\/lgpd-brazil.info\/\" target=\"_blank\" rel=\"noreferrer noopener\">Ley General de Protecci\u00f3n de datos personales (LGPD)<\/a>.<\/p>\n","protected":false},"excerpt":{"rendered":"<div class=\"pvc_clear\"><\/div>\n<p id=\"pvc_stats_52171\" class=\"pvc_stats total_only  \" data-element-id=\"52171\" style=\"\"><i class=\"pvc-stats-icon large\" aria-hidden=\"true\"><svg aria-hidden=\"true\" focusable=\"false\" data-prefix=\"far\" data-icon=\"chart-bar\" role=\"img\" xmlns=\"http:\/\/www.w3.org\/2000\/svg\" viewBox=\"0 0 512 512\" class=\"svg-inline--fa fa-chart-bar fa-w-16 fa-2x\"><path fill=\"currentColor\" d=\"M396.8 352h22.4c6.4 0 12.8-6.4 12.8-12.8V108.8c0-6.4-6.4-12.8-12.8-12.8h-22.4c-6.4 0-12.8 6.4-12.8 12.8v230.4c0 6.4 6.4 12.8 12.8 12.8zm-192 0h22.4c6.4 0 12.8-6.4 12.8-12.8V140.8c0-6.4-6.4-12.8-12.8-12.8h-22.4c-6.4 0-12.8 6.4-12.8 12.8v198.4c0 6.4 6.4 12.8 12.8 12.8zm96 0h22.4c6.4 0 12.8-6.4 12.8-12.8V204.8c0-6.4-6.4-12.8-12.8-12.8h-22.4c-6.4 0-12.8 6.4-12.8 12.8v134.4c0 6.4 6.4 12.8 12.8 12.8zM496 400H48V80c0-8.84-7.16-16-16-16H16C7.16 64 0 71.16 0 80v336c0 17.67 14.33 32 32 32h464c8.84 0 16-7.16 16-16v-16c0-8.84-7.16-16-16-16zm-387.2-48h22.4c6.4 0 12.8-6.4 12.8-12.8v-70.4c0-6.4-6.4-12.8-12.8-12.8h-22.4c-6.4 0-12.8 6.4-12.8 12.8v70.4c0 6.4 6.4 12.8 12.8 12.8z\" class=\"\"><\/path><\/svg><\/i> <img loading=\"lazy\" decoding=\"async\" width=\"16\" height=\"16\" alt=\"Loading\" src=\"https:\/\/temucotelevision.cl\/web\/wp-content\/plugins\/page-views-count\/ajax-loader-2x.gif\" border=0 \/><\/p>\n<div class=\"pvc_clear\"><\/div>\n<p>Por Fabiana Ram\u00edrez,&nbsp;Investigadora de Seguridad Inform\u00e1tica de ESET Latinoam\u00e9rica. Los datos personales se convirtieron en un&nbsp;activo de gran valor&nbsp;y la<\/p>\n","protected":false},"author":1,"featured_media":52172,"comment_status":"open","ping_status":"open","sticky":false,"template":"","format":"standard","meta":{"colormag_page_container_layout":"default_layout","colormag_page_sidebar_layout":"default_layout","footnotes":""},"categories":[6973],"tags":[1329],"class_list":["post-52171","post","type-post","status-publish","format-standard","has-post-thumbnail","hentry","category-tecnologia","tag-internet"],"a3_pvc":{"activated":true,"total_views":1093,"today_views":0},"_links":{"self":[{"href":"https:\/\/temucotelevision.cl\/web\/wp-json\/wp\/v2\/posts\/52171","targetHints":{"allow":["GET"]}}],"collection":[{"href":"https:\/\/temucotelevision.cl\/web\/wp-json\/wp\/v2\/posts"}],"about":[{"href":"https:\/\/temucotelevision.cl\/web\/wp-json\/wp\/v2\/types\/post"}],"author":[{"embeddable":true,"href":"https:\/\/temucotelevision.cl\/web\/wp-json\/wp\/v2\/users\/1"}],"replies":[{"embeddable":true,"href":"https:\/\/temucotelevision.cl\/web\/wp-json\/wp\/v2\/comments?post=52171"}],"version-history":[{"count":1,"href":"https:\/\/temucotelevision.cl\/web\/wp-json\/wp\/v2\/posts\/52171\/revisions"}],"predecessor-version":[{"id":52173,"href":"https:\/\/temucotelevision.cl\/web\/wp-json\/wp\/v2\/posts\/52171\/revisions\/52173"}],"wp:featuredmedia":[{"embeddable":true,"href":"https:\/\/temucotelevision.cl\/web\/wp-json\/wp\/v2\/media\/52172"}],"wp:attachment":[{"href":"https:\/\/temucotelevision.cl\/web\/wp-json\/wp\/v2\/media?parent=52171"}],"wp:term":[{"taxonomy":"category","embeddable":true,"href":"https:\/\/temucotelevision.cl\/web\/wp-json\/wp\/v2\/categories?post=52171"},{"taxonomy":"post_tag","embeddable":true,"href":"https:\/\/temucotelevision.cl\/web\/wp-json\/wp\/v2\/tags?post=52171"}],"curies":[{"name":"wp","href":"https:\/\/api.w.org\/{rel}","templated":true}]}}