{"id":52167,"date":"2024-08-26T23:57:03","date_gmt":"2024-08-27T02:57:03","guid":{"rendered":"https:\/\/temucotelevision.cl\/web\/?p=52167"},"modified":"2024-08-26T23:57:04","modified_gmt":"2024-08-27T02:57:04","slug":"aromas-patrios-en-pucon-inicia-la-septima-version-del-concurso-de-empanadas","status":"publish","type":"post","link":"https:\/\/temucotelevision.cl\/web\/2024\/08\/26\/aromas-patrios-en-pucon-inicia-la-septima-version-del-concurso-de-empanadas\/","title":{"rendered":"Aromas patrios en Puc\u00f3n: Inicia la s\u00e9ptima versi\u00f3n del concurso de empanadas"},"content":{"rendered":"<div class=\"pvc_clear\"><\/div><p id=\"pvc_stats_52167\" class=\"pvc_stats total_only  \" data-element-id=\"52167\" style=\"\"><i class=\"pvc-stats-icon large\" aria-hidden=\"true\"><svg aria-hidden=\"true\" focusable=\"false\" data-prefix=\"far\" data-icon=\"chart-bar\" role=\"img\" xmlns=\"http:\/\/www.w3.org\/2000\/svg\" viewBox=\"0 0 512 512\" class=\"svg-inline--fa fa-chart-bar fa-w-16 fa-2x\"><path fill=\"currentColor\" d=\"M396.8 352h22.4c6.4 0 12.8-6.4 12.8-12.8V108.8c0-6.4-6.4-12.8-12.8-12.8h-22.4c-6.4 0-12.8 6.4-12.8 12.8v230.4c0 6.4 6.4 12.8 12.8 12.8zm-192 0h22.4c6.4 0 12.8-6.4 12.8-12.8V140.8c0-6.4-6.4-12.8-12.8-12.8h-22.4c-6.4 0-12.8 6.4-12.8 12.8v198.4c0 6.4 6.4 12.8 12.8 12.8zm96 0h22.4c6.4 0 12.8-6.4 12.8-12.8V204.8c0-6.4-6.4-12.8-12.8-12.8h-22.4c-6.4 0-12.8 6.4-12.8 12.8v134.4c0 6.4 6.4 12.8 12.8 12.8zM496 400H48V80c0-8.84-7.16-16-16-16H16C7.16 64 0 71.16 0 80v336c0 17.67 14.33 32 32 32h464c8.84 0 16-7.16 16-16v-16c0-8.84-7.16-16-16-16zm-387.2-48h22.4c6.4 0 12.8-6.4 12.8-12.8v-70.4c0-6.4-6.4-12.8-12.8-12.8h-22.4c-6.4 0-12.8 6.4-12.8 12.8v70.4c0 6.4 6.4 12.8 12.8 12.8z\" class=\"\"><\/path><\/svg><\/i> <img loading=\"lazy\" decoding=\"async\" width=\"16\" height=\"16\" alt=\"Loading\" src=\"https:\/\/temucotelevision.cl\/web\/wp-content\/plugins\/page-views-count\/ajax-loader-2x.gif\" border=0 \/><\/p><div class=\"pvc_clear\"><\/div>\n<p>Como ha sido tradicional en v\u00edsperas del mes de la Patria, la Municipalidad de Puc\u00f3n, a trav\u00e9s de la Direcci\u00f3n de Desarrollo Econ\u00f3mico, Fomento y Turismo, lanz\u00f3 oficialmente este lunes el concurso que busca a \u201cLa Mejor Empanada de Puc\u00f3n 2024\u201d.<\/p>\n\n\n\n<p>El lanzamiento se realiz\u00f3 en la alcald\u00eda del municipio lacustre, ocasi\u00f3n donde el alcalde Carlos Barra, agradeci\u00f3 a la organizaci\u00f3n por esta s\u00e9ptima versi\u00f3n y present\u00f3 al jurado que tendr\u00e1 la misi\u00f3n de dictaminar, cu\u00e1l es la mejor empanada de Puc\u00f3n. Este lo integran, \u00c1lvaro Sep\u00falveda (Agrupaci\u00f3n Puc\u00f3n Chef), Walter Carter (Municipalidad de Puc\u00f3n), el suboficial Mayor, Luis Larra\u00f1aga, (Carabineros), concurso que busca generar una instancia de participaci\u00f3n activa de los empresarios locales, potenciar identidad, adem\u00e1s de revivir tradiciones y costumbres t\u00edpicas de nuestra tierra. \u201cMe alegra mucho que sea la s\u00e9ptima versi\u00f3n, ya que es una buena manera de conservar los valores y las tradiciones de nuestra patria, donde la empanada es una de las reinas en estas fiestas\u201d, dijo el alcalde.&nbsp;<\/p>\n\n\n\n<p>Por su parte, Carolina Ruiz, Directora de Fomento y Turismo de la Municipalidad lacustre, mencion\u00f3 que se est\u00e1 invitando a todos los locales establecidos a participar de este concurso. \u201cHoy queremos dar inicio a este concurso que ya es emblem\u00e1tico y comentarles que ya est\u00e1n las bases publicadas en la p\u00e1gina web de la municipalidad y d\u00f3nde tambi\u00e9n podr\u00e1n realizar su inscripci\u00f3n, esta ser\u00e1 hasta el 1 de Septiembre\u201d.<\/p>\n\n\n\n<p>En cuanto a la competencia, un jurado experto definir\u00e1 los primeros tres lugares, quienes se llevar\u00e1n un aporte econ\u00f3mico, adem\u00e1s del reconocimiento como las mejores empanadas de Puc\u00f3n. Al respecto, \u00c1lvaro Sep\u00falveda, de la Agrupaci\u00f3n Puc\u00f3n Chef, dijo sentirse muy contento de ser nuevamente parte del jurado. \u201cEs un orgullo poder participar de esta instancia nuevamente, en a\u00f1os anteriores se nos ha tornado complejo debido al gran nivel de las preparaciones de las empanadas. Lo que evaluamos es b\u00e1sicamente los aromas y el equilibrio entre sabor, textura, y masa. Ojal\u00e1 todo esto sea lo m\u00e1s equilibrado posible y sin duda lo hacemos con mucho gusto\u201d.<\/p>\n\n\n\n<p>Cabe destacar que las inscripciones partieron este lunes 26 de agosto y se extender\u00e1n hasta las 23:59 horas del 1 de septiembre, por lo que hay que ingresar a la p\u00e1gina web municipal&nbsp;<a href=\"http:\/\/www.municipalidadpucon.cl\/\" target=\"_blank\" rel=\"noreferrer noopener\">www.municipalidadpucon.cl<\/a>&nbsp;en el links \u201cLa mejor empanada de Puc\u00f3n 2024\u201d. En este concurso podr\u00e1n participar locales establecidos como: restaurantes, panader\u00edas, amasander\u00edas, entre otros. Adem\u00e1s de negocios relacionados al rubro gastron\u00f3mico que pertenezcan a la comuna, cuenten con patente comercial y resoluci\u00f3n sanitaria.<\/p>\n\n\n\n<figure class=\"wp-block-image size-large\"><img loading=\"lazy\" decoding=\"async\" width=\"1000\" height=\"563\" src=\"https:\/\/temucotelevision.cl\/web\/wp-content\/uploads\/2024\/08\/empanada-2-1000x563.jpg\" alt=\"\" class=\"wp-image-52169\" srcset=\"https:\/\/temucotelevision.cl\/web\/wp-content\/uploads\/2024\/08\/empanada-2-1000x563.jpg 1000w, https:\/\/temucotelevision.cl\/web\/wp-content\/uploads\/2024\/08\/empanada-2-768x433.jpg 768w, https:\/\/temucotelevision.cl\/web\/wp-content\/uploads\/2024\/08\/empanada-2-1536x865.jpg 1536w, https:\/\/temucotelevision.cl\/web\/wp-content\/uploads\/2024\/08\/empanada-2-2048x1154.jpg 2048w\" sizes=\"auto, (max-width: 1000px) 100vw, 1000px\" \/><\/figure>\n","protected":false},"excerpt":{"rendered":"<div class=\"pvc_clear\"><\/div>\n<p id=\"pvc_stats_52167\" class=\"pvc_stats total_only  \" data-element-id=\"52167\" style=\"\"><i class=\"pvc-stats-icon large\" aria-hidden=\"true\"><svg aria-hidden=\"true\" focusable=\"false\" data-prefix=\"far\" data-icon=\"chart-bar\" role=\"img\" xmlns=\"http:\/\/www.w3.org\/2000\/svg\" viewBox=\"0 0 512 512\" class=\"svg-inline--fa fa-chart-bar fa-w-16 fa-2x\"><path fill=\"currentColor\" d=\"M396.8 352h22.4c6.4 0 12.8-6.4 12.8-12.8V108.8c0-6.4-6.4-12.8-12.8-12.8h-22.4c-6.4 0-12.8 6.4-12.8 12.8v230.4c0 6.4 6.4 12.8 12.8 12.8zm-192 0h22.4c6.4 0 12.8-6.4 12.8-12.8V140.8c0-6.4-6.4-12.8-12.8-12.8h-22.4c-6.4 0-12.8 6.4-12.8 12.8v198.4c0 6.4 6.4 12.8 12.8 12.8zm96 0h22.4c6.4 0 12.8-6.4 12.8-12.8V204.8c0-6.4-6.4-12.8-12.8-12.8h-22.4c-6.4 0-12.8 6.4-12.8 12.8v134.4c0 6.4 6.4 12.8 12.8 12.8zM496 400H48V80c0-8.84-7.16-16-16-16H16C7.16 64 0 71.16 0 80v336c0 17.67 14.33 32 32 32h464c8.84 0 16-7.16 16-16v-16c0-8.84-7.16-16-16-16zm-387.2-48h22.4c6.4 0 12.8-6.4 12.8-12.8v-70.4c0-6.4-6.4-12.8-12.8-12.8h-22.4c-6.4 0-12.8 6.4-12.8 12.8v70.4c0 6.4 6.4 12.8 12.8 12.8z\" class=\"\"><\/path><\/svg><\/i> <img loading=\"lazy\" decoding=\"async\" width=\"16\" height=\"16\" alt=\"Loading\" src=\"https:\/\/temucotelevision.cl\/web\/wp-content\/plugins\/page-views-count\/ajax-loader-2x.gif\" border=0 \/><\/p>\n<div class=\"pvc_clear\"><\/div>\n<p>Como ha sido tradicional en v\u00edsperas del mes de la Patria, la Municipalidad de Puc\u00f3n, a trav\u00e9s de la Direcci\u00f3n<\/p>\n","protected":false},"author":1,"featured_media":52168,"comment_status":"open","ping_status":"open","sticky":false,"template":"","format":"standard","meta":{"colormag_page_container_layout":"default_layout","colormag_page_sidebar_layout":"default_layout","footnotes":""},"categories":[86],"tags":[],"class_list":["post-52167","post","type-post","status-publish","format-standard","has-post-thumbnail","hentry","category-panoramas"],"a3_pvc":{"activated":true,"total_views":1103,"today_views":0},"_links":{"self":[{"href":"https:\/\/temucotelevision.cl\/web\/wp-json\/wp\/v2\/posts\/52167","targetHints":{"allow":["GET"]}}],"collection":[{"href":"https:\/\/temucotelevision.cl\/web\/wp-json\/wp\/v2\/posts"}],"about":[{"href":"https:\/\/temucotelevision.cl\/web\/wp-json\/wp\/v2\/types\/post"}],"author":[{"embeddable":true,"href":"https:\/\/temucotelevision.cl\/web\/wp-json\/wp\/v2\/users\/1"}],"replies":[{"embeddable":true,"href":"https:\/\/temucotelevision.cl\/web\/wp-json\/wp\/v2\/comments?post=52167"}],"version-history":[{"count":1,"href":"https:\/\/temucotelevision.cl\/web\/wp-json\/wp\/v2\/posts\/52167\/revisions"}],"predecessor-version":[{"id":52170,"href":"https:\/\/temucotelevision.cl\/web\/wp-json\/wp\/v2\/posts\/52167\/revisions\/52170"}],"wp:featuredmedia":[{"embeddable":true,"href":"https:\/\/temucotelevision.cl\/web\/wp-json\/wp\/v2\/media\/52168"}],"wp:attachment":[{"href":"https:\/\/temucotelevision.cl\/web\/wp-json\/wp\/v2\/media?parent=52167"}],"wp:term":[{"taxonomy":"category","embeddable":true,"href":"https:\/\/temucotelevision.cl\/web\/wp-json\/wp\/v2\/categories?post=52167"},{"taxonomy":"post_tag","embeddable":true,"href":"https:\/\/temucotelevision.cl\/web\/wp-json\/wp\/v2\/tags?post=52167"}],"curies":[{"name":"wp","href":"https:\/\/api.w.org\/{rel}","templated":true}]}}