{"id":52163,"date":"2024-08-26T23:22:48","date_gmt":"2024-08-27T02:22:48","guid":{"rendered":"https:\/\/temucotelevision.cl\/web\/?p=52163"},"modified":"2024-08-26T23:28:04","modified_gmt":"2024-08-27T02:28:04","slug":"droga-avaluada-200-millones-operativo-de-la-pdi-en-temuco-frustra-distribucion-de-cannabis-para-fiestas-patrias","status":"publish","type":"post","link":"https:\/\/temucotelevision.cl\/web\/2024\/08\/26\/droga-avaluada-200-millones-operativo-de-la-pdi-en-temuco-frustra-distribucion-de-cannabis-para-fiestas-patrias\/","title":{"rendered":"Droga avaluada $200 millones: Operativo de la PDI en Temuco frustra distribuci\u00f3n de cannabis para Fiestas Patrias"},"content":{"rendered":"<div class=\"pvc_clear\"><\/div><p id=\"pvc_stats_52163\" class=\"pvc_stats total_only  \" data-element-id=\"52163\" style=\"\"><i class=\"pvc-stats-icon large\" aria-hidden=\"true\"><svg aria-hidden=\"true\" focusable=\"false\" data-prefix=\"far\" data-icon=\"chart-bar\" role=\"img\" xmlns=\"http:\/\/www.w3.org\/2000\/svg\" viewBox=\"0 0 512 512\" class=\"svg-inline--fa fa-chart-bar fa-w-16 fa-2x\"><path fill=\"currentColor\" d=\"M396.8 352h22.4c6.4 0 12.8-6.4 12.8-12.8V108.8c0-6.4-6.4-12.8-12.8-12.8h-22.4c-6.4 0-12.8 6.4-12.8 12.8v230.4c0 6.4 6.4 12.8 12.8 12.8zm-192 0h22.4c6.4 0 12.8-6.4 12.8-12.8V140.8c0-6.4-6.4-12.8-12.8-12.8h-22.4c-6.4 0-12.8 6.4-12.8 12.8v198.4c0 6.4 6.4 12.8 12.8 12.8zm96 0h22.4c6.4 0 12.8-6.4 12.8-12.8V204.8c0-6.4-6.4-12.8-12.8-12.8h-22.4c-6.4 0-12.8 6.4-12.8 12.8v134.4c0 6.4 6.4 12.8 12.8 12.8zM496 400H48V80c0-8.84-7.16-16-16-16H16C7.16 64 0 71.16 0 80v336c0 17.67 14.33 32 32 32h464c8.84 0 16-7.16 16-16v-16c0-8.84-7.16-16-16-16zm-387.2-48h22.4c6.4 0 12.8-6.4 12.8-12.8v-70.4c0-6.4-6.4-12.8-12.8-12.8h-22.4c-6.4 0-12.8 6.4-12.8 12.8v70.4c0 6.4 6.4 12.8 12.8 12.8z\" class=\"\"><\/path><\/svg><\/i> <img loading=\"lazy\" decoding=\"async\" width=\"16\" height=\"16\" alt=\"Loading\" src=\"https:\/\/temucotelevision.cl\/web\/wp-content\/plugins\/page-views-count\/ajax-loader-2x.gif\" border=0 \/><\/p><div class=\"pvc_clear\"><\/div>\n<p>PDI desarticula estructura criminal dedicada al tr\u00e1fico de cannabis en Temuco:&nbsp;<em>trasladaban la droga desde la zona norte del pa\u00eds.<\/em><\/p>\n\n\n\n<p><a><\/a>Cerca de dos meses dur\u00f3 la investigaci\u00f3n que llevaron a cabo detectives de la Brigada Antinarc\u00f3ticos y Contra el Crimen Organizado (Brianco) de Temuco en conjunto con la Fiscal\u00eda local de esta ciudad, donde se detuvo a dos hombres, sin antecedentes, uno de ellos el propietario de la droga, quienes se dedicar\u00edan al tr\u00e1fico il\u00edcito, espec\u00edficamente cannabis sativa. Este operativo logr\u00f3 la recuperaci\u00f3n de 22 kilos de cannabis sativa, dos veh\u00edculos y una pistola 9 mil\u00edmetros, que no tiene registro en el pa\u00eds.&nbsp;<\/p>\n\n\n\n<p>Los sujetos adquirieron la droga en la zona norte del pa\u00eds, en la comuna de Ovalle, para posteriormente trasladarla hasta regi\u00f3n de La Araucan\u00eda, espec\u00edficamente.<\/p>\n\n\n\n<p>El prefecto Ronny Salgado, jefe de la Brianco Temuco, explic\u00f3, &#8220;tras un proceso de investigaci\u00f3n de dos meses, nos permiti\u00f3 identificar parte de una org\u00e1nica que se dedicaba al traslado de grandes cantidades de cannabis, desde la cuarta regi\u00f3n hacia la Araucan\u00eda, en ese contexto se logr\u00f3 identificar el transporte de los sujetos, que ven\u00edan en dos veh\u00edculos, uno de ellos realizando cobertura, logrando la detenci\u00f3n e incautaci\u00f3n de 22 kilos de cannabis sativa, una pistola, pasando los detenidos a control de detenci\u00f3n en horas de esta ma\u00f1ana\u201d.<\/p>\n\n\n\n<p>El fiscal a cargo de la investigaci\u00f3n, Alberto Chiffelle, se\u00f1al\u00f3 que &#8220;esta diligencia se inici\u00f3 por una denuncia que recibi\u00f3 la PDI en el mes de abril del a\u00f1o 2024, que daba cuenta que un sujeto vend\u00eda droga en la ciudad de Temuco, espec\u00edficamente cannabis sativa y para ello se abastec\u00edan en la zona norte del pa\u00eds\u201d.<\/p>\n\n\n\n<p>De acuerdo a los antecedentes que se tienen de esta investigaci\u00f3n, \u201cda cuenta que esta droga probablemente iba a ser dosificada y distribuida entre traficantes y micriotraficantes locales, para ser vendida seguramente en el mes de septiembre en las Fiestas Patrias\u201d, indic\u00f3 el Fiscal Chiffelle.<\/p>\n\n\n\n<p>Con todos estos antecedentes, el personal policial da cuenta el d\u00eda viernes 23 de agosto, que los sujetos hab\u00edan adquirido la droga en Ovalle, y se les sigue con vigilancia policial hasta Temuco, logrando su detenci\u00f3n a la altura de la comuna de Victoria, incautando la droga ya mencionada y deteniendo a los dos imputados por Infracci\u00f3n a la Ley 20.000, art\u00edculo 3\u00ba, \u201cTr\u00e1fico de Drogas en Altas Cantidades\u201d, agrego el Fiscal Chifelle.<\/p>\n\n\n\n<p>Los imputados pasaron a control de detenci\u00f3n en horas de esta ma\u00f1ana -26 de agosto-, donde la Fiscal\u00eda solicitar\u00e1 la prisi\u00f3n preventiva de estos sujetos, toda vez que su libertad es un peligro para la seguridad de la sociedad.<\/p>\n","protected":false},"excerpt":{"rendered":"<div class=\"pvc_clear\"><\/div>\n<p id=\"pvc_stats_52163\" class=\"pvc_stats total_only  \" data-element-id=\"52163\" style=\"\"><i class=\"pvc-stats-icon large\" aria-hidden=\"true\"><svg aria-hidden=\"true\" focusable=\"false\" data-prefix=\"far\" data-icon=\"chart-bar\" role=\"img\" xmlns=\"http:\/\/www.w3.org\/2000\/svg\" viewBox=\"0 0 512 512\" class=\"svg-inline--fa fa-chart-bar fa-w-16 fa-2x\"><path fill=\"currentColor\" d=\"M396.8 352h22.4c6.4 0 12.8-6.4 12.8-12.8V108.8c0-6.4-6.4-12.8-12.8-12.8h-22.4c-6.4 0-12.8 6.4-12.8 12.8v230.4c0 6.4 6.4 12.8 12.8 12.8zm-192 0h22.4c6.4 0 12.8-6.4 12.8-12.8V140.8c0-6.4-6.4-12.8-12.8-12.8h-22.4c-6.4 0-12.8 6.4-12.8 12.8v198.4c0 6.4 6.4 12.8 12.8 12.8zm96 0h22.4c6.4 0 12.8-6.4 12.8-12.8V204.8c0-6.4-6.4-12.8-12.8-12.8h-22.4c-6.4 0-12.8 6.4-12.8 12.8v134.4c0 6.4 6.4 12.8 12.8 12.8zM496 400H48V80c0-8.84-7.16-16-16-16H16C7.16 64 0 71.16 0 80v336c0 17.67 14.33 32 32 32h464c8.84 0 16-7.16 16-16v-16c0-8.84-7.16-16-16-16zm-387.2-48h22.4c6.4 0 12.8-6.4 12.8-12.8v-70.4c0-6.4-6.4-12.8-12.8-12.8h-22.4c-6.4 0-12.8 6.4-12.8 12.8v70.4c0 6.4 6.4 12.8 12.8 12.8z\" class=\"\"><\/path><\/svg><\/i> <img loading=\"lazy\" decoding=\"async\" width=\"16\" height=\"16\" alt=\"Loading\" src=\"https:\/\/temucotelevision.cl\/web\/wp-content\/plugins\/page-views-count\/ajax-loader-2x.gif\" border=0 \/><\/p>\n<div class=\"pvc_clear\"><\/div>\n<p>PDI desarticula estructura criminal dedicada al tr\u00e1fico de cannabis en Temuco:&nbsp;trasladaban la droga desde la zona norte del pa\u00eds. Cerca<\/p>\n","protected":false},"author":1,"featured_media":52164,"comment_status":"open","ping_status":"open","sticky":false,"template":"","format":"standard","meta":{"colormag_page_container_layout":"default_layout","colormag_page_sidebar_layout":"default_layout","footnotes":""},"categories":[16],"tags":[],"class_list":["post-52163","post","type-post","status-publish","format-standard","has-post-thumbnail","hentry","category-policial"],"a3_pvc":{"activated":true,"total_views":4792,"today_views":0},"_links":{"self":[{"href":"https:\/\/temucotelevision.cl\/web\/wp-json\/wp\/v2\/posts\/52163","targetHints":{"allow":["GET"]}}],"collection":[{"href":"https:\/\/temucotelevision.cl\/web\/wp-json\/wp\/v2\/posts"}],"about":[{"href":"https:\/\/temucotelevision.cl\/web\/wp-json\/wp\/v2\/types\/post"}],"author":[{"embeddable":true,"href":"https:\/\/temucotelevision.cl\/web\/wp-json\/wp\/v2\/users\/1"}],"replies":[{"embeddable":true,"href":"https:\/\/temucotelevision.cl\/web\/wp-json\/wp\/v2\/comments?post=52163"}],"version-history":[{"count":2,"href":"https:\/\/temucotelevision.cl\/web\/wp-json\/wp\/v2\/posts\/52163\/revisions"}],"predecessor-version":[{"id":52166,"href":"https:\/\/temucotelevision.cl\/web\/wp-json\/wp\/v2\/posts\/52163\/revisions\/52166"}],"wp:featuredmedia":[{"embeddable":true,"href":"https:\/\/temucotelevision.cl\/web\/wp-json\/wp\/v2\/media\/52164"}],"wp:attachment":[{"href":"https:\/\/temucotelevision.cl\/web\/wp-json\/wp\/v2\/media?parent=52163"}],"wp:term":[{"taxonomy":"category","embeddable":true,"href":"https:\/\/temucotelevision.cl\/web\/wp-json\/wp\/v2\/categories?post=52163"},{"taxonomy":"post_tag","embeddable":true,"href":"https:\/\/temucotelevision.cl\/web\/wp-json\/wp\/v2\/tags?post=52163"}],"curies":[{"name":"wp","href":"https:\/\/api.w.org\/{rel}","templated":true}]}}