{"id":52159,"date":"2024-08-26T23:03:35","date_gmt":"2024-08-27T02:03:35","guid":{"rendered":"https:\/\/temucotelevision.cl\/web\/?p=52159"},"modified":"2024-08-26T23:03:36","modified_gmt":"2024-08-27T02:03:36","slug":"documental-de-la-uct-resalta-el-potencial-del-macrosector-pedro-de-valdivia","status":"publish","type":"post","link":"https:\/\/temucotelevision.cl\/web\/2024\/08\/26\/documental-de-la-uct-resalta-el-potencial-del-macrosector-pedro-de-valdivia\/","title":{"rendered":"Documental de la UCT resalta el potencial del macrosector Pedro de Valdivia"},"content":{"rendered":"<div class=\"pvc_clear\"><\/div><p id=\"pvc_stats_52159\" class=\"pvc_stats total_only  \" data-element-id=\"52159\" style=\"\"><i class=\"pvc-stats-icon large\" aria-hidden=\"true\"><svg aria-hidden=\"true\" focusable=\"false\" data-prefix=\"far\" data-icon=\"chart-bar\" role=\"img\" xmlns=\"http:\/\/www.w3.org\/2000\/svg\" viewBox=\"0 0 512 512\" class=\"svg-inline--fa fa-chart-bar fa-w-16 fa-2x\"><path fill=\"currentColor\" d=\"M396.8 352h22.4c6.4 0 12.8-6.4 12.8-12.8V108.8c0-6.4-6.4-12.8-12.8-12.8h-22.4c-6.4 0-12.8 6.4-12.8 12.8v230.4c0 6.4 6.4 12.8 12.8 12.8zm-192 0h22.4c6.4 0 12.8-6.4 12.8-12.8V140.8c0-6.4-6.4-12.8-12.8-12.8h-22.4c-6.4 0-12.8 6.4-12.8 12.8v198.4c0 6.4 6.4 12.8 12.8 12.8zm96 0h22.4c6.4 0 12.8-6.4 12.8-12.8V204.8c0-6.4-6.4-12.8-12.8-12.8h-22.4c-6.4 0-12.8 6.4-12.8 12.8v134.4c0 6.4 6.4 12.8 12.8 12.8zM496 400H48V80c0-8.84-7.16-16-16-16H16C7.16 64 0 71.16 0 80v336c0 17.67 14.33 32 32 32h464c8.84 0 16-7.16 16-16v-16c0-8.84-7.16-16-16-16zm-387.2-48h22.4c6.4 0 12.8-6.4 12.8-12.8v-70.4c0-6.4-6.4-12.8-12.8-12.8h-22.4c-6.4 0-12.8 6.4-12.8 12.8v70.4c0 6.4 6.4 12.8 12.8 12.8z\" class=\"\"><\/path><\/svg><\/i> <img loading=\"lazy\" decoding=\"async\" width=\"16\" height=\"16\" alt=\"Loading\" src=\"https:\/\/temucotelevision.cl\/web\/wp-content\/plugins\/page-views-count\/ajax-loader-2x.gif\" border=0 \/><\/p><div class=\"pvc_clear\"><\/div>\n<p><em>El evento cont\u00f3 con la presencia de autoridades de la casa de estudios y una alta participaci\u00f3n de dirigentes vecinales que fueron clave en la producci\u00f3n audiovisual.<\/em><\/p>\n\n\n\n<p>En el Campus San Francisco de la UCT se llev\u00f3 a cabo el lanzamiento del Documental \u201cPedro de Valdivia: Historias y sue\u00f1os\u201d, parte del proyecto colaborativo interdisciplinario del mismo nombre.<\/p>\n\n\n\n<p>Dicho proyecto es una articulaci\u00f3n entre distintas entidades tales como la UCT, la Municipalidad de Temuco y representantes territoriales de la comunidad, quienes disponen de iniciativas con el fin de incrementar el patrimonio sociocultural del macrosector comunal, y as\u00ed propiciar el rescate de sus riquezas y oportunidades para su gente.<\/p>\n\n\n\n<p>Al respecto, el rector de la UCT, Dr. Aliro B\u00f3rquez, sostuvo que este documental da cuenta<em>&nbsp;\u201cde lo que queremos como universidad. Nosotros dentro de nuestras funciones sustantivas tenemos el formar a personas, hacer investigaciones relevantes para las demandas que tienen los territorios y un llamado muy especial, en c\u00f3mo nos vinculamos con el territorio, el interpretar sus demandas para que desde las capacidades instaladas en la universidad podamos resolver y aportar o construir el conjunto soluciones\u201d.<\/em><\/p>\n\n\n\n<p>Parte de este mismo proyecto, en el mes de diciembre, contempl\u00f3 la certificaci\u00f3n de un total de 27 dirigentes del sector fueron gracias a su participaci\u00f3n en la Escuela de Formaci\u00f3n para la Gesti\u00f3n Local y el Liderazgo Territorial ejecutado por la UC Temuco, con el objetivo de potenciar sus habilidades.&nbsp;<\/p>\n\n\n\n<p>Virginia Fuentealba, dirigenta vecinal y&nbsp;coordinadora de la mesa de trabajo del proyecto, coment\u00f3 su satisfacci\u00f3n respecto a la iniciativa:&nbsp;<em>\u201cvaloro este material audiovisual de sobremanera porque nos ayuda a cambiar un poco la percepci\u00f3n que se pueda tener del macrosector Pedro de Valdivia. Ayuda a mirarlo de una forma m\u00e1s amigable y suaviza un poco la fachada del territorio\u201d.<\/em><\/p>\n\n\n\n<figure class=\"wp-block-image size-large\"><img loading=\"lazy\" decoding=\"async\" width=\"1000\" height=\"667\" src=\"https:\/\/temucotelevision.cl\/web\/wp-content\/uploads\/2024\/08\/PDV2-1000x667.jpg\" alt=\"\" class=\"wp-image-52161\" srcset=\"https:\/\/temucotelevision.cl\/web\/wp-content\/uploads\/2024\/08\/PDV2-1000x667.jpg 1000w, https:\/\/temucotelevision.cl\/web\/wp-content\/uploads\/2024\/08\/PDV2-768x513.jpg 768w, https:\/\/temucotelevision.cl\/web\/wp-content\/uploads\/2024\/08\/PDV2-1536x1025.jpg 1536w, https:\/\/temucotelevision.cl\/web\/wp-content\/uploads\/2024\/08\/PDV2.jpg 2048w\" sizes=\"auto, (max-width: 1000px) 100vw, 1000px\" \/><\/figure>\n\n\n\n<p><strong>Compromiso p\u00fablico&nbsp;<\/strong><\/p>\n\n\n\n<p>Finalmente, sobre el trabajo coordinado el decano de la Facultad de Ciencias Sociales y Humanidades, Juan Carlos Arellano, indic\u00f3 que&nbsp;<em>\u201ceste es un proyecto emblem\u00e1tico de la facultad debido a que tenemos un conjunto acad\u00e9mico de Trabajo Social, Sociolog\u00eda y Administraci\u00f3n P\u00fablica que trabaja en este territorio y que ha buscado crear una relaci\u00f3n de confianza, de apoyo rec\u00edproco para enfrentar los problemas y las demandas. A su vez, tratamos de aportar y contribuir desde la universidad, tanto con la formaci\u00f3n como con este tipo de productos, como el documental que reci\u00e9n vimos\u201d.<\/em><\/p>\n\n\n\n<p>El rector B\u00f3rquez, agreg\u00f3 que la sensaci\u00f3n de orgullo&nbsp;<em>\u201cde estar colaborando en este proyecto y con los dirigentes, que les hayamos entregado herramientas que les permitan desenvolverse de mejor manera en su territorio y en sus comunidades. Para nosotros es un compromiso muy importante, ya que un gran porcentaje de nuestros estudiantes son de ese sector, por lo tanto, tambi\u00e9n tenemos una doble responsabilidad con ustedes y con quienes habitan Pedro de Valdivia\u201d.<\/em><\/p>\n\n\n\n<p>El documental&nbsp;\u201cPedro de Valdivia: Historias y sue\u00f1os\u201d, est\u00e1 disponible completo y puede ser visto de manera gratuita en el canal de&nbsp;<em>youtube<\/em>&nbsp;de la casa de estudios UC Temuco.&nbsp;<\/p>\n\n\n\n<figure class=\"wp-block-embed is-type-video is-provider-youtube wp-block-embed-youtube wp-embed-aspect-16-9 wp-has-aspect-ratio\"><div class=\"wp-block-embed__wrapper\">\n<div class=\"epyt-video-wrapper\"><iframe loading=\"lazy\"  id=\"_ytid_18358\"  width=\"800\" height=\"450\"  data-origwidth=\"800\" data-origheight=\"450\" src=\"https:\/\/www.youtube.com\/embed\/aakQtDxwVZ4?enablejsapi=1&#038;autoplay=0&#038;cc_load_policy=0&#038;cc_lang_pref=&#038;iv_load_policy=1&#038;loop=0&#038;rel=1&#038;fs=1&#038;playsinline=0&#038;autohide=2&#038;theme=dark&#038;color=red&#038;controls=1&#038;disablekb=0&#038;\" class=\"__youtube_prefs__  epyt-is-override  no-lazyload\" title=\"YouTube player\"  allow=\"fullscreen; accelerometer; autoplay; clipboard-write; encrypted-media; gyroscope; picture-in-picture; web-share\" referrerpolicy=\"strict-origin-when-cross-origin\" allowfullscreen data-no-lazy=\"1\" data-skipgform_ajax_framebjll=\"\"><\/iframe><\/div>\n<\/div><\/figure>\n\n\n\n<p><\/p>\n\n\n\n<p><\/p>\n","protected":false},"excerpt":{"rendered":"<div class=\"pvc_clear\"><\/div>\n<p id=\"pvc_stats_52159\" class=\"pvc_stats total_only  \" data-element-id=\"52159\" style=\"\"><i class=\"pvc-stats-icon large\" aria-hidden=\"true\"><svg aria-hidden=\"true\" focusable=\"false\" data-prefix=\"far\" data-icon=\"chart-bar\" role=\"img\" xmlns=\"http:\/\/www.w3.org\/2000\/svg\" viewBox=\"0 0 512 512\" class=\"svg-inline--fa fa-chart-bar fa-w-16 fa-2x\"><path fill=\"currentColor\" d=\"M396.8 352h22.4c6.4 0 12.8-6.4 12.8-12.8V108.8c0-6.4-6.4-12.8-12.8-12.8h-22.4c-6.4 0-12.8 6.4-12.8 12.8v230.4c0 6.4 6.4 12.8 12.8 12.8zm-192 0h22.4c6.4 0 12.8-6.4 12.8-12.8V140.8c0-6.4-6.4-12.8-12.8-12.8h-22.4c-6.4 0-12.8 6.4-12.8 12.8v198.4c0 6.4 6.4 12.8 12.8 12.8zm96 0h22.4c6.4 0 12.8-6.4 12.8-12.8V204.8c0-6.4-6.4-12.8-12.8-12.8h-22.4c-6.4 0-12.8 6.4-12.8 12.8v134.4c0 6.4 6.4 12.8 12.8 12.8zM496 400H48V80c0-8.84-7.16-16-16-16H16C7.16 64 0 71.16 0 80v336c0 17.67 14.33 32 32 32h464c8.84 0 16-7.16 16-16v-16c0-8.84-7.16-16-16-16zm-387.2-48h22.4c6.4 0 12.8-6.4 12.8-12.8v-70.4c0-6.4-6.4-12.8-12.8-12.8h-22.4c-6.4 0-12.8 6.4-12.8 12.8v70.4c0 6.4 6.4 12.8 12.8 12.8z\" class=\"\"><\/path><\/svg><\/i> <img loading=\"lazy\" decoding=\"async\" width=\"16\" height=\"16\" alt=\"Loading\" src=\"https:\/\/temucotelevision.cl\/web\/wp-content\/plugins\/page-views-count\/ajax-loader-2x.gif\" border=0 \/><\/p>\n<div class=\"pvc_clear\"><\/div>\n<p>El evento cont\u00f3 con la presencia de autoridades de la casa de estudios y una alta participaci\u00f3n de dirigentes vecinales<\/p>\n","protected":false},"author":1,"featured_media":52160,"comment_status":"open","ping_status":"open","sticky":false,"template":"","format":"standard","meta":{"colormag_page_container_layout":"default_layout","colormag_page_sidebar_layout":"default_layout","footnotes":""},"categories":[14],"tags":[498],"class_list":["post-52159","post","type-post","status-publish","format-standard","has-post-thumbnail","hentry","category-temuco","tag-avenida-pedro-de-valdivia"],"a3_pvc":{"activated":true,"total_views":2866,"today_views":0},"_links":{"self":[{"href":"https:\/\/temucotelevision.cl\/web\/wp-json\/wp\/v2\/posts\/52159","targetHints":{"allow":["GET"]}}],"collection":[{"href":"https:\/\/temucotelevision.cl\/web\/wp-json\/wp\/v2\/posts"}],"about":[{"href":"https:\/\/temucotelevision.cl\/web\/wp-json\/wp\/v2\/types\/post"}],"author":[{"embeddable":true,"href":"https:\/\/temucotelevision.cl\/web\/wp-json\/wp\/v2\/users\/1"}],"replies":[{"embeddable":true,"href":"https:\/\/temucotelevision.cl\/web\/wp-json\/wp\/v2\/comments?post=52159"}],"version-history":[{"count":1,"href":"https:\/\/temucotelevision.cl\/web\/wp-json\/wp\/v2\/posts\/52159\/revisions"}],"predecessor-version":[{"id":52162,"href":"https:\/\/temucotelevision.cl\/web\/wp-json\/wp\/v2\/posts\/52159\/revisions\/52162"}],"wp:featuredmedia":[{"embeddable":true,"href":"https:\/\/temucotelevision.cl\/web\/wp-json\/wp\/v2\/media\/52160"}],"wp:attachment":[{"href":"https:\/\/temucotelevision.cl\/web\/wp-json\/wp\/v2\/media?parent=52159"}],"wp:term":[{"taxonomy":"category","embeddable":true,"href":"https:\/\/temucotelevision.cl\/web\/wp-json\/wp\/v2\/categories?post=52159"},{"taxonomy":"post_tag","embeddable":true,"href":"https:\/\/temucotelevision.cl\/web\/wp-json\/wp\/v2\/tags?post=52159"}],"curies":[{"name":"wp","href":"https:\/\/api.w.org\/{rel}","templated":true}]}}