{"id":52156,"date":"2024-08-26T22:45:21","date_gmt":"2024-08-27T01:45:21","guid":{"rendered":"https:\/\/temucotelevision.cl\/web\/?p=52156"},"modified":"2024-08-26T22:45:21","modified_gmt":"2024-08-27T01:45:21","slug":"exito-total-segunda-version-de-la-ruta-del-kuel-de-lumaco-congrego-a-miles-de-visitantes","status":"publish","type":"post","link":"https:\/\/temucotelevision.cl\/web\/2024\/08\/26\/exito-total-segunda-version-de-la-ruta-del-kuel-de-lumaco-congrego-a-miles-de-visitantes\/","title":{"rendered":"\u00c9xito total: Segunda versi\u00f3n de la \u201cRuta del Kuel\u201d de Lumaco congreg\u00f3 a miles de visitantes"},"content":{"rendered":"<div class=\"pvc_clear\"><\/div><p id=\"pvc_stats_52156\" class=\"pvc_stats total_only  \" data-element-id=\"52156\" style=\"\"><i class=\"pvc-stats-icon large\" aria-hidden=\"true\"><svg aria-hidden=\"true\" focusable=\"false\" data-prefix=\"far\" data-icon=\"chart-bar\" role=\"img\" xmlns=\"http:\/\/www.w3.org\/2000\/svg\" viewBox=\"0 0 512 512\" class=\"svg-inline--fa fa-chart-bar fa-w-16 fa-2x\"><path fill=\"currentColor\" d=\"M396.8 352h22.4c6.4 0 12.8-6.4 12.8-12.8V108.8c0-6.4-6.4-12.8-12.8-12.8h-22.4c-6.4 0-12.8 6.4-12.8 12.8v230.4c0 6.4 6.4 12.8 12.8 12.8zm-192 0h22.4c6.4 0 12.8-6.4 12.8-12.8V140.8c0-6.4-6.4-12.8-12.8-12.8h-22.4c-6.4 0-12.8 6.4-12.8 12.8v198.4c0 6.4 6.4 12.8 12.8 12.8zm96 0h22.4c6.4 0 12.8-6.4 12.8-12.8V204.8c0-6.4-6.4-12.8-12.8-12.8h-22.4c-6.4 0-12.8 6.4-12.8 12.8v134.4c0 6.4 6.4 12.8 12.8 12.8zM496 400H48V80c0-8.84-7.16-16-16-16H16C7.16 64 0 71.16 0 80v336c0 17.67 14.33 32 32 32h464c8.84 0 16-7.16 16-16v-16c0-8.84-7.16-16-16-16zm-387.2-48h22.4c6.4 0 12.8-6.4 12.8-12.8v-70.4c0-6.4-6.4-12.8-12.8-12.8h-22.4c-6.4 0-12.8 6.4-12.8 12.8v70.4c0 6.4 6.4 12.8 12.8 12.8z\" class=\"\"><\/path><\/svg><\/i> <img loading=\"lazy\" decoding=\"async\" width=\"16\" height=\"16\" alt=\"Loading\" src=\"https:\/\/temucotelevision.cl\/web\/wp-content\/plugins\/page-views-count\/ajax-loader-2x.gif\" border=0 \/><\/p><div class=\"pvc_clear\"><\/div>\n<p><strong>Con una gran cantidad de turistas y visitantes se llev\u00f3 a cabo este evento en el sector de Buta Rincon el que tuvo actividades recreativas, recorridos y lo mejor de la gastronom\u00eda mapuche, el que fue catalogado como todo un \u00e9xito por el alcalde Richard Leonelli Contreras.<\/strong><\/p>\n\n\n\n<p>Lumaco se convirti\u00f3 durante el reciente fin de semana, en la capital del turismo de La Araucan\u00eda, gracias a la exitosa segunda versi\u00f3n de la \u201cRuta del Kuel\u201d, realizada en el sector de Buta Rincon.<\/p>\n\n\n\n<p>Miles de personas llegaron hasta el sector norte de la comuna para participar de este evento donde se realiz\u00f3 un recorrido guiado por los distintos kueles -linderos mapuche de piedra y barro- en una caminata que se extendi\u00f3 hasta el sector de la Isla Catrileo.<\/p>\n\n\n\n<p>Pero eso no fue todo porque en este \u00faltimo sector se emplazaron 37 stands con artesan\u00edas, gastronom\u00eda y varias novedades para los visitantes, en un evento que organiz\u00f3 la municipalidad junto a cuatro comunidades en este caso: Isla Catrileo que preside Ram\u00f3n Lleubul, Buta Rinc\u00f3n liderada por Domingo Paillama, la comunidad Jos\u00e9 Luis Paillal\u00ed de San Gerardo que encabeza Jos\u00e9 Avelino Paillal\u00ed y Francisco Huircaleo de Rucayeco que preside Domingo Huircaleo, quienes fueron reconocidos por el alcalde Richard Leonelli Contreras.<\/p>\n\n\n\n<p>Tambi\u00e9n se desarrollaron actividades deportivas para los asistentes en las que pudieron participar e interactuar y la gran novedad fueron los recorridos en wampo, antiguas embarcaciones en las que se movilizaban los integrantes de las comunidades.<\/p>\n\n\n\n<p>Para cerrar, Colelo Identidad Mapuche, deleit\u00f3 con lo mejor de su repertorio, para cerrar una jornada especial y en la que Lumaco vuelve a demostrar que es una de las comunas que est\u00e1 desarrollando el turismo en diferentes polos gracias a la triculturalidad que la caracteriza.<\/p>\n\n\n\n<p>El alcalde Richard Leonelli Contreras, agradeci\u00f3 la multitudinaria presencia que tuvo esta segunda versi\u00f3n de la \u201cRuta del Kuel\u201d, junto con indicar que seguir\u00e1n sumando iniciativas para fomentar el turismo.<\/p>\n\n\n\n<p>\u201cEstamos realmente felices por esta gran actividad, en la que tuvimos visitantes de distintas partes del pa\u00eds, donde pudimos reconocer a nuestros dirigentes y vivimos una verdadera fiesta donde se vivi\u00f3 con entusiasmo y variadas sorpresas que los asistentes pudieron disfrutar y que nos deja la vara alta para las pr\u00f3ximas ediciones de este evento\u201d, indic\u00f3 la autoridad comunal.<\/p>\n\n\n\n<p>De esta forma la segunda versi\u00f3n de la \u201cRuta del Kuel\u201d, se tom\u00f3 el turismo de La Araucan\u00eda con la participaci\u00f3n de las comunidades mapuche de la comuna de Lumaco.<\/p>\n","protected":false},"excerpt":{"rendered":"<div class=\"pvc_clear\"><\/div>\n<p id=\"pvc_stats_52156\" class=\"pvc_stats total_only  \" data-element-id=\"52156\" style=\"\"><i class=\"pvc-stats-icon large\" aria-hidden=\"true\"><svg aria-hidden=\"true\" focusable=\"false\" data-prefix=\"far\" data-icon=\"chart-bar\" role=\"img\" xmlns=\"http:\/\/www.w3.org\/2000\/svg\" viewBox=\"0 0 512 512\" class=\"svg-inline--fa fa-chart-bar fa-w-16 fa-2x\"><path fill=\"currentColor\" d=\"M396.8 352h22.4c6.4 0 12.8-6.4 12.8-12.8V108.8c0-6.4-6.4-12.8-12.8-12.8h-22.4c-6.4 0-12.8 6.4-12.8 12.8v230.4c0 6.4 6.4 12.8 12.8 12.8zm-192 0h22.4c6.4 0 12.8-6.4 12.8-12.8V140.8c0-6.4-6.4-12.8-12.8-12.8h-22.4c-6.4 0-12.8 6.4-12.8 12.8v198.4c0 6.4 6.4 12.8 12.8 12.8zm96 0h22.4c6.4 0 12.8-6.4 12.8-12.8V204.8c0-6.4-6.4-12.8-12.8-12.8h-22.4c-6.4 0-12.8 6.4-12.8 12.8v134.4c0 6.4 6.4 12.8 12.8 12.8zM496 400H48V80c0-8.84-7.16-16-16-16H16C7.16 64 0 71.16 0 80v336c0 17.67 14.33 32 32 32h464c8.84 0 16-7.16 16-16v-16c0-8.84-7.16-16-16-16zm-387.2-48h22.4c6.4 0 12.8-6.4 12.8-12.8v-70.4c0-6.4-6.4-12.8-12.8-12.8h-22.4c-6.4 0-12.8 6.4-12.8 12.8v70.4c0 6.4 6.4 12.8 12.8 12.8z\" class=\"\"><\/path><\/svg><\/i> <img loading=\"lazy\" decoding=\"async\" width=\"16\" height=\"16\" alt=\"Loading\" src=\"https:\/\/temucotelevision.cl\/web\/wp-content\/plugins\/page-views-count\/ajax-loader-2x.gif\" border=0 \/><\/p>\n<div class=\"pvc_clear\"><\/div>\n<p>Con una gran cantidad de turistas y visitantes se llev\u00f3 a cabo este evento en el sector de Buta Rincon<\/p>\n","protected":false},"author":1,"featured_media":52157,"comment_status":"open","ping_status":"open","sticky":false,"template":"","format":"standard","meta":{"colormag_page_container_layout":"default_layout","colormag_page_sidebar_layout":"default_layout","footnotes":""},"categories":[86],"tags":[],"class_list":["post-52156","post","type-post","status-publish","format-standard","has-post-thumbnail","hentry","category-panoramas"],"a3_pvc":{"activated":true,"total_views":1121,"today_views":0},"_links":{"self":[{"href":"https:\/\/temucotelevision.cl\/web\/wp-json\/wp\/v2\/posts\/52156","targetHints":{"allow":["GET"]}}],"collection":[{"href":"https:\/\/temucotelevision.cl\/web\/wp-json\/wp\/v2\/posts"}],"about":[{"href":"https:\/\/temucotelevision.cl\/web\/wp-json\/wp\/v2\/types\/post"}],"author":[{"embeddable":true,"href":"https:\/\/temucotelevision.cl\/web\/wp-json\/wp\/v2\/users\/1"}],"replies":[{"embeddable":true,"href":"https:\/\/temucotelevision.cl\/web\/wp-json\/wp\/v2\/comments?post=52156"}],"version-history":[{"count":1,"href":"https:\/\/temucotelevision.cl\/web\/wp-json\/wp\/v2\/posts\/52156\/revisions"}],"predecessor-version":[{"id":52158,"href":"https:\/\/temucotelevision.cl\/web\/wp-json\/wp\/v2\/posts\/52156\/revisions\/52158"}],"wp:featuredmedia":[{"embeddable":true,"href":"https:\/\/temucotelevision.cl\/web\/wp-json\/wp\/v2\/media\/52157"}],"wp:attachment":[{"href":"https:\/\/temucotelevision.cl\/web\/wp-json\/wp\/v2\/media?parent=52156"}],"wp:term":[{"taxonomy":"category","embeddable":true,"href":"https:\/\/temucotelevision.cl\/web\/wp-json\/wp\/v2\/categories?post=52156"},{"taxonomy":"post_tag","embeddable":true,"href":"https:\/\/temucotelevision.cl\/web\/wp-json\/wp\/v2\/tags?post=52156"}],"curies":[{"name":"wp","href":"https:\/\/api.w.org\/{rel}","templated":true}]}}