{"id":52153,"date":"2024-08-26T18:52:54","date_gmt":"2024-08-26T21:52:54","guid":{"rendered":"https:\/\/temucotelevision.cl\/web\/?p=52153"},"modified":"2024-08-26T18:52:54","modified_gmt":"2024-08-26T21:52:54","slug":"fonderos-de-temuco-reciben-permiso-oficial-para-celebrar-fiestas-patrias-en-tradicional-espacio-de-calle-prat","status":"publish","type":"post","link":"https:\/\/temucotelevision.cl\/web\/2024\/08\/26\/fonderos-de-temuco-reciben-permiso-oficial-para-celebrar-fiestas-patrias-en-tradicional-espacio-de-calle-prat\/","title":{"rendered":"Fonderos de Temuco reciben permiso oficial para celebrar Fiestas Patrias en tradicional espacio de calle Prat"},"content":{"rendered":"<div class=\"pvc_clear\"><\/div><p id=\"pvc_stats_52153\" class=\"pvc_stats total_only  \" data-element-id=\"52153\" style=\"\"><i class=\"pvc-stats-icon large\" aria-hidden=\"true\"><svg aria-hidden=\"true\" focusable=\"false\" data-prefix=\"far\" data-icon=\"chart-bar\" role=\"img\" xmlns=\"http:\/\/www.w3.org\/2000\/svg\" viewBox=\"0 0 512 512\" class=\"svg-inline--fa fa-chart-bar fa-w-16 fa-2x\"><path fill=\"currentColor\" d=\"M396.8 352h22.4c6.4 0 12.8-6.4 12.8-12.8V108.8c0-6.4-6.4-12.8-12.8-12.8h-22.4c-6.4 0-12.8 6.4-12.8 12.8v230.4c0 6.4 6.4 12.8 12.8 12.8zm-192 0h22.4c6.4 0 12.8-6.4 12.8-12.8V140.8c0-6.4-6.4-12.8-12.8-12.8h-22.4c-6.4 0-12.8 6.4-12.8 12.8v198.4c0 6.4 6.4 12.8 12.8 12.8zm96 0h22.4c6.4 0 12.8-6.4 12.8-12.8V204.8c0-6.4-6.4-12.8-12.8-12.8h-22.4c-6.4 0-12.8 6.4-12.8 12.8v134.4c0 6.4 6.4 12.8 12.8 12.8zM496 400H48V80c0-8.84-7.16-16-16-16H16C7.16 64 0 71.16 0 80v336c0 17.67 14.33 32 32 32h464c8.84 0 16-7.16 16-16v-16c0-8.84-7.16-16-16-16zm-387.2-48h22.4c6.4 0 12.8-6.4 12.8-12.8v-70.4c0-6.4-6.4-12.8-12.8-12.8h-22.4c-6.4 0-12.8 6.4-12.8 12.8v70.4c0 6.4 6.4 12.8 12.8 12.8z\" class=\"\"><\/path><\/svg><\/i> <img loading=\"lazy\" decoding=\"async\" width=\"16\" height=\"16\" alt=\"Loading\" src=\"https:\/\/temucotelevision.cl\/web\/wp-content\/plugins\/page-views-count\/ajax-loader-2x.gif\" border=0 \/><\/p><div class=\"pvc_clear\"><\/div>\n<p><strong>\u2022&nbsp;&nbsp;&nbsp;&nbsp;&nbsp;&nbsp;&nbsp;&nbsp;&nbsp;&nbsp; Las conversaciones y reuniones realizadas con antelaci\u00f3n llegaron a buen puerto y la agrupaci\u00f3n cuenta con el permiso para utilizar el espacio de calle Prat para la semana de festividades patrias.<\/strong><\/p>\n\n\n\n<p>Resta menos de un mes para que comiencen las tan anheladas Fiestas Patrias y Bienes Nacionales de La Araucan\u00eda entreg\u00f3 la primera buena noticia a la agrupaci\u00f3n de Fonderos de Temuco, al entregar el permiso para que durante los d\u00edas de festividad se emplacen las tradicionales ramadas y stands.<\/p>\n\n\n\n<p>La Seremi \u00c1mbar Castro Mart\u00ednez junto a la presidenta de esta agrupaci\u00f3n, Ana Romero, firmaron las actas, que permiten utilizar un espacio de aproximadamente 8.200 metros cuadrados ubicados al final de calle Prat de Temuco, para que se pueda utilizar en los d\u00edas de celebraci\u00f3n.<\/p>\n\n\n\n<p>Gracias a este acto administrativo, los Fonderos desde ahora ya cuentan con el respaldo de tener un espacio f\u00edsico lo que les permitir\u00e1 recurrir a otras instituciones para solicitar los permisos correspondientes para as\u00ed vivir todo lo que corresponde a las Fiestas Patrias.<\/p>\n\n\n\n<p>Ana Romero como presidenta de la agrupaci\u00f3n, agradeci\u00f3 a la Seremi de Bienes Nacionales que las conversaciones y todas las reuniones, se sellar\u00e1n con este acuerdo y as\u00ed dar vida a lo que ser\u00e1n estos d\u00edas de festejos.<\/p>\n\n\n\n<p>\u201cBueno esto es uno de los primeros pasos que debemos tener para poder realizar la fiesta y gestionar con los dem\u00e1s departamentos para llevarla a cabo. Con esto ya gestionamos todo lo dem\u00e1s\u201d, indic\u00f3 Ana Romero.<\/p>\n\n\n\n<p>Por su parte la Seremi de Bienes Nacionales de La Araucan\u00eda, \u00c1mbar Castro Mart\u00ednez, indic\u00f3 que se trabaj\u00f3 de manera r\u00e1pida para dar con celeridad una respuesta y as\u00ed permitir que este colectivo prepare como se debe estas fiestas.<\/p>\n\n\n\n<p>\u201cComo Bienes Nacionales estamos contentos de ser parte de las tradiciones de Chile, es as\u00ed que entregamos este permiso de ocupaci\u00f3n del terreno de calle Prat en Temuco, para que sea ocupado por esta agrupaci\u00f3n y as\u00ed se instalen las tradicionales ramadas, todo con la antelaci\u00f3n respectiva para que se prepare de la mejor manera\u201d, puntualiz\u00f3 Castro.<\/p>\n\n\n\n<p>Desde la agrupaci\u00f3n indicaron que en el espacio en los que les fue otorgado el permiso se emplazar\u00e1n 4 ramadas, 5 cociner\u00edas, 8 locales de ventas de productos, 4 espacios de juegos t\u00edpicos, 25 stands de artesan\u00edas y servicios sanitarios.<\/p>\n","protected":false},"excerpt":{"rendered":"<div class=\"pvc_clear\"><\/div>\n<p id=\"pvc_stats_52153\" class=\"pvc_stats total_only  \" data-element-id=\"52153\" style=\"\"><i class=\"pvc-stats-icon large\" aria-hidden=\"true\"><svg aria-hidden=\"true\" focusable=\"false\" data-prefix=\"far\" data-icon=\"chart-bar\" role=\"img\" xmlns=\"http:\/\/www.w3.org\/2000\/svg\" viewBox=\"0 0 512 512\" class=\"svg-inline--fa fa-chart-bar fa-w-16 fa-2x\"><path fill=\"currentColor\" d=\"M396.8 352h22.4c6.4 0 12.8-6.4 12.8-12.8V108.8c0-6.4-6.4-12.8-12.8-12.8h-22.4c-6.4 0-12.8 6.4-12.8 12.8v230.4c0 6.4 6.4 12.8 12.8 12.8zm-192 0h22.4c6.4 0 12.8-6.4 12.8-12.8V140.8c0-6.4-6.4-12.8-12.8-12.8h-22.4c-6.4 0-12.8 6.4-12.8 12.8v198.4c0 6.4 6.4 12.8 12.8 12.8zm96 0h22.4c6.4 0 12.8-6.4 12.8-12.8V204.8c0-6.4-6.4-12.8-12.8-12.8h-22.4c-6.4 0-12.8 6.4-12.8 12.8v134.4c0 6.4 6.4 12.8 12.8 12.8zM496 400H48V80c0-8.84-7.16-16-16-16H16C7.16 64 0 71.16 0 80v336c0 17.67 14.33 32 32 32h464c8.84 0 16-7.16 16-16v-16c0-8.84-7.16-16-16-16zm-387.2-48h22.4c6.4 0 12.8-6.4 12.8-12.8v-70.4c0-6.4-6.4-12.8-12.8-12.8h-22.4c-6.4 0-12.8 6.4-12.8 12.8v70.4c0 6.4 6.4 12.8 12.8 12.8z\" class=\"\"><\/path><\/svg><\/i> <img loading=\"lazy\" decoding=\"async\" width=\"16\" height=\"16\" alt=\"Loading\" src=\"https:\/\/temucotelevision.cl\/web\/wp-content\/plugins\/page-views-count\/ajax-loader-2x.gif\" border=0 \/><\/p>\n<div class=\"pvc_clear\"><\/div>\n<p>\u2022&nbsp;&nbsp;&nbsp;&nbsp;&nbsp;&nbsp;&nbsp;&nbsp;&nbsp;&nbsp; Las conversaciones y reuniones realizadas con antelaci\u00f3n llegaron a buen puerto y la agrupaci\u00f3n cuenta con el permiso para<\/p>\n","protected":false},"author":1,"featured_media":52154,"comment_status":"open","ping_status":"open","sticky":false,"template":"","format":"standard","meta":{"colormag_page_container_layout":"default_layout","colormag_page_sidebar_layout":"default_layout","footnotes":""},"categories":[14],"tags":[],"class_list":["post-52153","post","type-post","status-publish","format-standard","has-post-thumbnail","hentry","category-temuco"],"a3_pvc":{"activated":true,"total_views":2574,"today_views":0},"_links":{"self":[{"href":"https:\/\/temucotelevision.cl\/web\/wp-json\/wp\/v2\/posts\/52153","targetHints":{"allow":["GET"]}}],"collection":[{"href":"https:\/\/temucotelevision.cl\/web\/wp-json\/wp\/v2\/posts"}],"about":[{"href":"https:\/\/temucotelevision.cl\/web\/wp-json\/wp\/v2\/types\/post"}],"author":[{"embeddable":true,"href":"https:\/\/temucotelevision.cl\/web\/wp-json\/wp\/v2\/users\/1"}],"replies":[{"embeddable":true,"href":"https:\/\/temucotelevision.cl\/web\/wp-json\/wp\/v2\/comments?post=52153"}],"version-history":[{"count":1,"href":"https:\/\/temucotelevision.cl\/web\/wp-json\/wp\/v2\/posts\/52153\/revisions"}],"predecessor-version":[{"id":52155,"href":"https:\/\/temucotelevision.cl\/web\/wp-json\/wp\/v2\/posts\/52153\/revisions\/52155"}],"wp:featuredmedia":[{"embeddable":true,"href":"https:\/\/temucotelevision.cl\/web\/wp-json\/wp\/v2\/media\/52154"}],"wp:attachment":[{"href":"https:\/\/temucotelevision.cl\/web\/wp-json\/wp\/v2\/media?parent=52153"}],"wp:term":[{"taxonomy":"category","embeddable":true,"href":"https:\/\/temucotelevision.cl\/web\/wp-json\/wp\/v2\/categories?post=52153"},{"taxonomy":"post_tag","embeddable":true,"href":"https:\/\/temucotelevision.cl\/web\/wp-json\/wp\/v2\/tags?post=52153"}],"curies":[{"name":"wp","href":"https:\/\/api.w.org\/{rel}","templated":true}]}}