{"id":52150,"date":"2024-08-26T18:48:56","date_gmt":"2024-08-26T21:48:56","guid":{"rendered":"https:\/\/temucotelevision.cl\/web\/?p=52150"},"modified":"2024-08-26T22:00:08","modified_gmt":"2024-08-27T01:00:08","slug":"diputado-jorge-rathgeb-llama-al-gobierno-a-no-perder-el-foco-en-los-hechos-de-violencia-tras-nuevo-ataque-incendiario-en-collipulli","status":"publish","type":"post","link":"https:\/\/temucotelevision.cl\/web\/2024\/08\/26\/diputado-jorge-rathgeb-llama-al-gobierno-a-no-perder-el-foco-en-los-hechos-de-violencia-tras-nuevo-ataque-incendiario-en-collipulli\/","title":{"rendered":"Diputado Jorge Rathgeb llama al Gobierno a no perder el foco en los hechos de violencia tras nuevo ataque incendiario en Collipulli"},"content":{"rendered":"<div class=\"pvc_clear\"><\/div><p id=\"pvc_stats_52150\" class=\"pvc_stats total_only  \" data-element-id=\"52150\" style=\"\"><i class=\"pvc-stats-icon large\" aria-hidden=\"true\"><svg aria-hidden=\"true\" focusable=\"false\" data-prefix=\"far\" data-icon=\"chart-bar\" role=\"img\" xmlns=\"http:\/\/www.w3.org\/2000\/svg\" viewBox=\"0 0 512 512\" class=\"svg-inline--fa fa-chart-bar fa-w-16 fa-2x\"><path fill=\"currentColor\" d=\"M396.8 352h22.4c6.4 0 12.8-6.4 12.8-12.8V108.8c0-6.4-6.4-12.8-12.8-12.8h-22.4c-6.4 0-12.8 6.4-12.8 12.8v230.4c0 6.4 6.4 12.8 12.8 12.8zm-192 0h22.4c6.4 0 12.8-6.4 12.8-12.8V140.8c0-6.4-6.4-12.8-12.8-12.8h-22.4c-6.4 0-12.8 6.4-12.8 12.8v198.4c0 6.4 6.4 12.8 12.8 12.8zm96 0h22.4c6.4 0 12.8-6.4 12.8-12.8V204.8c0-6.4-6.4-12.8-12.8-12.8h-22.4c-6.4 0-12.8 6.4-12.8 12.8v134.4c0 6.4 6.4 12.8 12.8 12.8zM496 400H48V80c0-8.84-7.16-16-16-16H16C7.16 64 0 71.16 0 80v336c0 17.67 14.33 32 32 32h464c8.84 0 16-7.16 16-16v-16c0-8.84-7.16-16-16-16zm-387.2-48h22.4c6.4 0 12.8-6.4 12.8-12.8v-70.4c0-6.4-6.4-12.8-12.8-12.8h-22.4c-6.4 0-12.8 6.4-12.8 12.8v70.4c0 6.4 6.4 12.8 12.8 12.8z\" class=\"\"><\/path><\/svg><\/i> <img loading=\"lazy\" decoding=\"async\" width=\"16\" height=\"16\" alt=\"Loading\" src=\"https:\/\/temucotelevision.cl\/web\/wp-content\/plugins\/page-views-count\/ajax-loader-2x.gif\" border=0 \/><\/p><div class=\"pvc_clear\"><\/div>\n<p><strong>El parlamentario se\u00f1al\u00f3 que las autoridades tienen que tomar en cuenta que estos hechos se seguir\u00e1n dando en la medida en que no se apliquen medidas m\u00e1s severas y dr\u00e1sticas.<\/strong><\/p>\n\n\n\n<p>Un cami\u00f3n forestal result\u00f3 destruido en Collipulli luego que el conductor de la m\u00e1quina fuera interceptado por encapuchados que procedieron a amenazarlo con armas para bajar del m\u00f3vil.<\/p>\n\n\n\n<p>El diputado de Renovaci\u00f3n Nacional por La Araucan\u00eda y presidente regional de la colectividad, Jorge Rathgeb Schifferli, llam\u00f3 al Gobierno a no perder el foco ante esta clase de incidentes, considerando que estos se seguir\u00e1n dando si se baja la guardia en torno a las medidas de seguridad.<\/p>\n\n\n\n<p>Rathgeb precis\u00f3 que si bien es cierto los hechos han registrado un descenso, el celebrar esto y decir que pr\u00e1cticamente los incidentes han desaparecido es hacerles un favor a los delincuentes.<\/p>\n\n\n\n<p>El parlamentario coment\u00f3 que el Gobierno debe acentuar las medidas que permitan otorgar mayor tranquilidad a los trabajadores y a sus familias, caso contrario ac\u00e1 puede existir una nueva ola de violencia.<\/p>\n\n\n\n<p>\u201cEl Gobierno celebra porque supuestamente el grado de violencia en La Araucan\u00eda ha disminuido, sin embargo estos hechos demuestran lo contrario, aqu\u00ed las autoridades deben ser m\u00e1s severas, m\u00e1s estrictas, deben actuar m\u00e1s derechamente respecto a este tema, a fin de que las fuentes laborales se mantengan en la regi\u00f3n, no siga aumentando la cesant\u00eda y aumenten las oportunidades de quienes viven en La Araucan\u00eda\u201d, remarc\u00f3 el diputado por La Araucan\u00eda.<\/p>\n\n\n\n<p>El congresista indic\u00f3 que se tiene que avanzar en la agenda proseguridad y que en esta no s\u00f3lo se debe tener a Santiago como la \u00fanica ciudad en d\u00f3nde ocurren actos delictuales.<\/p>\n","protected":false},"excerpt":{"rendered":"<div class=\"pvc_clear\"><\/div>\n<p id=\"pvc_stats_52150\" class=\"pvc_stats total_only  \" data-element-id=\"52150\" style=\"\"><i class=\"pvc-stats-icon large\" aria-hidden=\"true\"><svg aria-hidden=\"true\" focusable=\"false\" data-prefix=\"far\" data-icon=\"chart-bar\" role=\"img\" xmlns=\"http:\/\/www.w3.org\/2000\/svg\" viewBox=\"0 0 512 512\" class=\"svg-inline--fa fa-chart-bar fa-w-16 fa-2x\"><path fill=\"currentColor\" d=\"M396.8 352h22.4c6.4 0 12.8-6.4 12.8-12.8V108.8c0-6.4-6.4-12.8-12.8-12.8h-22.4c-6.4 0-12.8 6.4-12.8 12.8v230.4c0 6.4 6.4 12.8 12.8 12.8zm-192 0h22.4c6.4 0 12.8-6.4 12.8-12.8V140.8c0-6.4-6.4-12.8-12.8-12.8h-22.4c-6.4 0-12.8 6.4-12.8 12.8v198.4c0 6.4 6.4 12.8 12.8 12.8zm96 0h22.4c6.4 0 12.8-6.4 12.8-12.8V204.8c0-6.4-6.4-12.8-12.8-12.8h-22.4c-6.4 0-12.8 6.4-12.8 12.8v134.4c0 6.4 6.4 12.8 12.8 12.8zM496 400H48V80c0-8.84-7.16-16-16-16H16C7.16 64 0 71.16 0 80v336c0 17.67 14.33 32 32 32h464c8.84 0 16-7.16 16-16v-16c0-8.84-7.16-16-16-16zm-387.2-48h22.4c6.4 0 12.8-6.4 12.8-12.8v-70.4c0-6.4-6.4-12.8-12.8-12.8h-22.4c-6.4 0-12.8 6.4-12.8 12.8v70.4c0 6.4 6.4 12.8 12.8 12.8z\" class=\"\"><\/path><\/svg><\/i> <img loading=\"lazy\" decoding=\"async\" width=\"16\" height=\"16\" alt=\"Loading\" src=\"https:\/\/temucotelevision.cl\/web\/wp-content\/plugins\/page-views-count\/ajax-loader-2x.gif\" border=0 \/><\/p>\n<div class=\"pvc_clear\"><\/div>\n<p>El parlamentario se\u00f1al\u00f3 que las autoridades tienen que tomar en cuenta que estos hechos se seguir\u00e1n dando en la medida<\/p>\n","protected":false},"author":1,"featured_media":52151,"comment_status":"open","ping_status":"open","sticky":false,"template":"","format":"standard","meta":{"colormag_page_container_layout":"default_layout","colormag_page_sidebar_layout":"default_layout","footnotes":""},"categories":[15],"tags":[],"class_list":["post-52150","post","type-post","status-publish","format-standard","has-post-thumbnail","hentry","category-la-araucania"],"a3_pvc":{"activated":true,"total_views":3192,"today_views":0},"_links":{"self":[{"href":"https:\/\/temucotelevision.cl\/web\/wp-json\/wp\/v2\/posts\/52150","targetHints":{"allow":["GET"]}}],"collection":[{"href":"https:\/\/temucotelevision.cl\/web\/wp-json\/wp\/v2\/posts"}],"about":[{"href":"https:\/\/temucotelevision.cl\/web\/wp-json\/wp\/v2\/types\/post"}],"author":[{"embeddable":true,"href":"https:\/\/temucotelevision.cl\/web\/wp-json\/wp\/v2\/users\/1"}],"replies":[{"embeddable":true,"href":"https:\/\/temucotelevision.cl\/web\/wp-json\/wp\/v2\/comments?post=52150"}],"version-history":[{"count":1,"href":"https:\/\/temucotelevision.cl\/web\/wp-json\/wp\/v2\/posts\/52150\/revisions"}],"predecessor-version":[{"id":52152,"href":"https:\/\/temucotelevision.cl\/web\/wp-json\/wp\/v2\/posts\/52150\/revisions\/52152"}],"wp:featuredmedia":[{"embeddable":true,"href":"https:\/\/temucotelevision.cl\/web\/wp-json\/wp\/v2\/media\/52151"}],"wp:attachment":[{"href":"https:\/\/temucotelevision.cl\/web\/wp-json\/wp\/v2\/media?parent=52150"}],"wp:term":[{"taxonomy":"category","embeddable":true,"href":"https:\/\/temucotelevision.cl\/web\/wp-json\/wp\/v2\/categories?post=52150"},{"taxonomy":"post_tag","embeddable":true,"href":"https:\/\/temucotelevision.cl\/web\/wp-json\/wp\/v2\/tags?post=52150"}],"curies":[{"name":"wp","href":"https:\/\/api.w.org\/{rel}","templated":true}]}}