{"id":52144,"date":"2024-08-24T00:18:37","date_gmt":"2024-08-24T03:18:37","guid":{"rendered":"https:\/\/temucotelevision.cl\/web\/?p=52144"},"modified":"2024-08-24T00:18:39","modified_gmt":"2024-08-24T03:18:39","slug":"senador-bianchi-apoya-eventual-acusacion-constitucional-contra-ministro-matus-y-espera-penas-ejemplificadoras-para-hermosilla","status":"publish","type":"post","link":"https:\/\/temucotelevision.cl\/web\/2024\/08\/24\/senador-bianchi-apoya-eventual-acusacion-constitucional-contra-ministro-matus-y-espera-penas-ejemplificadoras-para-hermosilla\/","title":{"rendered":"Senador Bianchi apoya eventual acusaci\u00f3n constitucional contra ministro Matus y espera penas ejemplificadoras para Hermosilla"},"content":{"rendered":"<div class=\"pvc_clear\"><\/div><p id=\"pvc_stats_52144\" class=\"pvc_stats total_only  \" data-element-id=\"52144\" style=\"\"><i class=\"pvc-stats-icon large\" aria-hidden=\"true\"><svg aria-hidden=\"true\" focusable=\"false\" data-prefix=\"far\" data-icon=\"chart-bar\" role=\"img\" xmlns=\"http:\/\/www.w3.org\/2000\/svg\" viewBox=\"0 0 512 512\" class=\"svg-inline--fa fa-chart-bar fa-w-16 fa-2x\"><path fill=\"currentColor\" d=\"M396.8 352h22.4c6.4 0 12.8-6.4 12.8-12.8V108.8c0-6.4-6.4-12.8-12.8-12.8h-22.4c-6.4 0-12.8 6.4-12.8 12.8v230.4c0 6.4 6.4 12.8 12.8 12.8zm-192 0h22.4c6.4 0 12.8-6.4 12.8-12.8V140.8c0-6.4-6.4-12.8-12.8-12.8h-22.4c-6.4 0-12.8 6.4-12.8 12.8v198.4c0 6.4 6.4 12.8 12.8 12.8zm96 0h22.4c6.4 0 12.8-6.4 12.8-12.8V204.8c0-6.4-6.4-12.8-12.8-12.8h-22.4c-6.4 0-12.8 6.4-12.8 12.8v134.4c0 6.4 6.4 12.8 12.8 12.8zM496 400H48V80c0-8.84-7.16-16-16-16H16C7.16 64 0 71.16 0 80v336c0 17.67 14.33 32 32 32h464c8.84 0 16-7.16 16-16v-16c0-8.84-7.16-16-16-16zm-387.2-48h22.4c6.4 0 12.8-6.4 12.8-12.8v-70.4c0-6.4-6.4-12.8-12.8-12.8h-22.4c-6.4 0-12.8 6.4-12.8 12.8v70.4c0 6.4 6.4 12.8 12.8 12.8z\" class=\"\"><\/path><\/svg><\/i> <img loading=\"lazy\" decoding=\"async\" width=\"16\" height=\"16\" alt=\"Loading\" src=\"https:\/\/temucotelevision.cl\/web\/wp-content\/plugins\/page-views-count\/ajax-loader-2x.gif\" border=0 \/><\/p><div class=\"pvc_clear\"><\/div>\n<p><br><em>El parlamentario de la regi\u00f3n de Magallanes asegur\u00f3 que \u201cHermosilla sab\u00eda perfectamente lo que hac\u00eda y arm\u00f3 una red de poder que en este pa\u00eds no podemos permitir, por ello me parece pertinente una acusaci\u00f3n constitucional para el ministro de la corte suprema, porque este caso se debe investigar hasta llegar a las \u00faltimas consecuencias\u201d.\u00a0<\/em><\/p>\n\n\n\n<p>A prop\u00f3sito de la extensa formalizaci\u00f3n del abogado Luis Hermosilla, Leonarda Villalobos y Luis Angulo por los delitos de soborno, lavado de activos y delitos tributarios, bajo el marco del caso audios. El Senador Karim Bianchi, espera que se otorgue la m\u00e1s alta pena, porque se\u00f1al\u00f3 que \u201cno es posible que este tipo de hechos queden impunes\u201d.&nbsp;<\/p>\n\n\n\n<p>\u201cEl se\u00f1or Luis Hermosilla es un ser despreciable, un delincuente de la peor cala\u00f1a por lo que merece lo peor de la justicia, porque \u00e9l sab\u00eda perfectamente lo que hac\u00eda y arm\u00f3 toda una red de poder que no podemos permitir, por ello esperamos que la justicia haga su trabajo caiga quien caiga. Todos deben caer, ac\u00e1 hay una arista que no ha investigado, como es el tr\u00e1fico de influencia, por ello apoy\u00f3 la Acusaci\u00f3n Constitucional contra el ministro Matus\u201d, se\u00f1al\u00f3. &nbsp;<\/p>\n\n\n\n<p>Asimismo a\u00f1adi\u00f3 \u201choy la justicia est\u00e1 siendo puesta a prueba y espero que no solamente se investiguen los delitos por los que hoy d\u00eda estas personas est\u00e1n siendo formalizadas, sino que tambi\u00e9n por el tr\u00e1fico de influencias, e incluso jueces que han llegado a sentarse en cargos de poder, pol\u00edticos que a\u00fan est\u00e1n y que han estado como por ejemplo el se\u00f1or Chadwick\u201d.<\/p>\n\n\n\n<p>Finalmente Bianchi se\u00f1al\u00f3 \u201choy d\u00eda la ciudadan\u00eda quiere respuestas, porque queremos que el pa\u00eds se limpie, se barra de toda esta escoria delincuencial como los Hermosilla, yo creo que no solamente hay uno involucrado, sino que hay m\u00e1s de uno y tenemos que acabar con todas esas malas pr\u00e1cticas, para hacer un mejor Chile\u201d.<\/p>\n","protected":false},"excerpt":{"rendered":"<div class=\"pvc_clear\"><\/div>\n<p id=\"pvc_stats_52144\" class=\"pvc_stats total_only  \" data-element-id=\"52144\" style=\"\"><i class=\"pvc-stats-icon large\" aria-hidden=\"true\"><svg aria-hidden=\"true\" focusable=\"false\" data-prefix=\"far\" data-icon=\"chart-bar\" role=\"img\" xmlns=\"http:\/\/www.w3.org\/2000\/svg\" viewBox=\"0 0 512 512\" class=\"svg-inline--fa fa-chart-bar fa-w-16 fa-2x\"><path fill=\"currentColor\" d=\"M396.8 352h22.4c6.4 0 12.8-6.4 12.8-12.8V108.8c0-6.4-6.4-12.8-12.8-12.8h-22.4c-6.4 0-12.8 6.4-12.8 12.8v230.4c0 6.4 6.4 12.8 12.8 12.8zm-192 0h22.4c6.4 0 12.8-6.4 12.8-12.8V140.8c0-6.4-6.4-12.8-12.8-12.8h-22.4c-6.4 0-12.8 6.4-12.8 12.8v198.4c0 6.4 6.4 12.8 12.8 12.8zm96 0h22.4c6.4 0 12.8-6.4 12.8-12.8V204.8c0-6.4-6.4-12.8-12.8-12.8h-22.4c-6.4 0-12.8 6.4-12.8 12.8v134.4c0 6.4 6.4 12.8 12.8 12.8zM496 400H48V80c0-8.84-7.16-16-16-16H16C7.16 64 0 71.16 0 80v336c0 17.67 14.33 32 32 32h464c8.84 0 16-7.16 16-16v-16c0-8.84-7.16-16-16-16zm-387.2-48h22.4c6.4 0 12.8-6.4 12.8-12.8v-70.4c0-6.4-6.4-12.8-12.8-12.8h-22.4c-6.4 0-12.8 6.4-12.8 12.8v70.4c0 6.4 6.4 12.8 12.8 12.8z\" class=\"\"><\/path><\/svg><\/i> <img loading=\"lazy\" decoding=\"async\" width=\"16\" height=\"16\" alt=\"Loading\" src=\"https:\/\/temucotelevision.cl\/web\/wp-content\/plugins\/page-views-count\/ajax-loader-2x.gif\" border=0 \/><\/p>\n<div class=\"pvc_clear\"><\/div>\n<p>El parlamentario de la regi\u00f3n de Magallanes asegur\u00f3 que \u201cHermosilla sab\u00eda perfectamente lo que hac\u00eda y arm\u00f3 una red de<\/p>\n","protected":false},"author":1,"featured_media":52145,"comment_status":"open","ping_status":"open","sticky":false,"template":"","format":"standard","meta":{"colormag_page_container_layout":"default_layout","colormag_page_sidebar_layout":"default_layout","footnotes":""},"categories":[84],"tags":[],"class_list":["post-52144","post","type-post","status-publish","format-standard","has-post-thumbnail","hentry","category-politica"],"a3_pvc":{"activated":true,"total_views":3157,"today_views":0},"_links":{"self":[{"href":"https:\/\/temucotelevision.cl\/web\/wp-json\/wp\/v2\/posts\/52144","targetHints":{"allow":["GET"]}}],"collection":[{"href":"https:\/\/temucotelevision.cl\/web\/wp-json\/wp\/v2\/posts"}],"about":[{"href":"https:\/\/temucotelevision.cl\/web\/wp-json\/wp\/v2\/types\/post"}],"author":[{"embeddable":true,"href":"https:\/\/temucotelevision.cl\/web\/wp-json\/wp\/v2\/users\/1"}],"replies":[{"embeddable":true,"href":"https:\/\/temucotelevision.cl\/web\/wp-json\/wp\/v2\/comments?post=52144"}],"version-history":[{"count":1,"href":"https:\/\/temucotelevision.cl\/web\/wp-json\/wp\/v2\/posts\/52144\/revisions"}],"predecessor-version":[{"id":52146,"href":"https:\/\/temucotelevision.cl\/web\/wp-json\/wp\/v2\/posts\/52144\/revisions\/52146"}],"wp:featuredmedia":[{"embeddable":true,"href":"https:\/\/temucotelevision.cl\/web\/wp-json\/wp\/v2\/media\/52145"}],"wp:attachment":[{"href":"https:\/\/temucotelevision.cl\/web\/wp-json\/wp\/v2\/media?parent=52144"}],"wp:term":[{"taxonomy":"category","embeddable":true,"href":"https:\/\/temucotelevision.cl\/web\/wp-json\/wp\/v2\/categories?post=52144"},{"taxonomy":"post_tag","embeddable":true,"href":"https:\/\/temucotelevision.cl\/web\/wp-json\/wp\/v2\/tags?post=52144"}],"curies":[{"name":"wp","href":"https:\/\/api.w.org\/{rel}","templated":true}]}}