{"id":52141,"date":"2024-08-23T23:56:21","date_gmt":"2024-08-24T02:56:21","guid":{"rendered":"https:\/\/temucotelevision.cl\/web\/?p=52141"},"modified":"2024-08-24T00:06:57","modified_gmt":"2024-08-24T03:06:57","slug":"miles-de-vacantes-disponibles-para-jovenes-en-la-feria-laboral-virtual-mas-grande-de-latinoamerica","status":"publish","type":"post","link":"https:\/\/temucotelevision.cl\/web\/2024\/08\/23\/miles-de-vacantes-disponibles-para-jovenes-en-la-feria-laboral-virtual-mas-grande-de-latinoamerica\/","title":{"rendered":"Miles de vacantes disponibles para j\u00f3venes en la feria laboral virtual m\u00e1s grande de Latinoam\u00e9rica"},"content":{"rendered":"<div class=\"pvc_clear\"><\/div><p id=\"pvc_stats_52141\" class=\"pvc_stats total_only  \" data-element-id=\"52141\" style=\"\"><i class=\"pvc-stats-icon large\" aria-hidden=\"true\"><svg aria-hidden=\"true\" focusable=\"false\" data-prefix=\"far\" data-icon=\"chart-bar\" role=\"img\" xmlns=\"http:\/\/www.w3.org\/2000\/svg\" viewBox=\"0 0 512 512\" class=\"svg-inline--fa fa-chart-bar fa-w-16 fa-2x\"><path fill=\"currentColor\" d=\"M396.8 352h22.4c6.4 0 12.8-6.4 12.8-12.8V108.8c0-6.4-6.4-12.8-12.8-12.8h-22.4c-6.4 0-12.8 6.4-12.8 12.8v230.4c0 6.4 6.4 12.8 12.8 12.8zm-192 0h22.4c6.4 0 12.8-6.4 12.8-12.8V140.8c0-6.4-6.4-12.8-12.8-12.8h-22.4c-6.4 0-12.8 6.4-12.8 12.8v198.4c0 6.4 6.4 12.8 12.8 12.8zm96 0h22.4c6.4 0 12.8-6.4 12.8-12.8V204.8c0-6.4-6.4-12.8-12.8-12.8h-22.4c-6.4 0-12.8 6.4-12.8 12.8v134.4c0 6.4 6.4 12.8 12.8 12.8zM496 400H48V80c0-8.84-7.16-16-16-16H16C7.16 64 0 71.16 0 80v336c0 17.67 14.33 32 32 32h464c8.84 0 16-7.16 16-16v-16c0-8.84-7.16-16-16-16zm-387.2-48h22.4c6.4 0 12.8-6.4 12.8-12.8v-70.4c0-6.4-6.4-12.8-12.8-12.8h-22.4c-6.4 0-12.8 6.4-12.8 12.8v70.4c0 6.4 6.4 12.8 12.8 12.8z\" class=\"\"><\/path><\/svg><\/i> <img loading=\"lazy\" decoding=\"async\" width=\"16\" height=\"16\" alt=\"Loading\" src=\"https:\/\/temucotelevision.cl\/web\/wp-content\/plugins\/page-views-count\/ajax-loader-2x.gif\" border=0 \/><\/p><div class=\"pvc_clear\"><\/div>\n<ul class=\"wp-block-list\">\n<li>Esta actividad se enmarca en el \u201cIX Encuentro por los J\u00f3venes de la Alianza del Pac\u00edfico\u201d, organizado por Nestl\u00e9 y que busca abordar el desempleo en este segmento, en un contexto donde\u00a0<em>en Chile, de acuerdo con las cifras entregadas por el Instituto Nacional de la Juventud (INJUV), la tasa de desempleo juvenil alcanz\u00f3 el 14,4%.<\/em><\/li>\n<\/ul>\n\n\n\n<p>Entre el 6 y el 8 de septiembre se realizar\u00e1 la Feria Laboral Virtual m\u00e1s grande de Latinoam\u00e9rica, con m\u00e1s de 110 empresas que esperan convocar a m\u00e1s de 400 mil j\u00f3venes de la regi\u00f3n.\u00a0<\/p>\n\n\n\n<p>De esta manera, a trav\u00e9s de una plataforma virtual y gratuita, los j\u00f3venes podr\u00e1n acceder y postular a vacantes de distintos rubros y sectores productivos. Se dispondr\u00e1n de cientos de puestos de trabajo por parte de empresas regionales y nacionales de M\u00e9xico, Colombia, Per\u00fa y Chile, como Nestl\u00e9, Banco de Chile y Cencosud, entre otras.&nbsp;<\/p>\n\n\n\n<p>La iniciativa cobra especial relevancia considerando el alto \u00edndice de desempleo juvenil en Latinoam\u00e9rica. S\u00f3lo en Chile, de acuerdo con las cifras entregadas por el Instituto Nacional de la Juventud (INJUV), la tasa de desempleo juvenil alcanz\u00f3 el 14,4%, casi el doble de la tasa nacional de desempleo. Por otro lado, los j\u00f3venes que no estudian ni trabajan llegaron a un 6,9% en el trimestre marzo-mayo de 2024.<\/p>\n\n\n\n<p>Cabe destacar que la feria contar\u00e1 adem\u00e1s con estaciones virtuales para impulsar la empleabilidad juvenil, ofreciendo c\u00e1psulas de aprendizaje vinculadas a digitalizaci\u00f3n e innovaci\u00f3n, as\u00ed como a talleres y capacitaciones virtuales con tem\u00e1ticas como comunicaci\u00f3n efectiva, presentaciones de impacto, mentalidad de crecimiento e innovaci\u00f3n, gesti\u00f3n emocional y habilidades del futuro, entre otras.<\/p>\n\n\n\n<p>\u201c<em>En Nestl\u00e9 creemos firmemente en el talento juvenil y tenemos un compromiso real con el impulso de la empleabilidad en este segmento. La Feria Laboral Virtual no solo brinda oportunidades de trabajo, sino que tambi\u00e9n espacios para el aprendizaje y el crecimiento, preparando a los pr\u00f3ximos l\u00edderes y contribuyendo al desarrollo futuro de nuestra regi\u00f3n\u201d<\/em>, explic\u00f3 el director de Recursos Humanos de Nestl\u00e9 Chile, Juan Esteban Dulcic.<\/p>\n\n\n\n<p>Esta feria laboral es la etapa previa al \u201cIX Encuentro por los J\u00f3venes de la Alianza del Pac\u00edfico\u201d, que se llevar\u00e1 a cabo el 23 de octubre en Chile, actividad que se realiza anualmente desde 2016 y que este a\u00f1o se centra en la digitalizaci\u00f3n e innovaci\u00f3n para mejorar la empleabilidad y el emprendimiento juvenil.&nbsp;<\/p>\n\n\n\n<p>Las inscripciones a la Feria Laboral Virtual se pueden realizar en&nbsp;<a href=\"https:\/\/www.jovenesnestle.cl\/creadores-del-cambio\">https:\/\/www.jovenesnestle.cl\/creadores-del-cambio<\/a><\/p>\n","protected":false},"excerpt":{"rendered":"<div class=\"pvc_clear\"><\/div>\n<p id=\"pvc_stats_52141\" class=\"pvc_stats total_only  \" data-element-id=\"52141\" style=\"\"><i class=\"pvc-stats-icon large\" aria-hidden=\"true\"><svg aria-hidden=\"true\" focusable=\"false\" data-prefix=\"far\" data-icon=\"chart-bar\" role=\"img\" xmlns=\"http:\/\/www.w3.org\/2000\/svg\" viewBox=\"0 0 512 512\" class=\"svg-inline--fa fa-chart-bar fa-w-16 fa-2x\"><path fill=\"currentColor\" d=\"M396.8 352h22.4c6.4 0 12.8-6.4 12.8-12.8V108.8c0-6.4-6.4-12.8-12.8-12.8h-22.4c-6.4 0-12.8 6.4-12.8 12.8v230.4c0 6.4 6.4 12.8 12.8 12.8zm-192 0h22.4c6.4 0 12.8-6.4 12.8-12.8V140.8c0-6.4-6.4-12.8-12.8-12.8h-22.4c-6.4 0-12.8 6.4-12.8 12.8v198.4c0 6.4 6.4 12.8 12.8 12.8zm96 0h22.4c6.4 0 12.8-6.4 12.8-12.8V204.8c0-6.4-6.4-12.8-12.8-12.8h-22.4c-6.4 0-12.8 6.4-12.8 12.8v134.4c0 6.4 6.4 12.8 12.8 12.8zM496 400H48V80c0-8.84-7.16-16-16-16H16C7.16 64 0 71.16 0 80v336c0 17.67 14.33 32 32 32h464c8.84 0 16-7.16 16-16v-16c0-8.84-7.16-16-16-16zm-387.2-48h22.4c6.4 0 12.8-6.4 12.8-12.8v-70.4c0-6.4-6.4-12.8-12.8-12.8h-22.4c-6.4 0-12.8 6.4-12.8 12.8v70.4c0 6.4 6.4 12.8 12.8 12.8z\" class=\"\"><\/path><\/svg><\/i> <img loading=\"lazy\" decoding=\"async\" width=\"16\" height=\"16\" alt=\"Loading\" src=\"https:\/\/temucotelevision.cl\/web\/wp-content\/plugins\/page-views-count\/ajax-loader-2x.gif\" border=0 \/><\/p>\n<div class=\"pvc_clear\"><\/div>\n<p>Entre el 6 y el 8 de septiembre se realizar\u00e1 la Feria Laboral Virtual m\u00e1s grande de Latinoam\u00e9rica, con m\u00e1s<\/p>\n","protected":false},"author":1,"featured_media":52142,"comment_status":"open","ping_status":"open","sticky":false,"template":"","format":"standard","meta":{"colormag_page_container_layout":"default_layout","colormag_page_sidebar_layout":"default_layout","footnotes":""},"categories":[6973],"tags":[257],"class_list":["post-52141","post","type-post","status-publish","format-standard","has-post-thumbnail","hentry","category-tecnologia","tag-feria"],"a3_pvc":{"activated":true,"total_views":2183,"today_views":0},"_links":{"self":[{"href":"https:\/\/temucotelevision.cl\/web\/wp-json\/wp\/v2\/posts\/52141","targetHints":{"allow":["GET"]}}],"collection":[{"href":"https:\/\/temucotelevision.cl\/web\/wp-json\/wp\/v2\/posts"}],"about":[{"href":"https:\/\/temucotelevision.cl\/web\/wp-json\/wp\/v2\/types\/post"}],"author":[{"embeddable":true,"href":"https:\/\/temucotelevision.cl\/web\/wp-json\/wp\/v2\/users\/1"}],"replies":[{"embeddable":true,"href":"https:\/\/temucotelevision.cl\/web\/wp-json\/wp\/v2\/comments?post=52141"}],"version-history":[{"count":1,"href":"https:\/\/temucotelevision.cl\/web\/wp-json\/wp\/v2\/posts\/52141\/revisions"}],"predecessor-version":[{"id":52143,"href":"https:\/\/temucotelevision.cl\/web\/wp-json\/wp\/v2\/posts\/52141\/revisions\/52143"}],"wp:featuredmedia":[{"embeddable":true,"href":"https:\/\/temucotelevision.cl\/web\/wp-json\/wp\/v2\/media\/52142"}],"wp:attachment":[{"href":"https:\/\/temucotelevision.cl\/web\/wp-json\/wp\/v2\/media?parent=52141"}],"wp:term":[{"taxonomy":"category","embeddable":true,"href":"https:\/\/temucotelevision.cl\/web\/wp-json\/wp\/v2\/categories?post=52141"},{"taxonomy":"post_tag","embeddable":true,"href":"https:\/\/temucotelevision.cl\/web\/wp-json\/wp\/v2\/tags?post=52141"}],"curies":[{"name":"wp","href":"https:\/\/api.w.org\/{rel}","templated":true}]}}