{"id":52137,"date":"2024-08-23T18:43:55","date_gmt":"2024-08-23T21:43:55","guid":{"rendered":"https:\/\/temucotelevision.cl\/web\/?p=52137"},"modified":"2024-08-23T18:44:16","modified_gmt":"2024-08-23T21:44:16","slug":"victima-estaba-en-una-casa-okupa-pdi-detuvo-a-dos-hombres-por-homicidio-en-angol","status":"publish","type":"post","link":"https:\/\/temucotelevision.cl\/web\/2024\/08\/23\/victima-estaba-en-una-casa-okupa-pdi-detuvo-a-dos-hombres-por-homicidio-en-angol\/","title":{"rendered":"V\u00edctima estaba en una casa \u201cokupa\u201d: PDI detuvo a dos hombres por homicidio en Angol"},"content":{"rendered":"<div class=\"pvc_clear\"><\/div><p id=\"pvc_stats_52137\" class=\"pvc_stats total_only  \" data-element-id=\"52137\" style=\"\"><i class=\"pvc-stats-icon large\" aria-hidden=\"true\"><svg aria-hidden=\"true\" focusable=\"false\" data-prefix=\"far\" data-icon=\"chart-bar\" role=\"img\" xmlns=\"http:\/\/www.w3.org\/2000\/svg\" viewBox=\"0 0 512 512\" class=\"svg-inline--fa fa-chart-bar fa-w-16 fa-2x\"><path fill=\"currentColor\" d=\"M396.8 352h22.4c6.4 0 12.8-6.4 12.8-12.8V108.8c0-6.4-6.4-12.8-12.8-12.8h-22.4c-6.4 0-12.8 6.4-12.8 12.8v230.4c0 6.4 6.4 12.8 12.8 12.8zm-192 0h22.4c6.4 0 12.8-6.4 12.8-12.8V140.8c0-6.4-6.4-12.8-12.8-12.8h-22.4c-6.4 0-12.8 6.4-12.8 12.8v198.4c0 6.4 6.4 12.8 12.8 12.8zm96 0h22.4c6.4 0 12.8-6.4 12.8-12.8V204.8c0-6.4-6.4-12.8-12.8-12.8h-22.4c-6.4 0-12.8 6.4-12.8 12.8v134.4c0 6.4 6.4 12.8 12.8 12.8zM496 400H48V80c0-8.84-7.16-16-16-16H16C7.16 64 0 71.16 0 80v336c0 17.67 14.33 32 32 32h464c8.84 0 16-7.16 16-16v-16c0-8.84-7.16-16-16-16zm-387.2-48h22.4c6.4 0 12.8-6.4 12.8-12.8v-70.4c0-6.4-6.4-12.8-12.8-12.8h-22.4c-6.4 0-12.8 6.4-12.8 12.8v70.4c0 6.4 6.4 12.8 12.8 12.8z\" class=\"\"><\/path><\/svg><\/i> <img loading=\"lazy\" decoding=\"async\" width=\"16\" height=\"16\" alt=\"Loading\" src=\"https:\/\/temucotelevision.cl\/web\/wp-content\/plugins\/page-views-count\/ajax-loader-2x.gif\" border=0 \/><\/p><div class=\"pvc_clear\"><\/div>\n<p>Luego de dos meses de investigaci\u00f3n, detectives de la Brigada de Homicidios (BH) Temuco, en coordinaci\u00f3n con el equipo investigador de homicidios de la Prefectura Provincial Malleco de la PDI, detuvieron, la ma\u00f1ana de hoy -22 de agosto-, a dos hombres chilenos, de 67 y 39 a\u00f1os, por el homicidio de un hombre de 56 a\u00f1os en la comuna de Angol, ocurrido el pasado 19 de junio.<\/p>\n\n\n\n<p>El jefe de la Brigada de Homicidios (BH) Temuco, subprefecto Roberto Barrientos,&nbsp;<\/p>\n\n\n\n<p><a><\/a>Indic\u00f3 que, \u201clos hechos se suscitan cuando al interior de un inmueble, que se encontraba tomado por personas en situaci\u00f3n de calle, ingresan dos sujetos premunidos con armas contusas y cortantes, y proceden a golpear a la v\u00edctima, produci\u00e9ndole una herida cortopunzante en una de sus piernas, caus\u00e1ndole la muerte en el mismo lugar\u201d.<\/p>\n\n\n\n<p>Gracias a la investigaci\u00f3n realizada por personal de la Brigada de Homicidios, \u201cse obtuvo testimonios, as\u00ed como tambi\u00e9n im\u00e1genes que daban cuenta de los hechos y de la participaci\u00f3n de los imputados en el delito investigado\u201d, a\u00f1adi\u00f3 el subprefecto Barrientos.<\/p>\n\n\n\n<p>Cabe se\u00f1alar que ambos imputados tienen un amplio prontuario, con antecedentes policiales por delitos como tr\u00e1fico de drogas en peque\u00f1as cantidades, robo en lugar habitado, robo con fuerza, hurto, lesiones menos graves, robo en bienes nacionales y receptaci\u00f3n, entre otros.<\/p>\n\n\n\n<p>Por instrucci\u00f3n del Ministerio P\u00fablico, los imputados ser\u00e1n puestos a disposici\u00f3n del Juzgado de Garant\u00eda de Angol el d\u00eda de ma\u00f1ana -23 de agosto- para el control de detenci\u00f3n y formalizaci\u00f3n por el delito de homicidio.<\/p>\n","protected":false},"excerpt":{"rendered":"<div class=\"pvc_clear\"><\/div>\n<p id=\"pvc_stats_52137\" class=\"pvc_stats total_only  \" data-element-id=\"52137\" style=\"\"><i class=\"pvc-stats-icon large\" aria-hidden=\"true\"><svg aria-hidden=\"true\" focusable=\"false\" data-prefix=\"far\" data-icon=\"chart-bar\" role=\"img\" xmlns=\"http:\/\/www.w3.org\/2000\/svg\" viewBox=\"0 0 512 512\" class=\"svg-inline--fa fa-chart-bar fa-w-16 fa-2x\"><path fill=\"currentColor\" d=\"M396.8 352h22.4c6.4 0 12.8-6.4 12.8-12.8V108.8c0-6.4-6.4-12.8-12.8-12.8h-22.4c-6.4 0-12.8 6.4-12.8 12.8v230.4c0 6.4 6.4 12.8 12.8 12.8zm-192 0h22.4c6.4 0 12.8-6.4 12.8-12.8V140.8c0-6.4-6.4-12.8-12.8-12.8h-22.4c-6.4 0-12.8 6.4-12.8 12.8v198.4c0 6.4 6.4 12.8 12.8 12.8zm96 0h22.4c6.4 0 12.8-6.4 12.8-12.8V204.8c0-6.4-6.4-12.8-12.8-12.8h-22.4c-6.4 0-12.8 6.4-12.8 12.8v134.4c0 6.4 6.4 12.8 12.8 12.8zM496 400H48V80c0-8.84-7.16-16-16-16H16C7.16 64 0 71.16 0 80v336c0 17.67 14.33 32 32 32h464c8.84 0 16-7.16 16-16v-16c0-8.84-7.16-16-16-16zm-387.2-48h22.4c6.4 0 12.8-6.4 12.8-12.8v-70.4c0-6.4-6.4-12.8-12.8-12.8h-22.4c-6.4 0-12.8 6.4-12.8 12.8v70.4c0 6.4 6.4 12.8 12.8 12.8z\" class=\"\"><\/path><\/svg><\/i> <img loading=\"lazy\" decoding=\"async\" width=\"16\" height=\"16\" alt=\"Loading\" src=\"https:\/\/temucotelevision.cl\/web\/wp-content\/plugins\/page-views-count\/ajax-loader-2x.gif\" border=0 \/><\/p>\n<div class=\"pvc_clear\"><\/div>\n<p>Luego de dos meses de investigaci\u00f3n, detectives de la Brigada de Homicidios (BH) Temuco, en coordinaci\u00f3n con el equipo investigador<\/p>\n","protected":false},"author":1,"featured_media":52138,"comment_status":"open","ping_status":"open","sticky":false,"template":"","format":"standard","meta":{"colormag_page_container_layout":"default_layout","colormag_page_sidebar_layout":"default_layout","footnotes":""},"categories":[16],"tags":[],"class_list":["post-52137","post","type-post","status-publish","format-standard","has-post-thumbnail","hentry","category-policial"],"a3_pvc":{"activated":true,"total_views":2059,"today_views":0},"_links":{"self":[{"href":"https:\/\/temucotelevision.cl\/web\/wp-json\/wp\/v2\/posts\/52137","targetHints":{"allow":["GET"]}}],"collection":[{"href":"https:\/\/temucotelevision.cl\/web\/wp-json\/wp\/v2\/posts"}],"about":[{"href":"https:\/\/temucotelevision.cl\/web\/wp-json\/wp\/v2\/types\/post"}],"author":[{"embeddable":true,"href":"https:\/\/temucotelevision.cl\/web\/wp-json\/wp\/v2\/users\/1"}],"replies":[{"embeddable":true,"href":"https:\/\/temucotelevision.cl\/web\/wp-json\/wp\/v2\/comments?post=52137"}],"version-history":[{"count":1,"href":"https:\/\/temucotelevision.cl\/web\/wp-json\/wp\/v2\/posts\/52137\/revisions"}],"predecessor-version":[{"id":52139,"href":"https:\/\/temucotelevision.cl\/web\/wp-json\/wp\/v2\/posts\/52137\/revisions\/52139"}],"wp:featuredmedia":[{"embeddable":true,"href":"https:\/\/temucotelevision.cl\/web\/wp-json\/wp\/v2\/media\/52138"}],"wp:attachment":[{"href":"https:\/\/temucotelevision.cl\/web\/wp-json\/wp\/v2\/media?parent=52137"}],"wp:term":[{"taxonomy":"category","embeddable":true,"href":"https:\/\/temucotelevision.cl\/web\/wp-json\/wp\/v2\/categories?post=52137"},{"taxonomy":"post_tag","embeddable":true,"href":"https:\/\/temucotelevision.cl\/web\/wp-json\/wp\/v2\/tags?post=52137"}],"curies":[{"name":"wp","href":"https:\/\/api.w.org\/{rel}","templated":true}]}}