{"id":52135,"date":"2024-08-23T18:33:02","date_gmt":"2024-08-23T21:33:02","guid":{"rendered":"https:\/\/temucotelevision.cl\/web\/?p=52135"},"modified":"2024-08-23T18:36:24","modified_gmt":"2024-08-23T21:36:24","slug":"diputado-daniel-melo-llamo-a-reflexionar-al-pc-por-el-fraude-electoral-de-venezuela-y-apoyar-decision-del-presidente-boric","status":"publish","type":"post","link":"https:\/\/temucotelevision.cl\/web\/2024\/08\/23\/diputado-daniel-melo-llamo-a-reflexionar-al-pc-por-el-fraude-electoral-de-venezuela-y-apoyar-decision-del-presidente-boric\/","title":{"rendered":"Diputado Daniel Melo llam\u00f3 a reflexionar al PC por el fraude electoral de Venezuela y apoyar decisi\u00f3n del Presidente Boric\u00a0"},"content":{"rendered":"<div class=\"pvc_clear\"><\/div><p id=\"pvc_stats_52135\" class=\"pvc_stats total_only  \" data-element-id=\"52135\" style=\"\"><i class=\"pvc-stats-icon large\" aria-hidden=\"true\"><svg aria-hidden=\"true\" focusable=\"false\" data-prefix=\"far\" data-icon=\"chart-bar\" role=\"img\" xmlns=\"http:\/\/www.w3.org\/2000\/svg\" viewBox=\"0 0 512 512\" class=\"svg-inline--fa fa-chart-bar fa-w-16 fa-2x\"><path fill=\"currentColor\" d=\"M396.8 352h22.4c6.4 0 12.8-6.4 12.8-12.8V108.8c0-6.4-6.4-12.8-12.8-12.8h-22.4c-6.4 0-12.8 6.4-12.8 12.8v230.4c0 6.4 6.4 12.8 12.8 12.8zm-192 0h22.4c6.4 0 12.8-6.4 12.8-12.8V140.8c0-6.4-6.4-12.8-12.8-12.8h-22.4c-6.4 0-12.8 6.4-12.8 12.8v198.4c0 6.4 6.4 12.8 12.8 12.8zm96 0h22.4c6.4 0 12.8-6.4 12.8-12.8V204.8c0-6.4-6.4-12.8-12.8-12.8h-22.4c-6.4 0-12.8 6.4-12.8 12.8v134.4c0 6.4 6.4 12.8 12.8 12.8zM496 400H48V80c0-8.84-7.16-16-16-16H16C7.16 64 0 71.16 0 80v336c0 17.67 14.33 32 32 32h464c8.84 0 16-7.16 16-16v-16c0-8.84-7.16-16-16-16zm-387.2-48h22.4c6.4 0 12.8-6.4 12.8-12.8v-70.4c0-6.4-6.4-12.8-12.8-12.8h-22.4c-6.4 0-12.8 6.4-12.8 12.8v70.4c0 6.4 6.4 12.8 12.8 12.8z\" class=\"\"><\/path><\/svg><\/i> <img loading=\"lazy\" decoding=\"async\" width=\"16\" height=\"16\" alt=\"Loading\" src=\"https:\/\/temucotelevision.cl\/web\/wp-content\/plugins\/page-views-count\/ajax-loader-2x.gif\" border=0 \/><\/p><div class=\"pvc_clear\"><\/div>\n<p><br><em>El jefe de la bancada de los diputados y diputadas socialistas respald\u00f3 los dichos del Presidente Boric cuestionando la dictadura que ha instalado el r\u00e9gimen de Maduro y llam\u00f3 al PC a reflexionar sin ambig\u00fcedades\u00a0<\/em><\/p>\n\n\n\n<p>El Presidente Gabriel Boric a trav\u00e9s de una publicaci\u00f3n en su cuenta de X cuestion\u00f3 y rechaz\u00f3 la validaci\u00f3n que realiz\u00f3 el Tribunal Supremo de Justicia de Venezuela al r\u00e9gimen de Maduro, situaci\u00f3n que ha sido respaldada por el parlamentario, quien fue enf\u00e1tico en se\u00f1alar que la democracia se debe defender sobre todas las cosas.&nbsp;<\/p>\n\n\n\n<p>\u201cLos socialistas respaldamos la pol\u00edtica exterior del Presidente y rechazamos el fraude electoral y la dictadura que ha impuesto el r\u00e9gimen de Maduro. En la defensa de la democracia y la libertad no existe espacio para ning\u00fan tipo de relativismo, por ello todas las fuerzas pol\u00edticas incluidas las oficialistas deben condenar lo que actualmente sucede en Venezuela y respaldar al Presidente Gabriel Boric\u201d, se\u00f1al\u00f3 Melo&nbsp;<\/p>\n\n\n\n<p>Finalmente sentenci\u00f3 \u201cuno esperar\u00eda que esto fuera as\u00ed por parte de todos los partidos del oficialismo y sin dudas, es un problema que no exista la misma valoraci\u00f3n por la democracia y la defensa irrestricta de los derechos humanos, yo espero, que el PC reflexione sobre estos hechos, sin ambig\u00fcedades, lo que ayudar\u00eda claramente a los desaf\u00edos futuros en estas materias\u201d.<\/p>\n","protected":false},"excerpt":{"rendered":"<div class=\"pvc_clear\"><\/div>\n<p id=\"pvc_stats_52135\" class=\"pvc_stats total_only  \" data-element-id=\"52135\" style=\"\"><i class=\"pvc-stats-icon large\" aria-hidden=\"true\"><svg aria-hidden=\"true\" focusable=\"false\" data-prefix=\"far\" data-icon=\"chart-bar\" role=\"img\" xmlns=\"http:\/\/www.w3.org\/2000\/svg\" viewBox=\"0 0 512 512\" class=\"svg-inline--fa fa-chart-bar fa-w-16 fa-2x\"><path fill=\"currentColor\" d=\"M396.8 352h22.4c6.4 0 12.8-6.4 12.8-12.8V108.8c0-6.4-6.4-12.8-12.8-12.8h-22.4c-6.4 0-12.8 6.4-12.8 12.8v230.4c0 6.4 6.4 12.8 12.8 12.8zm-192 0h22.4c6.4 0 12.8-6.4 12.8-12.8V140.8c0-6.4-6.4-12.8-12.8-12.8h-22.4c-6.4 0-12.8 6.4-12.8 12.8v198.4c0 6.4 6.4 12.8 12.8 12.8zm96 0h22.4c6.4 0 12.8-6.4 12.8-12.8V204.8c0-6.4-6.4-12.8-12.8-12.8h-22.4c-6.4 0-12.8 6.4-12.8 12.8v134.4c0 6.4 6.4 12.8 12.8 12.8zM496 400H48V80c0-8.84-7.16-16-16-16H16C7.16 64 0 71.16 0 80v336c0 17.67 14.33 32 32 32h464c8.84 0 16-7.16 16-16v-16c0-8.84-7.16-16-16-16zm-387.2-48h22.4c6.4 0 12.8-6.4 12.8-12.8v-70.4c0-6.4-6.4-12.8-12.8-12.8h-22.4c-6.4 0-12.8 6.4-12.8 12.8v70.4c0 6.4 6.4 12.8 12.8 12.8z\" class=\"\"><\/path><\/svg><\/i> <img loading=\"lazy\" decoding=\"async\" width=\"16\" height=\"16\" alt=\"Loading\" src=\"https:\/\/temucotelevision.cl\/web\/wp-content\/plugins\/page-views-count\/ajax-loader-2x.gif\" border=0 \/><\/p>\n<div class=\"pvc_clear\"><\/div>\n<p>El jefe de la bancada de los diputados y diputadas socialistas respald\u00f3 los dichos del Presidente Boric cuestionando la dictadura<\/p>\n","protected":false},"author":1,"featured_media":44328,"comment_status":"open","ping_status":"open","sticky":false,"template":"","format":"standard","meta":{"colormag_page_container_layout":"default_layout","colormag_page_sidebar_layout":"default_layout","footnotes":""},"categories":[84],"tags":[],"class_list":["post-52135","post","type-post","status-publish","format-standard","has-post-thumbnail","hentry","category-politica"],"a3_pvc":{"activated":true,"total_views":844,"today_views":0},"_links":{"self":[{"href":"https:\/\/temucotelevision.cl\/web\/wp-json\/wp\/v2\/posts\/52135","targetHints":{"allow":["GET"]}}],"collection":[{"href":"https:\/\/temucotelevision.cl\/web\/wp-json\/wp\/v2\/posts"}],"about":[{"href":"https:\/\/temucotelevision.cl\/web\/wp-json\/wp\/v2\/types\/post"}],"author":[{"embeddable":true,"href":"https:\/\/temucotelevision.cl\/web\/wp-json\/wp\/v2\/users\/1"}],"replies":[{"embeddable":true,"href":"https:\/\/temucotelevision.cl\/web\/wp-json\/wp\/v2\/comments?post=52135"}],"version-history":[{"count":1,"href":"https:\/\/temucotelevision.cl\/web\/wp-json\/wp\/v2\/posts\/52135\/revisions"}],"predecessor-version":[{"id":52136,"href":"https:\/\/temucotelevision.cl\/web\/wp-json\/wp\/v2\/posts\/52135\/revisions\/52136"}],"wp:featuredmedia":[{"embeddable":true,"href":"https:\/\/temucotelevision.cl\/web\/wp-json\/wp\/v2\/media\/44328"}],"wp:attachment":[{"href":"https:\/\/temucotelevision.cl\/web\/wp-json\/wp\/v2\/media?parent=52135"}],"wp:term":[{"taxonomy":"category","embeddable":true,"href":"https:\/\/temucotelevision.cl\/web\/wp-json\/wp\/v2\/categories?post=52135"},{"taxonomy":"post_tag","embeddable":true,"href":"https:\/\/temucotelevision.cl\/web\/wp-json\/wp\/v2\/tags?post=52135"}],"curies":[{"name":"wp","href":"https:\/\/api.w.org\/{rel}","templated":true}]}}